{"id":1515,"date":"2010-09-27T03:30:58","date_gmt":"2010-09-27T06:30:58","guid":{"rendered":"http:\/\/projetocineb.com.br\/?p=1515"},"modified":"2010-09-27T03:30:58","modified_gmt":"2010-09-27T06:30:58","slug":"vila-rica-2","status":"publish","type":"post","link":"https:\/\/projetocineb.com.br\/?p=1515","title":{"rendered":"VILA RICA"},"content":{"rendered":"<p><em>Fotos Vivian Szelpal<\/em><\/p>\n<p>Pela <span style=\"color: #ff6600;\">quinta vez na Associa\u00e7\u00e3o dos Amigos de Vila Rica, zona leste de S\u00e3o Paulo<\/span>, o Cine B exibiu o longa-metragem <em>O casamento de Romeu e Julieta<\/em>. Portanto, uma sess\u00e3o de <span style=\"color: #ff6600;\">muitas risadas<\/span> com esta excelente com\u00e9dia de Bruno Barreto (este filme e <em>Dom\u00e9sticas<\/em>, de Fernando Meirelles, percebi que s\u00e3o os longas que mais prendem aten\u00e7\u00e3o dos espectadores)! Mas tamb\u00e9m neste mesmo evento animado, num dia de chuva forte, houve um momento bastante tocante em que foi <span style=\"color: #ff6600;\">homenageado o senhor Gentil Jos\u00e9 Ribas, que no dia 13 de junho de 2010 deixou a comunidade de Vila Rica sem a sua ilustre presen\u00e7a<\/span>.<\/p>\n<figure id=\"attachment_1528\" aria-describedby=\"caption-attachment-1528\" style=\"width: 384px\" class=\"wp-caption aligncenter\"><a href=\"http:\/\/projetocineb.com.br\/wp-content\/uploads\/2010\/09\/VILARICA12.jpg\"><img fetchpriority=\"high\" decoding=\"async\" class=\"size-full wp-image-1528  \" title=\"170 espectador no Cine B em Vila Rica\" src=\"http:\/\/projetocineb.com.br\/wp-content\/uploads\/2010\/09\/VILARICA12.jpg\" alt=\"170 espectador no Cine B em Vila Rica\" width=\"384\" height=\"255\" \/><\/a><figcaption id=\"caption-attachment-1528\" class=\"wp-caption-text\">120 espectadores no Cine B em Vila Rica<\/figcaption><\/figure>\n<p><span style=\"color: #ff6600;\">Na abertura deste Cine B, Bia Moreno, atual presidente da Associa\u00e7\u00e3o, fez quest\u00e3o de exibir um v\u00eddeo de fotos que ela mesma fez em homenagem ao ilustre ex-presidente da Associa\u00e7\u00e3o.<\/span><\/p>\n<p><span style=\"color: #ff6600;\">\u201cEle me deixou uma \u00f3tima heran\u00e7a, que de t\u00e3o boa fico at\u00e9 com medo de t\u00ea-la nas m\u00e3os. Tentarei seguir seus pa\u00e7os e faz\u00ea-lo muito orgulhoso na continuidade do trabalho que ele fez\u201d, disse Bia antes de exibir o v\u00eddeo.<\/span> Depois da exibi\u00e7\u00e3o, muitas l\u00e1grimas entre os associados, Bia e a dona Ditinha, vi\u00fava de Gentil, que este ano iam comemorar 50 anos de casados e o filho, Marcelo Ribas.<\/p>\n<figure id=\"attachment_1533\" aria-describedby=\"caption-attachment-1533\" style=\"width: 384px\" class=\"wp-caption aligncenter\"><a href=\"http:\/\/projetocineb.com.br\/wp-content\/uploads\/2010\/09\/VILARICA17.jpg\"><img decoding=\"async\" class=\"size-full wp-image-1533  \" title=\"Dona Ditinha ao lado de Cid\u00e1lio Vieira Santos da Brazucah Produ\u00e7\u00f5es e o filho Marcelo\" src=\"http:\/\/projetocineb.com.br\/wp-content\/uploads\/2010\/09\/VILARICA17.jpg\" alt=\"Dona Ditinha ao lado de Cid\u00e1lio Vieira Santos da Brazucah Produ\u00e7\u00f5es e o filho Marcelo\" width=\"384\" height=\"255\" \/><\/a><figcaption id=\"caption-attachment-1533\" class=\"wp-caption-text\">Dona Ditinha ao lado de Cid\u00e1lio Vieira Santos da Brazucah Produ\u00e7\u00f5es e o filho Marcelo Ribas<\/figcaption><\/figure>\n<p>\u201cFoi uma bela homenagem, que me deixou com muita saudade. Depois de Deus, a comunidade era muito importante para ele. Por isso, meu pai ainda \u00e9 meu ponto de refer\u00eancia, quero ser pro meu filho ao menos metade do que ele foi pra mim\u201d, disse Marcelo Ribas.<\/p>\n<p><span style=\"color: #ff6600;\">O senhor Gentil foi uma importante figura na Vila Rica. Atrav\u00e9s de sua lideran\u00e7a que a comunidade hoje desfruta de boa infra-estrutura, al\u00e9m de uma Associa\u00e7\u00e3o sempre atuante com cursos gratuitos, numa sede pr\u00f3pria.<\/span> <a href=\"http:\/\/projetocineb.com.br\/?p=534\" target=\"_blank\">Clique para ler a mat\u00e9ria da \u00faltima exibi\u00e7\u00e3o em Vila Rica.<\/a><\/p>\n<p><strong> <\/strong><\/p>\n<figure id=\"attachment_1532\" aria-describedby=\"caption-attachment-1532\" style=\"width: 384px\" class=\"wp-caption aligncenter\"><a href=\"http:\/\/projetocineb.com.br\/wp-content\/uploads\/2010\/09\/VILARICA16.jpg\"><img decoding=\"async\" class=\"size-full wp-image-1532  \" title=\"Cena do v\u00eddeo exibido em homenagem ao senhor Gentil, com a m\u00fasica Amigo cantada por Milton Nascimento\" src=\"http:\/\/projetocineb.com.br\/wp-content\/uploads\/2010\/09\/VILARICA16.jpg\" alt=\"Cena do v\u00eddeo exibido em homenagem ao senhor Gentil, com a m\u00fasica Amigo cantada por Milton Nascimento\" width=\"384\" height=\"255\" \/><\/a><figcaption id=\"caption-attachment-1532\" class=\"wp-caption-text\">Cena do v\u00eddeo exibido em homenagem ao senhor Gentil, com a m\u00fasica Amigo cantada por Milton Nascimento<\/figcaption><\/figure>\n<p><span style=\"color: #ff6600;\">Por isso, <\/span><span style=\"color: #ff6600;\"><strong>n\u00f3s do Cine B, tamb\u00e9m enviamos nossa singela mensagem ao c\u00e9u, agradecendo por este cidad\u00e3o comprometido com sua comunidade, que viveu e ciente de sua responsabilidade como ser humano<\/strong>. De fato, uma pessoa que deve ser lembrada ainda por muito tempo, para que as novas gera\u00e7\u00f5es de Vila Rica possam se espelhar nesta ilustre figura e prosseguir com a luta social.<\/span><\/p>\n<h2><span style=\"color: #008000;\">VOLTA, POR FAVOR<\/span><\/h2>\n<p><span style=\"color: #008000;\"> <\/span><\/p>\n<figure id=\"attachment_1520\" aria-describedby=\"caption-attachment-1520\" style=\"width: 384px\" class=\"wp-caption aligncenter\"><a href=\"http:\/\/projetocineb.com.br\/wp-content\/uploads\/2010\/09\/VILARICA04.jpg\"><img loading=\"lazy\" decoding=\"async\" class=\"size-full wp-image-1520  \" title=\"\u201cEsta j\u00e1 \u00e9 a terceira vez que venho no Cine B porque gosto muito de ver filmes brasileiro porque entendo melhor as hist\u00f3rias\u201d, disse L\u00e1zara de Castro Silva\" src=\"http:\/\/projetocineb.com.br\/wp-content\/uploads\/2010\/09\/VILARICA04.jpg\" alt=\"\u201cEsta j\u00e1 \u00e9 a terceira vez que venho no Cine B porque gosto muito de ver filmes brasileiro porque entendo melhor as hist\u00f3rias\u201d, disse L\u00e1zara de Castro Silva\" width=\"384\" height=\"255\" \/><\/a><figcaption id=\"caption-attachment-1520\" class=\"wp-caption-text\">\u201cEsta j\u00e1 \u00e9 a terceira vez que venho no Cine B! Gosto muito de filmes brasileiros porque entendo melhor as hist\u00f3rias\u201d, disse L\u00e1zara de Castro Silva<\/figcaption><\/figure>\n<p>N\u00e3o foi uma vez, nem duas, nem tr\u00eas que ouvi isso de algum espectador hoje. Todos os presentes ali\u00e1s, de uma forma ou de outra, davam indiretas para j\u00e1 saber quando seria a pr\u00f3xima exibi\u00e7\u00e3o.<\/p>\n<p><span style=\"color: #ff6600;\">\u201cEu n\u00e3o costumo ir ao cinema, n\u00e3o tenho muita vontade. Vou s\u00f3 no Cine B mesmo porque acho mais gostoso, vem todo mundo que conhe\u00e7o e os filmes brasileiros s\u00e3o meus favoritos. Ali\u00e1s, podia ter mais vezes n\u00e9? Voc\u00eas vem pouco pra c\u00e1\u201d, disse Maria Raimunda Quintan, moradora de Vila Rica.<\/span><\/p>\n<p><span style=\"color: #ff6600;\">\u201cEsta \u00e9 uma boa iniciativa porque muitas pessoas aqui do bairro s\u00f3 tem esta op\u00e7\u00e3o para ir ao cinema\u201d, disse outra moradora da comunidade, Marly Elias Passaretti.<\/span><\/p>\n<figure id=\"attachment_1523\" aria-describedby=\"caption-attachment-1523\" style=\"width: 384px\" class=\"wp-caption aligncenter\"><a href=\"http:\/\/projetocineb.com.br\/wp-content\/uploads\/2010\/09\/VILARICA07.jpg\"><img loading=\"lazy\" decoding=\"async\" class=\"size-full wp-image-1523  \" title=\"ulia Correia, Maria Raimunda Quintan e sua neta Bruna Quintan Bezerra e Marly Elias Passaretti\" src=\"http:\/\/projetocineb.com.br\/wp-content\/uploads\/2010\/09\/VILARICA07.jpg\" alt=\"ulia Correia, Maria Raimunda Quintan e sua neta Bruna Quintan Bezerra e Marly Elias Passaretti\" width=\"384\" height=\"255\" \/><\/a><figcaption id=\"caption-attachment-1523\" class=\"wp-caption-text\">ulia Correia, Maria Raimunda Quintan e sua neta Bruna Quintan Bezerra e Marly Elias Passaretti<\/figcaption><\/figure>\n<p>\u201cPra ser mais legal vou dizer que a Bia me liga todo m\u00eas, n\u00e3o todo dia, para me pedir mais exibi\u00e7\u00f5es aqui. Mas nossa agenda tenta atender o m\u00e1ximo de comunidades poss\u00edveis, ent\u00e3o a<span style=\"color: #ff6600;\">lgumas vezes demoramos um pouquinho pra voltar, mas voltamos! Afinal, o Sindicato dos Banc\u00e1rios apostou no Cine B, por ser um projeto in\u00e9dito e o maior do Brasil, e porque prev\u00ea continuidade nas suas a\u00e7\u00f5es. Volta nas comunidades sempre que poss\u00edvel para difundir continuamente o cinema brasileiro\u201d, disse Cid\u00e1lio Vieira Santos, coordenador do Cine B<\/span>, na abertura da sess\u00e3o na Associa\u00e7\u00e3o dos Amigos de Vila Rica.<\/p>\n<h2><span style=\"color: #008000;\">DAN\u00c7A DO VENTRE<\/span><\/h2>\n<figure id=\"attachment_1529\" aria-describedby=\"caption-attachment-1529\" style=\"width: 384px\" class=\"wp-caption aligncenter\"><a href=\"http:\/\/projetocineb.com.br\/wp-content\/uploads\/2010\/09\/VILARICA13.jpg\"><img loading=\"lazy\" decoding=\"async\" class=\"size-full wp-image-1529  \" title=\"A dan\u00e7arina no Cine B\" src=\"http:\/\/projetocineb.com.br\/wp-content\/uploads\/2010\/09\/VILARICA13.jpg\" alt=\"A dan\u00e7arina no Cine B\" width=\"384\" height=\"255\" \/><\/a><figcaption id=\"caption-attachment-1529\" class=\"wp-caption-text\">A dan\u00e7arina Priscila Barboza Neute, no Cine B<\/figcaption><\/figure>\n<p>H\u00e1 7 anos Priscila Barboza Neute, que hoje tem 19 anos, resolveu se inscrever num curso para aprender a ancestral dan\u00e7a do ventre e hoje oferece um curso na Associa\u00e7\u00e3o de Vila Rica. Nesta exibi\u00e7\u00e3o ela fez uma pequena demonstra\u00e7\u00e3o de seu talento, abrilhantando de forma diferente o Cine B. Ali\u00e1s, foi a primeira vez que tivemos a oportunidade de conferir uma dan\u00e7arina do ventre em a\u00e7\u00e3o!<\/p>\n<p><span style=\"color: #ff6600;\">\u201cDesde a \u00e9poca da novela O clone me apaixonei por essa dan\u00e7a, que pode ser praticada por qualquer pessoa de qualquer idade\u201d, disse Priscila.<\/span><\/p>\n<figure id=\"attachment_1531\" aria-describedby=\"caption-attachment-1531\" style=\"width: 319px\" class=\"wp-caption aligncenter\"><a href=\"http:\/\/projetocineb.com.br\/wp-content\/uploads\/2010\/09\/VILARICA15.jpg\"><img loading=\"lazy\" decoding=\"async\" class=\"size-full wp-image-1531 \" title=\"Bia Moreno ao lado de Priscila Neute\" src=\"http:\/\/projetocineb.com.br\/wp-content\/uploads\/2010\/09\/VILARICA15.jpg\" alt=\"Bia Moreno ao lado de Priscila Neute\" width=\"319\" height=\"480\" \/><\/a><figcaption id=\"caption-attachment-1531\" class=\"wp-caption-text\">Bia Moreno ao lado de Priscila Neute<\/figcaption><\/figure>\n<p>A dan\u00e7a do ventre tem aproximadamente 6 mil anos, e originou-se no Oriente M\u00e9dio. Seu hist\u00f3rico ainda \u00e9 pouco conhecido. <a href=\"http:\/\/pt.wikipedia.org\/wiki\/Dan%C3%A7a_do_ventre\">Pesquisadores<\/a> dizem que talvez ela tenha surgido num per\u00edodo em que a figura da mulher andava em alta. A feminilidade e as caracter\u00edsticas de procria\u00e7\u00e3o inspiraram esses movimentos milenares praticados por diversas mulheres no mundo todo.<\/p>\n<p><span style=\"color: #ff6600;\">Se voc\u00ea vive nas proximidades de Vila Rica, n\u00e3o perca tempo e inscreva-se para conhecer os sensuais movimentos desta dan\u00e7a milenar. A Associa\u00e7\u00e3o Amigos da Vila Rica fica na rua Jo\u00e3o Batista\u00a0 de Lima, numero 47, zona leste de S\u00e3o Paulo. N\u00e3o perca tempo, pois o <strong>curso \u00e9 gratuito<\/strong>!<\/span><\/p>\n<p><a href=\"http:\/\/www.centraldancadoventre.com.br\/artigos\">Para ler mais sobre a dan\u00e7a do ventre, clique aqui!<\/a><\/p>\n<h2><span style=\"color: #008000;\">CLICKS<\/span><\/h2>\n<figure id=\"attachment_1518\" aria-describedby=\"caption-attachment-1518\" style=\"width: 384px\" class=\"wp-caption aligncenter\"><a href=\"http:\/\/projetocineb.com.br\/wp-content\/uploads\/2010\/09\/VILARICA02.jpg\"><img loading=\"lazy\" decoding=\"async\" class=\"size-full wp-image-1518  \" title=\"Zenaide Tessaroli Louren\u00e7o veio acompanhada de seus vizinhos Alan Ryan do Nascimento, de 6 anos, Luciano Cristiano do Nascimento, 10 e Olinda Rosa Gomes que disse nunca ter faltado num Cine B no Vila Rica\" src=\"http:\/\/projetocineb.com.br\/wp-content\/uploads\/2010\/09\/VILARICA02.jpg\" alt=\"Zenaide Tessaroli Louren\u00e7o veio acompanhada de seus vizinhos Alan Ryan do Nascimento, de 6 anos, Luciano Cristiano do Nascimento, 10 e Olinda Rosa Gomes que disse nunca ter faltado num Cine B no Vila Rica\" width=\"384\" height=\"255\" \/><\/a><figcaption id=\"caption-attachment-1518\" class=\"wp-caption-text\">Zenaide Tessaroli Louren\u00e7o, figurante em diversos filmes, veio acompanhada de seus vizinhos Alan Ryan do Nascimento, de 6 anos, Luciano Cristiano do Nascimento, 10 e Olinda Rosa Gomes que disse nunca ter faltado num Cine B no Vila Rica<\/figcaption><\/figure>\n<figure id=\"attachment_1517\" aria-describedby=\"caption-attachment-1517\" style=\"width: 384px\" class=\"wp-caption aligncenter\"><a href=\"http:\/\/projetocineb.com.br\/wp-content\/uploads\/2010\/09\/VILARICA01.jpg\"><img loading=\"lazy\" decoding=\"async\" class=\"size-full wp-image-1517  \" title=\"Maria Luiza do Carmo, Maria Julieta Anacl\u00e9ri e seu sobrinho Nathan Anacl\u00e9ri de 4 anos\" src=\"http:\/\/projetocineb.com.br\/wp-content\/uploads\/2010\/09\/VILARICA01.jpg\" alt=\"Maria Luiza do Carmo, Maria Julieta Anacl\u00e9ri e seu sobrinho Nathan Anacl\u00e9ri de 4 anos\" width=\"384\" height=\"255\" \/><\/a><figcaption id=\"caption-attachment-1517\" class=\"wp-caption-text\">Maria Luiza do Carmo, Maria Julieta Anacl\u00e9ri e seu sobrinho Nathan Anacl\u00e9ri de 4 anos<\/figcaption><\/figure>\n<figure id=\"attachment_1522\" aria-describedby=\"caption-attachment-1522\" style=\"width: 384px\" class=\"wp-caption aligncenter\"><a href=\"http:\/\/projetocineb.com.br\/wp-content\/uploads\/2010\/09\/VILARICA06.jpg\"><img loading=\"lazy\" decoding=\"async\" class=\"size-full wp-image-1522  \" title=\"Maria Jos\u00e9 Melo, Matheus Lima Azevedo, 12, Maria Sonia de Souza e sua m\u00e3e dona Brazilina Alves Souza, aluna do EJA Roquete Pinto\" src=\"http:\/\/projetocineb.com.br\/wp-content\/uploads\/2010\/09\/VILARICA06.jpg\" alt=\"Maria Jos\u00e9 Melo, Matheus Lima Azevedo, 12, Maria Sonia de Souza e sua m\u00e3e dona Brazilina Alves Souza, aluna do EJA Roquete Pinto\" width=\"384\" height=\"255\" \/><\/a><figcaption id=\"caption-attachment-1522\" class=\"wp-caption-text\">Maria Jos\u00e9 Melo, Matheus Lima Azevedo, 12, Maria Sonia de Souza e sua m\u00e3e dona Brazilina Alves Souza, aluna do EJA Roquete Pinto<\/figcaption><\/figure>\n<figure id=\"attachment_1519\" aria-describedby=\"caption-attachment-1519\" style=\"width: 384px\" class=\"wp-caption aligncenter\"><a href=\"http:\/\/projetocineb.com.br\/wp-content\/uploads\/2010\/09\/VILARICA03.jpg\"><img loading=\"lazy\" decoding=\"async\" class=\"size-full wp-image-1519  \" title=\"O p\u00fablico estendeu os s\u00edmbolos de seus times do cora\u00e7\u00e3o, j\u00e1 que o filme O casamento de Romeu e Julieta, mostra as trapalhadas amorosas entre torcedores de times rivais\" src=\"http:\/\/projetocineb.com.br\/wp-content\/uploads\/2010\/09\/VILARICA03.jpg\" alt=\"O p\u00fablico estendeu os s\u00edmbolos de seus times do cora\u00e7\u00e3o, j\u00e1 que o filme O casamento de Romeu e Julieta, mostra as trapalhadas amorosas entre torcedores de times rivais\" width=\"384\" height=\"255\" \/><\/a><figcaption id=\"caption-attachment-1519\" class=\"wp-caption-text\">O p\u00fablico estendeu os s\u00edmbolos de seus times do cora\u00e7\u00e3o, j\u00e1 que o filme O casamento de Romeu e Julieta, mostra as trapalhadas amorosas entre torcedores de times rivais<\/figcaption><\/figure>\n<figure id=\"attachment_1534\" aria-describedby=\"caption-attachment-1534\" style=\"width: 384px\" class=\"wp-caption aligncenter\"><a href=\"http:\/\/projetocineb.com.br\/wp-content\/uploads\/2010\/09\/VILARICA18.jpg\"><img loading=\"lazy\" decoding=\"async\" class=\"size-full wp-image-1534  \" title=\"Os professores do Eja do Roquete Pinto: Ana Lucia L. V. M. de Oliveira, Sandra Maria Montelanco, Jos\u00e9 Luiz da Cunha, Ederson Obici e Andr\u00e9 Luiz de Carvalho que tamb\u00e9m d\u00e1 aulas no ensino m\u00e9dio regular\" src=\"http:\/\/projetocineb.com.br\/wp-content\/uploads\/2010\/09\/VILARICA18.jpg\" alt=\"Os professores do Eja do Roquete Pinto: Ana Lucia L. V. M. de Oliveira, Sandra Maria Montelanco, Jos\u00e9 Luiz da Cunha, Ederson Obici e Andr\u00e9 Luiz de Carvalho que tamb\u00e9m d\u00e1 aulas no ensino m\u00e9dio regular\" width=\"384\" height=\"255\" \/><\/a><figcaption id=\"caption-attachment-1534\" class=\"wp-caption-text\">Os professores do EJA do Roquete Pinto: Ana Lucia L. V. M. de Oliveira, Sandra Maria Montelanco, Jos\u00e9 Luiz da Cunha, Ederson Obici e Andr\u00e9 Luiz de Carvalho que tamb\u00e9m d\u00e1 aulas no ensino m\u00e9dio regular<\/figcaption><\/figure>\n<figure id=\"attachment_1526\" aria-describedby=\"caption-attachment-1526\" style=\"width: 384px\" class=\"wp-caption aligncenter\"><a href=\"http:\/\/projetocineb.com.br\/wp-content\/uploads\/2010\/09\/VILARICA10.jpg\"><img loading=\"lazy\" decoding=\"async\" class=\"size-full wp-image-1526  \" title=\"Augusta Medeiros com amigos: Isabel de Melo Silva, Tatiane Barboza da Silva e Arlindo Gomes dos Santos\" src=\"http:\/\/projetocineb.com.br\/wp-content\/uploads\/2010\/09\/VILARICA10.jpg\" alt=\"Augusta Medeiros com amigos: Isabel de Melo Silva, Tatiane Barboza da Silva e Arlindo Gomes dos Santos\" width=\"384\" height=\"255\" \/><\/a><figcaption id=\"caption-attachment-1526\" class=\"wp-caption-text\">Augusta Medeiros com amigos: Isabel de Melo Silva, Tatiane Barboza da Silva e Arlindo Gomes dos Santos<\/figcaption><\/figure>\n<p>Augusta Medeiros \u00e9 m\u00e3e da <span style=\"color: #ff6600;\">dupla sertaneja C\u00e9sar e Cristiano<\/span> que est\u00e3o come\u00e7ando a fazer sucesso por a\u00ed. Veja o clique <em><span style=\"color: #ff6600;\">Por causa desse amor<\/span><\/em><span style=\"color: #ff6600;\">, gravado ao vivo, aqui embaixo:<\/span><\/p>\n<p><object classid=\"clsid:d27cdb6e-ae6d-11cf-96b8-444553540000\" width=\"425\" height=\"344\" codebase=\"http:\/\/download.macromedia.com\/pub\/shockwave\/cabs\/flash\/swflash.cab#version=6,0,40,0\"><param name=\"allowFullScreen\" value=\"true\" \/><param name=\"allowscriptaccess\" value=\"always\" \/><param name=\"src\" value=\"http:\/\/www.youtube.com\/v\/jA64wjy5rgk?fs=1&amp;hl=pt_BR\" \/><param name=\"allowfullscreen\" value=\"true\" \/><embed type=\"application\/x-shockwave-flash\" width=\"425\" height=\"344\" src=\"http:\/\/www.youtube.com\/v\/jA64wjy5rgk?fs=1&amp;hl=pt_BR\" allowscriptaccess=\"always\" allowfullscreen=\"true\"><\/embed><\/object><\/p>\n<figure id=\"attachment_1530\" aria-describedby=\"caption-attachment-1530\" style=\"width: 319px\" class=\"wp-caption aligncenter\"><a href=\"http:\/\/projetocineb.com.br\/wp-content\/uploads\/2010\/09\/VILARICA14.jpg\"><img loading=\"lazy\" decoding=\"async\" class=\"size-full wp-image-1530 \" title=\"Elai\u00e1! Cine B e dan\u00e7a do ventre\" src=\"http:\/\/projetocineb.com.br\/wp-content\/uploads\/2010\/09\/VILARICA14.jpg\" alt=\"Elai\u00e1! Cine B e dan\u00e7a do ventre\" width=\"319\" height=\"480\" \/><\/a><figcaption id=\"caption-attachment-1530\" class=\"wp-caption-text\">Cine B e dan\u00e7a do ventre<\/figcaption><\/figure>\n<figure id=\"attachment_1524\" aria-describedby=\"caption-attachment-1524\" style=\"width: 384px\" class=\"wp-caption aligncenter\"><a href=\"http:\/\/projetocineb.com.br\/wp-content\/uploads\/2010\/09\/VILARICA08.jpg\"><img loading=\"lazy\" decoding=\"async\" class=\"size-full wp-image-1524  \" title=\"\u00c9 o Cine B em Vila Rica, zona leste de S\u00e3o Paulo, pela quinta vez!\" src=\"http:\/\/projetocineb.com.br\/wp-content\/uploads\/2010\/09\/VILARICA08.jpg\" alt=\"\u00c9 o Cine B em Vila Rica, zona leste de S\u00e3o Paulo, pela quinta vez!\" width=\"384\" height=\"255\" \/><\/a><figcaption id=\"caption-attachment-1524\" class=\"wp-caption-text\">\u00c9 o Cine B em Vila Rica, zona leste de S\u00e3o Paulo, pela quinta vez!<\/figcaption><\/figure>\n<figure id=\"attachment_1516\" aria-describedby=\"caption-attachment-1516\" style=\"width: 384px\" class=\"wp-caption aligncenter\"><a href=\"http:\/\/projetocineb.com.br\/wp-content\/uploads\/2010\/09\/VILARICA19.jpg\"><img loading=\"lazy\" decoding=\"async\" class=\"size-full wp-image-1516  \" title=\"Os sortudos do Cine B em Vila Rica\" src=\"http:\/\/projetocineb.com.br\/wp-content\/uploads\/2010\/09\/VILARICA19.jpg\" alt=\"Os sortudos do Cine B em Vila Rica\" width=\"384\" height=\"255\" \/><\/a><figcaption id=\"caption-attachment-1516\" class=\"wp-caption-text\">Os sortudos do Cine B em Vila Rica<\/figcaption><\/figure>\n","protected":false},"excerpt":{"rendered":"<p>Fotos Vivian Szelpal Pela quinta vez na Associa\u00e7\u00e3o dos Amigos de Vila Rica, zona leste de S\u00e3o Paulo, o Cine[&#8230;]<\/p>\n","protected":false},"author":2,"featured_media":0,"comment_status":"open","ping_status":"open","sticky":false,"template":"","format":"standard","meta":[],"categories":[2],"tags":[154,263,266,335,407,859,876,916,1095,1132,1247],"_links":{"self":[{"href":"https:\/\/projetocineb.com.br\/index.php?rest_route=\/wp\/v2\/posts\/1515"}],"collection":[{"href":"https:\/\/projetocineb.com.br\/index.php?rest_route=\/wp\/v2\/posts"}],"about":[{"href":"https:\/\/projetocineb.com.br\/index.php?rest_route=\/wp\/v2\/types\/post"}],"author":[{"embeddable":true,"href":"https:\/\/projetocineb.com.br\/index.php?rest_route=\/wp\/v2\/users\/2"}],"replies":[{"embeddable":true,"href":"https:\/\/projetocineb.com.br\/index.php?rest_route=%2Fwp%2Fv2%2Fcomments&post=1515"}],"version-history":[{"count":0,"href":"https:\/\/projetocineb.com.br\/index.php?rest_route=\/wp\/v2\/posts\/1515\/revisions"}],"wp:attachment":[{"href":"https:\/\/projetocineb.com.br\/index.php?rest_route=%2Fwp%2Fv2%2Fmedia&parent=1515"}],"wp:term":[{"taxonomy":"category","embeddable":true,"href":"https:\/\/projetocineb.com.br\/index.php?rest_route=%2Fwp%2Fv2%2Fcategories&post=1515"},{"taxonomy":"post_tag","embeddable":true,"href":"https:\/\/projetocineb.com.br\/index.php?rest_route=%2Fwp%2Fv2%2Ftags&post=1515"}],"curies":[{"name":"wp","href":"https:\/\/api.w.org\/{rel}","templated":true}]}}