{"id":15445,"date":"2022-06-14T19:38:34","date_gmt":"2022-06-14T22:38:34","guid":{"rendered":"https:\/\/projetocineb.com.br\/?p=15445"},"modified":"2024-07-20T22:03:02","modified_gmt":"2024-07-21T01:03:02","slug":"cine-b-solar-realiza-sessoes-gratuitas-de-to-ryca-2","status":"publish","type":"post","link":"https:\/\/projetocineb.com.br\/?p=15445","title":{"rendered":"CINE B Solar realiza sess\u00f5es gratuitas de &#8220;T\u00f4 Ryca 2&#8221;"},"content":{"rendered":"\n<p><em>Primeiro cinema movido a energia solar do Brasil, realizado pelo Sindicato dos Banc\u00e1rios de S\u00e3o Paulo, Osasco e Regi\u00e3o, completa 15 anos com p\u00fablico superior a\u00a090 mil espectadores,\u00a0160 bairros percorridos e mais\u00a0de 637 sess\u00f5es\u00a0gratuitas.<\/em><\/p>\n\n\n\n<p>Com a atriz Samantha Schm\u00fctz dando vida novamente a personagem Selminha T\u00f4 Ryca 2 \u00e9 o filme exibido nas sess\u00f5es do projeto CineB Solar, circuito itinerante de cinema realizado pelo Sindicato dos Banc\u00e1rios de S\u00e3o Paulo, Osasco e Regi\u00e3o com a Brazucah Produ\u00e7\u00f5es. A iniciativa busca democratizar o acesso ao cinema nacional e divulgar os filmes produzidos no Brasil. Unindo o trabalho sociocultural com a quest\u00e3o ambiental, o projeto conta com um sistema de capta\u00e7\u00e3o de energia solar em uma van adaptada com pain\u00e9is fotovoltaicos e baterias que carregam a energia que vai ser utilizada durante toda a exibi\u00e7\u00e3o do filme, substituindo a energia el\u00e9trica.<\/p>\n\n\n\n<figure class=\"wp-block-image size-large\"><img fetchpriority=\"high\" decoding=\"async\" width=\"723\" height=\"1024\" src=\"https:\/\/projetocineb.com.br\/wp-content\/uploads\/2022\/06\/WhatsApp-Image-2022-06-14-at-18.41.11-2-723x1024.jpeg\" alt=\"\" class=\"wp-image-15446\" srcset=\"https:\/\/projetocineb.com.br\/wp-content\/uploads\/2022\/06\/WhatsApp-Image-2022-06-14-at-18.41.11-2-723x1024.jpeg 723w, https:\/\/projetocineb.com.br\/wp-content\/uploads\/2022\/06\/WhatsApp-Image-2022-06-14-at-18.41.11-2-212x300.jpeg 212w, https:\/\/projetocineb.com.br\/wp-content\/uploads\/2022\/06\/WhatsApp-Image-2022-06-14-at-18.41.11-2-768x1087.jpeg 768w, https:\/\/projetocineb.com.br\/wp-content\/uploads\/2022\/06\/WhatsApp-Image-2022-06-14-at-18.41.11-2-1085x1536.jpeg 1085w, https:\/\/projetocineb.com.br\/wp-content\/uploads\/2022\/06\/WhatsApp-Image-2022-06-14-at-18.41.11-2.jpeg 1130w\" sizes=\"(max-width: 723px) 100vw, 723px\" \/><\/figure>\n\n\n\n<p>O longa dirigido por Pedro Antonio tem sess\u00f5es na cidade de S\u00e3o Paulo nos dias 20 de junho, segunda-feira, \u00e0s 19h, na Cohab Juscelino; 24 de junho, sexta-feira, \u00e0s 19h, na Associa\u00e7\u00e3o de Moradores da Vila Rubi e 8 de julho, sexta-feira, 19h, no Instituto Jardim Peri.<\/p>\n\n\n\n<p>Em T\u00f4 Ryca 2 Selminha (Samantha Schm\u00fctz) est\u00e1 de volta. Ap\u00f3s ficar rica, a fortuna de Selminha \u00e9 colocada \u00e0 prova quando uma estranha aparece do nada e coloca o dedo em tudo que n\u00e3o \u00e9 dela. Para piorar, a estranha tem o mesmo nome que Selminha e se diz herdeira leg\u00edtima da fortuna. Todos os bens de Selminha s\u00e3o congelados e sua \u00fanica fonte de renda vira a que lhe \u00e9 concedida pela justi\u00e7a: 30 reais por dia, ou seja, um sal\u00e1rio m\u00ednimo por m\u00eas. Agora, sabendo como \u00e9 viver no aperto, ela ter\u00e1 que voltar \u00e0s suas origens, lutar para sobreviver em sua nova rotina e fazer com que o bairro de onde ela era patrona, Quintino, tamb\u00e9m n\u00e3o acabe passando aperto.<\/p>\n\n\n\n<blockquote class=\"wp-block-quote\"><p>&#8220;Com exibi\u00e7\u00f5es de 151\u00a0longas-metragens e\u00a0100\u00a0curtas-metragens chegamos<br>ao meio de 2022 com mais um filme do cinema nacional. Nosso projeto, que<br>completa 15 anos, oferece gratuitamente lazer e cultura para a popula\u00e7\u00e3o de<br>S\u00e3o Paulo\u201d.<\/p><cite>enfatiza Cid\u00e1lio Vieira, coordenador do CineB Solar.<\/cite><\/blockquote>\n\n\n\n<p><strong>Protocolos de seguran\u00e7a<\/strong><\/p>\n\n\n\n<p>Com\u00a0\u00e0s restri\u00e7\u00f5es impostas pela pandemia de Covid-19, o projeto CineB Solar ir\u00e1 retornar aos poucos com\u00a0suas exibi\u00e7\u00f5es presenciais e coletivas. Visando o bem-estar dos espectadores, as sess\u00f5es durante esta retomada seguem protocolos de seguran\u00e7a, como a obrigatoriedade de utiliza\u00e7\u00e3o de m\u00e1scaras e o distanciamento entre os assentos, al\u00e9m de disponibiliza\u00e7\u00e3o de \u00e1lcool 70% para higieniza\u00e7\u00e3o das m\u00e3os. Toda a equipe de produ\u00e7\u00e3o j\u00e1 possui imuniza\u00e7\u00e3o completa e ser\u00e1 testada para Covid-19 antes das exibi\u00e7\u00f5es. E toda sess\u00e3o o p\u00fablico ter\u00e1 que apresentar o passaporte de vacina\u00e7\u00e3o.<\/p>\n\n\n\n<p><strong>Sobre o CineB Solar<\/strong><\/p>\n\n\n\n<p>Criado em 2007 pelo Sindicato dos Banc\u00e1rios de S\u00e3o Paulo, Osasco e regi\u00e3o, o CineB passou a se chamar CineB Solar em 2018, quando passou a circular com uma van que gera, atrav\u00e9s de placas solares, a pr\u00f3pria energia consumida no evento. J\u00e1 atingiu um p\u00fablico superior a\u00a090 mil espectadores,\u00a0160 bairros percorridos, em mais\u00a0de 637 sess\u00f5es\u00a0gratuitas realizadas em comunidades e universidades de S\u00e3o Paulo. Nesse momento de isolamento, para evitar aglomera\u00e7\u00f5es, se reinventaram e prepararam novos projetos: CineB on-line, CineB Solar na Janela e CineB Autorama, a\u00e7\u00f5es para que todos possam ficar em casa e se divertir com uma sess\u00e3o de cinema.<\/p>\n\n\n\n<p><strong>Anote a\u00ed:<\/strong><\/p>\n\n\n\n<p><strong>Filme: <\/strong><em>T\u00f4 Ryca 2 (Pedro Antonio \u2013 Brasil \u2013 102 minutos \u2013 Com\u00e9dia \u2013 12 anos \u2013 2022) \u2013<br>Sess\u00e3o com recursos de acessibilidade.<\/em><\/p>\n\n\n\n<p><br><strong>Sess\u00f5es:<br><\/strong><em>Dia 20 de junho segunda-feira, \u00e0s 19h.<\/em><br>Escola Aquilino Ribeiro \u2013 ONG Orgulho de uma Ra\u00e7a \u2013 Rua Onofre Leite Meirelles, 1<br>\u2013 Guaianases (zona leste).<br><strong>Convites:<\/strong> Na secretaria da Escola.<\/p>\n\n\n\n<p><br><em>Dia\u00a024 de junho, sexta-feira, \u00e0s 19h.<\/em><br>Associa\u00e7\u00e3o de moradores da Vila Rubi \u2013 Domingos Tarroso 632 \u2013 Vila Rubi (zona sul).<br><strong>Convites:<\/strong> Com Thais e Edson.<\/p>\n\n\n\n<p><br><em>Dia 8 de julho, sexta-feira, \u00e0s 19h.<\/em><br>Instituto Jardim Peri \u2013 Rua Condessa Am\u00e1lia Matarazzo, 136 \u2013 Jardim Peri (zona<br>norte).<br><strong>Convites: <\/strong>Com Renato, Thiago e Bruno.<br>Ingressos gratuitos (necess\u00e1rio apresentar comprovante de vacina\u00e7\u00e3o com duas<br>doses).<br><br><\/p>\n","protected":false},"excerpt":{"rendered":"<p>Primeiro cinema movido a energia solar do Brasil, realizado pelo Sindicato dos Banc\u00e1rios de S\u00e3o Paulo, Osasco e Regi\u00e3o, completa[&#8230;]<\/p>\n","protected":false},"author":4,"featured_media":0,"comment_status":"open","ping_status":"open","sticky":false,"template":"","format":"standard","meta":[],"categories":[2,4,5,6,7,10],"tags":[],"_links":{"self":[{"href":"https:\/\/projetocineb.com.br\/index.php?rest_route=\/wp\/v2\/posts\/15445"}],"collection":[{"href":"https:\/\/projetocineb.com.br\/index.php?rest_route=\/wp\/v2\/posts"}],"about":[{"href":"https:\/\/projetocineb.com.br\/index.php?rest_route=\/wp\/v2\/types\/post"}],"author":[{"embeddable":true,"href":"https:\/\/projetocineb.com.br\/index.php?rest_route=\/wp\/v2\/users\/4"}],"replies":[{"embeddable":true,"href":"https:\/\/projetocineb.com.br\/index.php?rest_route=%2Fwp%2Fv2%2Fcomments&post=15445"}],"version-history":[{"count":1,"href":"https:\/\/projetocineb.com.br\/index.php?rest_route=\/wp\/v2\/posts\/15445\/revisions"}],"predecessor-version":[{"id":15447,"href":"https:\/\/projetocineb.com.br\/index.php?rest_route=\/wp\/v2\/posts\/15445\/revisions\/15447"}],"wp:attachment":[{"href":"https:\/\/projetocineb.com.br\/index.php?rest_route=%2Fwp%2Fv2%2Fmedia&parent=15445"}],"wp:term":[{"taxonomy":"category","embeddable":true,"href":"https:\/\/projetocineb.com.br\/index.php?rest_route=%2Fwp%2Fv2%2Fcategories&post=15445"},{"taxonomy":"post_tag","embeddable":true,"href":"https:\/\/projetocineb.com.br\/index.php?rest_route=%2Fwp%2Fv2%2Ftags&post=15445"}],"curies":[{"name":"wp","href":"https:\/\/api.w.org\/{rel}","templated":true}]}}