{"id":15568,"date":"2022-06-23T14:57:49","date_gmt":"2022-06-23T17:57:49","guid":{"rendered":"https:\/\/projetocineb.com.br\/?p=15568"},"modified":"2024-07-20T22:02:36","modified_gmt":"2024-07-21T01:02:36","slug":"filme-o-pai-da-rita-tem-sessao-especial-no-cineb-solar","status":"publish","type":"post","link":"https:\/\/projetocineb.com.br\/?p=15568","title":{"rendered":"Filme &#8220;O pai da Rita&#8221; tem sess\u00e3o especial no CineB Solar"},"content":{"rendered":"\n<p>No pr\u00f3ximo dia 28 de\u00a0 junho o CineB Solar ir\u00e1 produzir uma sess\u00e3o especial com exibi\u00e7\u00e3o gratuita do filme &#8220;O PAI DA RITA&#8221;, do diretor Joel Zito Ara\u00fajo. O filme teve sua\u00a0 estreia\u00a0 nos cinemas dia 19 de maio de 2022\u00a0 e continua em cartaz.<\/p>\n\n\n\n<p>As reservas ser\u00e3o \u00a0feitas pelo e-mail\u00a0\u00a0<a rel=\"noreferrer noopener\" href=\"mailto:producaocineb@brazucah.com.br\" target=\"_blank\">producaocineb@brazucah.com.br<\/a>\u00a0,\u00a0 com nome completo, telefone e e-mail .<\/p>\n\n\n\n<p>A sess\u00e3o ter\u00e1 a presen\u00e7a dos alunos da escola Estadual Leopoldo Santana, do Cap\u00e3o redondo\u00a0 e lideran\u00e7a dos movimentos\u00a0 sociais.<\/p>\n\n\n\n<figure class=\"wp-block-image size-large\"><img fetchpriority=\"high\" decoding=\"async\" width=\"724\" height=\"1024\" src=\"https:\/\/projetocineb.com.br\/wp-content\/uploads\/2022\/06\/cartaz_opaidarita-724x1024.jpg\" alt=\"\" class=\"wp-image-15569\" srcset=\"https:\/\/projetocineb.com.br\/wp-content\/uploads\/2022\/06\/cartaz_opaidarita-724x1024.jpg 724w, https:\/\/projetocineb.com.br\/wp-content\/uploads\/2022\/06\/cartaz_opaidarita-212x300.jpg 212w, https:\/\/projetocineb.com.br\/wp-content\/uploads\/2022\/06\/cartaz_opaidarita-768x1086.jpg 768w, https:\/\/projetocineb.com.br\/wp-content\/uploads\/2022\/06\/cartaz_opaidarita-1086x1536.jpg 1086w, https:\/\/projetocineb.com.br\/wp-content\/uploads\/2022\/06\/cartaz_opaidarita-1448x2048.jpg 1448w, https:\/\/projetocineb.com.br\/wp-content\/uploads\/2022\/06\/cartaz_opaidarita.jpg 1754w\" sizes=\"(max-width: 724px) 100vw, 724px\" \/><\/figure>\n\n\n\n<p><strong>Sobre CineB Solar<\/strong><\/p>\n\n\n\n<p>\u00c9\u00a0 um circuito itinerante de cinema realizado pelo Sindicato dos Banc\u00e1rios de S\u00e3o Paulo, Osasco e Regi\u00e3o e pela Brazucah Produ\u00e7\u00f5es. Desde 2007, o projeto j\u00e1 atingiu um p\u00fablico de 90 mil espectadores em mais de 637 sess\u00f5es gratuitas realizadas em comunidades e universidades de S\u00e3o Paulo. Percorremos cerca de 160 bairros da cidade de S\u00e3o Paulo\u00a0 e 18 cidades fora de S\u00e3o Paulo. Ao longo destes 15 anos criamos o Selo CineB do cinema brasileiro , com 4 DVDs que cont\u00e9m no total 18 curtas\u00a0 mais bem avaliados pelo projeto. No Pr\u00eamio CineB Solar do Cinema Brasileiro premiamos com trof\u00e9u\u00a0 217\u00a0 entidades e 156 diretores dos filmes exibidos. A iniciativa busca democratizar o acesso ao cinema nacional e divulgar os filmes produzidos no Brasil. J\u00e1 foram exibidos na tela do CineB Solar\u00a0 151\u00a0 longas-metragens e 100 curtas-metragens, al\u00e9m da realiza\u00e7\u00e3o de pr\u00e9-estreias exclusivas. Nesse momento de isolamento, para evitar aglomera\u00e7\u00f5es, nos reinventamos e preparamos novos projetos: CineB on-line, CineB Solar na Janela e CineB Autorama, a\u00e7\u00f5es para que todos possam ficar em casa e se divertir com uma sess\u00e3o de cinema.<\/p>\n\n\n\n<p><strong>Assista ao trailer do filme &#8220;O pai da Rita&#8221;<\/strong><\/p>\n\n\n\n<figure class=\"wp-block-embed is-type-video is-provider-youtube wp-block-embed-youtube wp-embed-aspect-16-9 wp-has-aspect-ratio\"><div class=\"wp-block-embed__wrapper\">\n<iframe title=\"O Pai da Rita | Trailer Oficial\" width=\"840\" height=\"473\" src=\"https:\/\/www.youtube.com\/embed\/EcEWHzRsgGI?feature=oembed\" frameborder=\"0\" allow=\"accelerometer; autoplay; clipboard-write; encrypted-media; gyroscope; picture-in-picture; web-share\" allowfullscreen><\/iframe>\n<\/div><\/figure>\n\n\n\n<p><strong>SINOPSE\u00a0<\/strong><\/p>\n\n\n\n<p>Em O Pai da Rita, Roque (Wilson Rabelo) e Pudim (A\u00edlton Gra\u00e7a) s\u00e3o dois compositores da velha guarda da Vai-Vai &#8211; escola de samba de S\u00e3o Paulo &#8211; partilham uma kitnet, d\u00e9cadas de amizade, e o amor por suas carreiras na escola de samba prestigiada do estado. Mas, uma d\u00favida do passado sempre atormentou os dois amigos: o que aconteceu com a passista Rita, paix\u00e3o de ambos? \u00c9 quando o surgimento de Ritinha (Jessica Barbosa), filha da passista &#8211; e tamb\u00e9m passista &#8211; surge para desvendar esse mist\u00e9rio &#8211; todavia, tamb\u00e9m amea\u00e7a desmoronar essa grande amizade, assim como aumentar mais ainda o n\u00famero de perguntas. O longa se desenvolve a partir de uma disputa de paternidade, travada pelos dois sambistas e velhos amigos, com roteiro inspirado livremente nas m\u00fasicas &#8220;A Rita&#8221; e &#8220;O Samba de um Grande Amor&#8221; de Chico Buarque. Quem ser\u00e1 o pai de Ritinha e qual motivo a levou pela procura do pai?<\/p>\n\n\n\n<p>CLASSIFICA\u00c7\u00c3O: 16 anos<\/p>\n\n\n\n<p><strong>Anote a\u00ed<\/strong><\/p>\n\n\n\n<p>CINEMA BRASILEIRO NA PAULISTA<\/p>\n\n\n\n<p>DIA: 28 DE JUNHO&nbsp; &#8211; ter\u00e7a \u2013 feira &#8211; 19hs&nbsp;<\/p>\n\n\n\n<p>LOCAL: Espa\u00e7o L\u00e9lia Abramo -Regional Paulista do Sindicato dos Banc\u00e1rios de SP\u00a0 \u00a0 \u00a0 \u00a0 \u00a0 \u00a0 \u00a0 \u00a0 \u00a0 \u00a0 \u00a0 \u00a0 \u00a0 \u00a0 \u00a0 \u00a0 \u00a0 \u00a0 \u00a0 \u00a0 \u00a0 \u00a0 \u00a0 \u00a0 \u00a0 \u00a0 \u00a0 \u00a0 \u00a0 \u00a0 \u00a0 \u00a0 \u00a0 \u00a0 \u00a0 \u00a0 \u00a0 \u00a0 \u00a0 \u00a0 \u00a0 \u00a0 \u00a0 \u00a0<\/p>\n\n\n\n<p>ENDERE\u00c7O: Rua Carlos Sampaio,305\u00a0 Ao lado da esta\u00e7\u00e3o Brigadeiro Luiz Ant\u00f4nio\u00a0 \u00a0 \u00a0 \u00a0 \u00a0 \u00a0 \u00a0 \u00a0 \u00a0 \u00a0 \u00a0 \u00a0 \u00a0 \u00a0 \u00a0 \u00a0 \u00a0 \u00a0 \u00a0 \u00a0 \u00a0 \u00a0 \u00a0 \u00a0 \u00a0 \u00a0 \u00a0 \u00a0 \u00a0 \u00a0 \u00a0 \u00a0\u00a0<\/p>\n\n\n\n<p>RESERVA&nbsp; DE CONVITES : Pelo e-mail :&nbsp;<a href=\"mailto:producaocineb@brazucah.com.br\" target=\"_blank\" rel=\"noreferrer noopener\">producaocineb@brazucah.com.br<\/a><\/p>\n","protected":false},"excerpt":{"rendered":"<p>No pr\u00f3ximo dia 28 de\u00a0 junho o CineB Solar ir\u00e1 produzir uma sess\u00e3o especial com exibi\u00e7\u00e3o gratuita do filme &#8220;O[&#8230;]<\/p>\n","protected":false},"author":4,"featured_media":15569,"comment_status":"open","ping_status":"open","sticky":false,"template":"","format":"standard","meta":[],"categories":[2,4,6,7,10],"tags":[],"_links":{"self":[{"href":"https:\/\/projetocineb.com.br\/index.php?rest_route=\/wp\/v2\/posts\/15568"}],"collection":[{"href":"https:\/\/projetocineb.com.br\/index.php?rest_route=\/wp\/v2\/posts"}],"about":[{"href":"https:\/\/projetocineb.com.br\/index.php?rest_route=\/wp\/v2\/types\/post"}],"author":[{"embeddable":true,"href":"https:\/\/projetocineb.com.br\/index.php?rest_route=\/wp\/v2\/users\/4"}],"replies":[{"embeddable":true,"href":"https:\/\/projetocineb.com.br\/index.php?rest_route=%2Fwp%2Fv2%2Fcomments&post=15568"}],"version-history":[{"count":2,"href":"https:\/\/projetocineb.com.br\/index.php?rest_route=\/wp\/v2\/posts\/15568\/revisions"}],"predecessor-version":[{"id":19599,"href":"https:\/\/projetocineb.com.br\/index.php?rest_route=\/wp\/v2\/posts\/15568\/revisions\/19599"}],"wp:featuredmedia":[{"embeddable":true,"href":"https:\/\/projetocineb.com.br\/index.php?rest_route=\/wp\/v2\/media\/15569"}],"wp:attachment":[{"href":"https:\/\/projetocineb.com.br\/index.php?rest_route=%2Fwp%2Fv2%2Fmedia&parent=15568"}],"wp:term":[{"taxonomy":"category","embeddable":true,"href":"https:\/\/projetocineb.com.br\/index.php?rest_route=%2Fwp%2Fv2%2Fcategories&post=15568"},{"taxonomy":"post_tag","embeddable":true,"href":"https:\/\/projetocineb.com.br\/index.php?rest_route=%2Fwp%2Fv2%2Ftags&post=15568"}],"curies":[{"name":"wp","href":"https:\/\/api.w.org\/{rel}","templated":true}]}}