{"id":1656,"date":"2010-10-13T10:04:16","date_gmt":"2010-10-13T12:04:16","guid":{"rendered":"http:\/\/projetocineb.com.br\/?p=1656"},"modified":"2010-10-13T10:04:16","modified_gmt":"2010-10-13T12:04:16","slug":"1656","status":"publish","type":"post","link":"https:\/\/projetocineb.com.br\/?p=1656","title":{"rendered":"S\u00c3O REMO NO DIAS DAS CRIAN\u00c7AS"},"content":{"rendered":"<p><em>Fotos de Vivian Szelpal<\/em><\/p>\n<p><em> <\/em><\/p>\n<figure id=\"attachment_1659\" aria-describedby=\"caption-attachment-1659\" style=\"width: 384px\" class=\"wp-caption aligncenter\"><a href=\"http:\/\/projetocineb.com.br\/wp-content\/uploads\/2010\/10\/SAOREMO10.jpg\"><img fetchpriority=\"high\" decoding=\"async\" class=\"size-full wp-image-1659  \" title=\"As crian\u00e7as que ganharam camisetas e brindes neste Cine B na comunidade S\u00e3o Remo\" src=\"http:\/\/projetocineb.com.br\/wp-content\/uploads\/2010\/10\/SAOREMO10.jpg\" alt=\"As crian\u00e7as que ganharam camisetas e brindes neste Cine B na comunidade S\u00e3o Remo\" width=\"384\" height=\"255\" \/><\/a><figcaption id=\"caption-attachment-1659\" class=\"wp-caption-text\">Crian\u00e7as que ganharam camisetas e brindes neste Cine B na comunidade S\u00e3o Remo<\/figcaption><\/figure>\n<p>H\u00e1 16 anos, a merendeira Fatinha, faz uma festa no dia 12 de outubro para <span style=\"color: #ff6600;\">comemorar o dia das crian\u00e7as<\/span>, na comunidade que vive, o <span style=\"color: #ff6600;\">Jardim S\u00e3o Remo, zona oeste de S\u00e3o Paulo<\/span>. <span style=\"color: #ff6600;\">Haviam diversas atra\u00e7\u00f5es na festa deste ano, como apresenta\u00e7\u00f5es de capoeira, grupos musicais e um gigante bolo feito por toda comunidade!<\/span> Inclusive para tudo isso acontecer, a avenida S\u00e3o Remo foi fechada. E o Cine B n\u00e3o ficou de fora, contribuindo com uma exibi\u00e7\u00e3o de cinema ao ar livre. Por ocasi\u00e3o especial, <span style=\"color: #ff6600;\">foram exibidos 4 curtas brasileiros, produzidos especialmente para o p\u00fablico infantil<\/span>.<\/p>\n<p><a href=\"http:\/\/projetocineb.com.br\/?p=753\" target=\"_blank\">Clique aqui para ver as fotos e saber como foi a exibi\u00e7\u00e3o anterior, no Circo Escola S\u00e3o Remo!<\/a><\/p>\n<figure id=\"attachment_1664\" aria-describedby=\"caption-attachment-1664\" style=\"width: 384px\" class=\"wp-caption aligncenter\"><a href=\"http:\/\/projetocineb.com.br\/wp-content\/uploads\/2010\/10\/SAOREMO04.jpg\"><img decoding=\"async\" class=\"size-full wp-image-1664  \" title=\"Muita gente e muita anima\u00e7\u00e3o!\" src=\"http:\/\/projetocineb.com.br\/wp-content\/uploads\/2010\/10\/SAOREMO04.jpg\" alt=\"Muita gente e muita anima\u00e7\u00e3o!\" width=\"384\" height=\"255\" \/><\/a><figcaption id=\"caption-attachment-1664\" class=\"wp-caption-text\">Muita gente e muita anima\u00e7\u00e3o!<\/figcaption><\/figure>\n<p><a href=\"http:\/\/www.portacurtas.com.br\/Filme.asp?Cod=3297\" target=\"_blank\"><em>Historietas Assombradas (para crian\u00e7as mal-criadas)<\/em><\/a> \u00e9 uma anima\u00e7\u00e3o extremamente bem elaborada visualmente, dirigida por Victor-Hugo Borges. A hist\u00f3ria \u00e9 de uma garotinha que vai durmir na casa da av\u00f3 e, para pegar no sono, pede que a vov\u00f3 conte historinhas assustadoras. Com participa\u00e7\u00e3o da atriz Mirian Muniz e seu vozer\u00e3o, o filme ganha um brilho sem igual!<\/p>\n<p><a href=\"http:\/\/www.programadorabrasil.org.br\/filme\/175\/\" target=\"_blank\"><em>O Nordestino e o Toque de sua Lamparina<\/em><\/a>, dirigido por \u00cdtalo Maia, retrata de forma singela, a vida sofrida do sertanejo do Brasil, mostrando seus sonhos, fantasias e criatividade ao encontrar uma lamparina m\u00e1gica.<\/p>\n<figure id=\"attachment_1669\" aria-describedby=\"caption-attachment-1669\" style=\"width: 384px\" class=\"wp-caption aligncenter\"><a href=\"http:\/\/projetocineb.com.br\/wp-content\/uploads\/2010\/10\/SAOREMO09.jpg\"><img decoding=\"async\" class=\"size-full wp-image-1669  \" title=\"Cena do filmes Historietas\" src=\"http:\/\/projetocineb.com.br\/wp-content\/uploads\/2010\/10\/SAOREMO09.jpg\" alt=\"Cena do filmes Historietas\" width=\"384\" height=\"255\" \/><\/a><figcaption id=\"caption-attachment-1669\" class=\"wp-caption-text\">Cena do filmes Historietas Assombradas (para crian\u00e7as mal-criadas)<\/figcaption><\/figure>\n<p><a href=\"http:\/\/www.programadorabrasil.org.br\/filme\/157\/\" target=\"_blank\"><em>Disfarce Explosivo<\/em><\/a> de M\u00e1rio Galindo mostra duas sagazes galinhas que conseguem arrumar diversos disfarces para n\u00e3o serem vendidas pelo dono. \u00c9 um dos curtas que o p\u00fablico mais se diverte!<br \/>\n<a href=\"http:\/\/www.portacurtas.com.br\/Filme.asp?Cod=811\" target=\"_blank\"><em>Meow<\/em><\/a> de Marcos Magalh\u00e3es \u00e9 uma anima\u00e7\u00e3o que questiona os efeitos da globaliza\u00e7\u00e3o em nossa realidade. Tema dif\u00edcil? O curta-metragem o trata de uma forma bem f\u00e1cil. Tudo come\u00e7a com um gato que s\u00f3 quer seu pratinho de leite, mas um homem quer porque quer lhe oferecer um estranho refrigerante&#8230;<\/p>\n<figure id=\"attachment_1665\" aria-describedby=\"caption-attachment-1665\" style=\"width: 384px\" class=\"wp-caption aligncenter\"><a href=\"http:\/\/projetocineb.com.br\/wp-content\/uploads\/2010\/10\/SAOREMO05.jpg\"><img loading=\"lazy\" decoding=\"async\" class=\"size-full wp-image-1665  \" title=\"Cid\u00e1lio Vieira Santos, da Brazucah Produ\u00e7\u00f5es, anima o p\u00fablico com perguntas entre um curta e outro\" src=\"http:\/\/projetocineb.com.br\/wp-content\/uploads\/2010\/10\/SAOREMO05.jpg\" alt=\"Cid\u00e1lio Vieira Santos, da Brazucah Produ\u00e7\u00f5es, anima o p\u00fablico com perguntas entre um curta e outro\" width=\"384\" height=\"255\" \/><\/a><figcaption id=\"caption-attachment-1665\" class=\"wp-caption-text\">Cid\u00e1lio Vieira Santos, da Brazucah Produ\u00e7\u00f5es, anima o p\u00fablico com perguntas entre um curta e outro<\/figcaption><\/figure>\n<p>No final da exibi\u00e7\u00e3o, <span style=\"color: #ff6600;\">foram sorteadas as tradicionais camisetas do Cine B e brindes da exposi\u00e7\u00e3o Corpo Humano. Esta\u00a0\u00e9 a segunda vez que o projeto chega a comunidade. E em breve tem mais!<\/span><\/p>\n<figure id=\"attachment_1662\" aria-describedby=\"caption-attachment-1662\" style=\"width: 384px\" class=\"wp-caption aligncenter\"><a href=\"http:\/\/projetocineb.com.br\/wp-content\/uploads\/2010\/10\/SAOREMO02-.jpg\"><img loading=\"lazy\" decoding=\"async\" class=\"size-full wp-image-1662  \" title=\"Comunidade S\u00e3o Remo em festa no dia das crian\u00e7as\" src=\"http:\/\/projetocineb.com.br\/wp-content\/uploads\/2010\/10\/SAOREMO02-.jpg\" alt=\"Comunidade S\u00e3o Remo em festa no dia das crian\u00e7as\" width=\"384\" height=\"255\" \/><\/a><figcaption id=\"caption-attachment-1662\" class=\"wp-caption-text\">Comunidade S\u00e3o Remo em festa no dia das crian\u00e7as<\/figcaption><\/figure>\n","protected":false},"excerpt":{"rendered":"<p>Fotos de Vivian Szelpal H\u00e1 16 anos, a merendeira Fatinha, faz uma festa no dia 12 de outubro para comemorar[&#8230;]<\/p>\n","protected":false},"author":2,"featured_media":0,"comment_status":"open","ping_status":"open","sticky":false,"template":"","format":"standard","meta":[],"categories":[2],"tags":[154,242,263,266,274,349,353,387,1096,1132,1250],"_links":{"self":[{"href":"https:\/\/projetocineb.com.br\/index.php?rest_route=\/wp\/v2\/posts\/1656"}],"collection":[{"href":"https:\/\/projetocineb.com.br\/index.php?rest_route=\/wp\/v2\/posts"}],"about":[{"href":"https:\/\/projetocineb.com.br\/index.php?rest_route=\/wp\/v2\/types\/post"}],"author":[{"embeddable":true,"href":"https:\/\/projetocineb.com.br\/index.php?rest_route=\/wp\/v2\/users\/2"}],"replies":[{"embeddable":true,"href":"https:\/\/projetocineb.com.br\/index.php?rest_route=%2Fwp%2Fv2%2Fcomments&post=1656"}],"version-history":[{"count":0,"href":"https:\/\/projetocineb.com.br\/index.php?rest_route=\/wp\/v2\/posts\/1656\/revisions"}],"wp:attachment":[{"href":"https:\/\/projetocineb.com.br\/index.php?rest_route=%2Fwp%2Fv2%2Fmedia&parent=1656"}],"wp:term":[{"taxonomy":"category","embeddable":true,"href":"https:\/\/projetocineb.com.br\/index.php?rest_route=%2Fwp%2Fv2%2Fcategories&post=1656"},{"taxonomy":"post_tag","embeddable":true,"href":"https:\/\/projetocineb.com.br\/index.php?rest_route=%2Fwp%2Fv2%2Ftags&post=1656"}],"curies":[{"name":"wp","href":"https:\/\/api.w.org\/{rel}","templated":true}]}}