{"id":16589,"date":"2022-08-04T11:32:53","date_gmt":"2022-08-04T14:32:53","guid":{"rendered":"https:\/\/projetocineb.com.br\/?p=16589"},"modified":"2024-07-20T22:01:16","modified_gmt":"2024-07-21T01:01:16","slug":"filme-de-lazaro-ramos-medida-provisoria-chega-as-telas-do-projeto-cineb-solar","status":"publish","type":"post","link":"https:\/\/projetocineb.com.br\/?p=16589","title":{"rendered":"Filme de L\u00e1zaro Ramos, \u201dMedida Provis\u00f3ria\u201c, chega as telas do Projeto CineB Solar"},"content":{"rendered":"\n<div class=\"wp-block-image\"><figure class=\"aligncenter size-large\"><img fetchpriority=\"high\" decoding=\"async\" width=\"697\" height=\"1024\" src=\"https:\/\/projetocineb.com.br\/wp-content\/uploads\/2022\/08\/cartaz_medidaprovisoria-697x1024.jpg\" alt=\"\" class=\"wp-image-16590\" srcset=\"https:\/\/projetocineb.com.br\/wp-content\/uploads\/2022\/08\/cartaz_medidaprovisoria-697x1024.jpg 697w, https:\/\/projetocineb.com.br\/wp-content\/uploads\/2022\/08\/cartaz_medidaprovisoria-204x300.jpg 204w, https:\/\/projetocineb.com.br\/wp-content\/uploads\/2022\/08\/cartaz_medidaprovisoria-768x1128.jpg 768w, https:\/\/projetocineb.com.br\/wp-content\/uploads\/2022\/08\/cartaz_medidaprovisoria-1046x1536.jpg 1046w, https:\/\/projetocineb.com.br\/wp-content\/uploads\/2022\/08\/cartaz_medidaprovisoria-1394x2048.jpg 1394w, https:\/\/projetocineb.com.br\/wp-content\/uploads\/2022\/08\/cartaz_medidaprovisoria-scaled.jpg 1743w\" sizes=\"(max-width: 697px) 100vw, 697px\" \/><\/figure><\/div>\n\n\n\n<p>O longa\u00a0\u201cMedida Provis\u00f3ria\u201d, que marca a estreia de L\u00e1zaro Ramos como diretor de<br>cinema, entrar\u00e1 em cartaz no CineB Solar\u00a0no m\u00eas de agosto.<\/p>\n\n\n\n<p>Sucesso de bilheteria no Brasil, o filme conta a hist\u00f3ria de um Brasil dist\u00f3pico, onde o<br>Governo, por meio de uma medida arbitr\u00e1ria, resolve mandar as pessoas pretas \u00e0 for\u00e7a<br>para a \u00c1frica, gerando revolta e instaurando um estado ca\u00f3tico. Em meio ao misto de<br>Thriller e drama, surge o romance entre Capitu (Ta\u00eds Ara\u00fajo) e Antonio (Alfred Enoch).<br>\u00a0<br>&#8220;Uma das principais ideias que\u00a0Medida Provis\u00f3ria\u00a0busca levar para o p\u00fablico \u00e9 a de<br>coletividade, o que fortalece ideias e torna nossa viv\u00eancia mais potente&#8221;, disse L\u00e1zaro<br>sobre o filme. &#8220;E eu fiquei feliz demais em ver que o p\u00fablico percebeu isso e se sentiu a<br>vontade para contribuir, atrav\u00e9s da sua arte, textos, das fotos e todo o material que<br>venho recebendo desde antes do Medida estrear&#8221;, completou.<br>A obra foi escrita em 2011 e encantou L\u00e1zaro Ramos, que resolveu adapt\u00e1-la ao<br>cinema.<\/p>\n\n\n\n<p>Assista ao trailer de Medida Provis\u00f3ria: <\/p>\n\n\n\n<figure class=\"wp-block-embed is-type-video is-provider-youtube wp-block-embed-youtube wp-embed-aspect-16-9 wp-has-aspect-ratio\"><div class=\"wp-block-embed__wrapper\">\n<iframe title=\"Medida Provis\u00f3ria | Trailer Oficial\" width=\"840\" height=\"473\" src=\"https:\/\/www.youtube.com\/embed\/f0uND6Lx5ZE?feature=oembed\" frameborder=\"0\" allow=\"accelerometer; autoplay; clipboard-write; encrypted-media; gyroscope; picture-in-picture\" allowfullscreen><\/iframe>\n<\/div><\/figure>\n\n\n\n<p>Faremos tr\u00eas\u00a0 sess\u00f5es especiais com alunos e professores\u00a0 de escolas p\u00fablicas,\u00a0 a<br>primeira ser\u00e1 na\u00a0 E.E. Professor Leopoldo Santana no dia 08 de agosto \u00e0s 19h ; na E.E<br>Rep\u00fablica do Panam\u00e1 no dia 22 de agosto \u00e0s 19h, ambos na\u00a0ZONA SUL\u00a0; e na E.E. Maria<br>Jos\u00e9\u00a0 no dia 15 de agosto \u00e0s 19h no Centro de S\u00e3o Paulo. Toda sess\u00e3o ter\u00e1 debate<br>com\u00a0os alunos e professores.<\/p>\n\n\n\n<p><strong>EM CARTAZ<\/strong><\/p>\n\n\n\n<figure class=\"wp-block-image size-large\"><img decoding=\"async\" width=\"1024\" height=\"481\" src=\"https:\/\/projetocineb.com.br\/wp-content\/uploads\/2022\/08\/cartazes_MP-1024x481.jpg\" alt=\"\" class=\"wp-image-16591\" srcset=\"https:\/\/projetocineb.com.br\/wp-content\/uploads\/2022\/08\/cartazes_MP-1024x481.jpg 1024w, https:\/\/projetocineb.com.br\/wp-content\/uploads\/2022\/08\/cartazes_MP-300x141.jpg 300w, https:\/\/projetocineb.com.br\/wp-content\/uploads\/2022\/08\/cartazes_MP-768x361.jpg 768w, https:\/\/projetocineb.com.br\/wp-content\/uploads\/2022\/08\/cartazes_MP.jpg 1280w\" sizes=\"(max-width: 1024px) 100vw, 1024px\" \/><figcaption>Classifica\u00e7\u00e3o 14 anos<\/figcaption><\/figure>\n\n\n\n<p><strong>CINEB SOLAR<\/strong><\/p>\n\n\n\n<p>CINEB SOLAR \u00e9 um circuito itinerante de cinema realizado pelo Sindicato dos Banc\u00e1rios<br>de S\u00e3o Paulo, Osasco e Regi\u00e3o e pela Brazucah Produ\u00e7\u00f5es. Desde 2007, o projeto j\u00e1<br>atingiu um p\u00fablico de\u00a084\u00a0mil espectadores em mais de\u00a0639\u00a0sess\u00f5es gratuitas realizadas<br>em comunidades e universidades de S\u00e3o Paulo. Percorremos cerca de\u00a0142 bairros\u00a0da<br>cidade de S\u00e3o Paulo\u00a0 e\u00a018 cidades\u00a0fora de S\u00e3o Paulo<br>Ao longo destes 15 anos criamos o\u00a0Selo CineB\u00a0do cinema brasileiro , com\u00a04 DVDs\u00a0que<br>cont\u00e9m no total 18 curtas\u00a0 mais bem avaliados pelo projeto. No\u00a0Pr\u00eamio CineB Solar do<br>Cinema Brasileiro\u00a0premiamos com trof\u00e9u\u00a0\u00a0217\u00a0 entidades\u00a0e\u00a0156 diretores dos<br>filmes\u00a0exibidos. A iniciativa busca democratizar o acesso ao cinema nacional e divulgar<br>os filmes produzidos no Brasil.<\/p>\n\n\n\n<p>J\u00e1 foram exibidos na tela do CINEB SOLAR &nbsp;153&nbsp;&nbsp;longas-metragens e&nbsp;105&nbsp;curtas-<br>metragens, al\u00e9m da realiza\u00e7\u00e3o de pr\u00e9-estreias exclusivas. Nesse momento de<br>isolamento, para evitar aglomera\u00e7\u00f5es, nos reinventamos e preparamos novos<br>projetos: CineB on-line, CineB Solar na Janela e CineB Autorama, a\u00e7\u00f5es para que todos<br>possam ficar em casa e se divertir com uma sess\u00e3o de cinema.<br>&#8220;No CineB Solar as sess\u00f5es&nbsp;&nbsp;s\u00e3o&nbsp;exibidas utilizando-se de energia solar captada atrav\u00e9s<br>de um ve\u00edculo equipado com placas solares, baterias e conversor. CineB Solar \u00e9 o<br>primeiro&nbsp; cinema itinerante do Brasil movido a energia solar, um trabalho de<br>consci\u00eancia ambiental e sustentabilidade&#8221;, explica Cid\u00e1lio Vieira Santos- coordenador<br>do projeto CineB Solar.&nbsp;<\/p>\n\n\n\n<p>Durante 15 anos do CineB Solar\u00a0 os principais filmes brasileiro tiveram suas pr\u00e9\u00a0<br>estreias e\u00a0 sess\u00f5es especiais\u00a0 no projeto : \u00a0 O Contador de Hist\u00f3rias; Gonzaga De pai pra<br>filho; \u00c0 Beira do Caminho; O in\u00edcio , o fim e o meio &#8211;Raul Seixas; De\u00a0Menor;<br>Get\u00falio;\u00a0Sabotage; BETINHO-a esperan\u00e7a equilibrista; M\u00e3e s\u00f3 H\u00e1 Uma; Aquarius;<br>Pitanga;\u00a0Coragem as Muitas Vidas do \u00a0Cardeal Dom Paulo Evaristo Arns; Bacurau;<br>Marighella\u00a0;\u00a0Pureza, O Pai da Rita<\/p>\n\n\n\n<p><strong>SERVI\u00c7O:<\/strong><\/p>\n\n\n\n<p><strong>CINEMA BRASILEIRO NO CAP\u00c3O REDONDO\u00a0<br><\/strong>DIA 08 DE AGOSTO &#8211; SEGUNDA-FEIRA \u2013\u00c0S 19H<br>LOCAL: No P\u00e1tio da Escola<br>\u00a0ENDERE\u00c7O: Rua Manuel Duarte de Oliveira, 151, Cap\u00e3o Redondo , Zona Sul, sp<br>RETIRADA DE CONVITES:\u00a0na Secretaria da escola ou por e-mail<br>producaocineb@brazucah.com.br\u00a0<br>\u00a0<br>\u00a0<br><strong>CINEMA BRASILEIRO NA BELA VISTA<br><\/strong>DIA: 15 DE\u00a0 AGOSTO SEGUNDA-FEIRA \u00c0S 19H<br>LOCAL: E.E. Maria Jos\u00e9\u00a0<br>ENDERE\u00c7O:\u00a0 Rua Treze de Maio , 267- Bela Vista,\u00a0 Centro, sp<br>RETIRADA DE CONVITES: Com professor Marcos coordenador pedag\u00f3gico ou\u00a0 \u00a0por e-<br>mail producaocineb@brazucah.com.br\u00a0\u00a0<\/p>\n\n\n\n<p><strong>CINEMA BRASILEIRO NO JARDIM NELMA<br><\/strong>DIA: 22 DE\u00a0 AGOSTO &#8211; SEGUNDA-FEIRA \u00a0\u2013 \u00c0S 19H<\/p>\n\n\n\n<p>LOCAL:\u00a0E.E Rep\u00fablica do Panam\u00e1<br>ENDERE\u00c7O:\u00a0 Rua Piemonte da Borborena, 75, Jardim Nelma, Campo Limpo., Zona Sul,\u00a0<br>sp<br>RETIRADA DE CONVITES:\u00a0 na Secretaria da escola ou\u00a0 \u00a0por e-mail<br>producaocineb@brazucah.com.br<\/p>\n","protected":false},"excerpt":{"rendered":"<p>O longa\u00a0\u201cMedida Provis\u00f3ria\u201d, que marca a estreia de L\u00e1zaro Ramos como diretor decinema, entrar\u00e1 em cartaz no CineB Solar\u00a0no m\u00eas[&#8230;]<\/p>\n","protected":false},"author":4,"featured_media":16591,"comment_status":"open","ping_status":"open","sticky":false,"template":"","format":"standard","meta":[],"categories":[4,6,7,10],"tags":[154,252,255,263,489,1132],"_links":{"self":[{"href":"https:\/\/projetocineb.com.br\/index.php?rest_route=\/wp\/v2\/posts\/16589"}],"collection":[{"href":"https:\/\/projetocineb.com.br\/index.php?rest_route=\/wp\/v2\/posts"}],"about":[{"href":"https:\/\/projetocineb.com.br\/index.php?rest_route=\/wp\/v2\/types\/post"}],"author":[{"embeddable":true,"href":"https:\/\/projetocineb.com.br\/index.php?rest_route=\/wp\/v2\/users\/4"}],"replies":[{"embeddable":true,"href":"https:\/\/projetocineb.com.br\/index.php?rest_route=%2Fwp%2Fv2%2Fcomments&post=16589"}],"version-history":[{"count":1,"href":"https:\/\/projetocineb.com.br\/index.php?rest_route=\/wp\/v2\/posts\/16589\/revisions"}],"predecessor-version":[{"id":16592,"href":"https:\/\/projetocineb.com.br\/index.php?rest_route=\/wp\/v2\/posts\/16589\/revisions\/16592"}],"wp:featuredmedia":[{"embeddable":true,"href":"https:\/\/projetocineb.com.br\/index.php?rest_route=\/wp\/v2\/media\/16591"}],"wp:attachment":[{"href":"https:\/\/projetocineb.com.br\/index.php?rest_route=%2Fwp%2Fv2%2Fmedia&parent=16589"}],"wp:term":[{"taxonomy":"category","embeddable":true,"href":"https:\/\/projetocineb.com.br\/index.php?rest_route=%2Fwp%2Fv2%2Fcategories&post=16589"},{"taxonomy":"post_tag","embeddable":true,"href":"https:\/\/projetocineb.com.br\/index.php?rest_route=%2Fwp%2Fv2%2Ftags&post=16589"}],"curies":[{"name":"wp","href":"https:\/\/api.w.org\/{rel}","templated":true}]}}