{"id":1677,"date":"2010-11-30T13:20:34","date_gmt":"2010-11-30T15:20:34","guid":{"rendered":"http:\/\/projetocineb.com.br\/?p=1677"},"modified":"2010-11-30T13:20:34","modified_gmt":"2010-11-30T15:20:34","slug":"cine-b-nas-universidades","status":"publish","type":"post","link":"https:\/\/projetocineb.com.br\/?p=1677","title":{"rendered":"CINE B NAS UNIVERSIDADES"},"content":{"rendered":"<p><span style=\"color: #ff6600;\">Em dezembro, o Cine B Nas Universidades conta com 3 exibi\u00e7\u00f5es imperd\u00edveis. A primeira delas \u00e9 a pr\u00e9-estr\u00e9ia exclusiva do filme \u201cNatimorto\u201d, filme de estr\u00e9ia do diretor Paulo Machline, baseado na obra do quadrinhista e escritor Louren\u00e7o Mutarelli. A sess\u00e3o ser\u00e1 realizada na Anhembi Morumbi(Centro), dia 1 de dezembro \u00e0s 19:30 e contar\u00e1 com a presen\u00e7a do diretor e de Louren\u00e7o para\u00a0 debate ap\u00f3s a sess\u00e3o.<\/span><\/p>\n<p>Ainda em dezembro, <span style=\"color: #ff6600;\">outras duas exibi\u00e7\u00f5es acontecem quase simultaneamente em dois campi da USP \u2013 Cidade Universit\u00e1ria e USP Leste -no dia 2.<\/span> Nesta programa\u00e7\u00e3o estar\u00e3o o longa metragem \u201cAbra\u00e7o Corporativo\u201d, de Ricardo Kauffman e o curta-metragem \u201cO Divino, De Repente\u201d, de F\u00e1bio Yamaji.<\/p>\n<p>Na <span style=\"color: #ff6600;\">EACH (USP LESTE)<\/span> a sess\u00e3o acontece \u00e0s <span style=\"color: #ff6600;\">18:00, no audit\u00f3rio Verde<\/span>.<\/p>\n<p>Na <span style=\"color: #ff6600;\">C<\/span><span style=\"color: #ff6600;\">idade Universit\u00e1ria<\/span>, \u00e0s 1<span style=\"color: #ff6600;\">9:00, no CInusp<\/span>.<\/p>\n<p><strong>Sobre os filmes:<\/strong><\/p>\n<figure id=\"attachment_1678\" aria-describedby=\"caption-attachment-1678\" style=\"width: 360px\" class=\"wp-caption aligncenter\"><a href=\"http:\/\/projetocineb.com.br\/wp-content\/uploads\/2010\/11\/natimorto.jpg\"><img fetchpriority=\"high\" decoding=\"async\" class=\"size-full wp-image-1678 \" title=\"Cartaz do Cine B do filme Natimorto\" src=\"http:\/\/projetocineb.com.br\/wp-content\/uploads\/2010\/11\/natimorto.jpg\" alt=\"Cartaz do Cine B do filme Natimorto\" width=\"360\" height=\"509\" \/><\/a><figcaption id=\"caption-attachment-1678\" class=\"wp-caption-text\">Cartaz do Cine B do filme Natimorto<\/figcaption><\/figure>\n<p><strong>Sinopse: <\/strong>Um ca\u00e7a talentos traz uma jovem cantora a S\u00e3o Paulo afim de apresent\u00e1-la a um renomado maestro. Enquanto esperam o dia da audi\u00e7\u00e3o permanecem num quarto de hotel onde, entre cigarros e cafezinhos, ele l\u00ea o futuro da cantora nas advert\u00eancias dos ma\u00e7os de cigarro como se fossem cartas de tar\u00f4. \u00c9 durante essa espera que ser\u00e3o reveladas suas verdadeiras inten\u00e7\u00f5es<\/p>\n<p><strong> <\/strong><\/p>\n<figure id=\"attachment_1679\" aria-describedby=\"caption-attachment-1679\" style=\"width: 360px\" class=\"wp-caption aligncenter\"><a href=\"http:\/\/projetocineb.com.br\/wp-content\/uploads\/2010\/11\/abraco.jpg\"><img decoding=\"async\" class=\"size-full wp-image-1679 \" title=\"Cartaz do Cine B de O Abra\u00e7o corporativo\" src=\"http:\/\/projetocineb.com.br\/wp-content\/uploads\/2010\/11\/abraco.jpg\" alt=\"Cartaz do Cine B de O Abra\u00e7o corporativo\" width=\"360\" height=\"509\" \/><\/a><figcaption id=\"caption-attachment-1679\" class=\"wp-caption-text\">Cartaz do Cine B de O Abra\u00e7o corporativo<\/figcaption><\/figure>\n<p><strong>Sinopse: <\/strong><em>O Abra\u00e7o Corporativo<\/em> acompanha a trajet\u00f3ria real de um consultor de RH fict\u00edcio, chamado Ary Itnem, em busca de divulga\u00e7\u00e3o da Teoria do Abra\u00e7o. Tal Teoria \u00e9 a solu\u00e7\u00e3o para uma doen\u00e7a enfrentada pelas empresas chamada in\u00e9rcia do afastamento \u2013 um mal causado pelo uso excessivo das novas tecnologias.<\/p>\n<p>O filme mostra o personagem \u2013 encarnado pelo ator Leonardo Camillo \u2013 e sua teoria tamb\u00e9m inventada em contato com emissoras de TV, r\u00e1dio, jornais, revistas e portais da Internet. <em>O Abra\u00e7o Corporativo<\/em> mistura a trajet\u00f3ria de Ary com depoimentos diversos sobre como se faz not\u00edcia hoje. Juca Kfouri, Eug\u00eanio Bucci, Contardo Calligaris, Bob Fernandes e o ex-governador de S\u00e3o Paulo Cl\u00e1udio Lembo s\u00e3o alguns dos entrevistados.<\/p>\n<p><strong>CURTA-METRAGEM: <em>O Divino, De repente <\/em><\/strong> \u00e9 um curta-metragem que combina live-action, com anima\u00e7\u00e3o experimental e anal\u00f3gica para apresentar Ubiraci Crispim de Freitas, um personagem real conhecido por cantar repentes, que conta sua vida neste document\u00e1rio.<\/p>\n","protected":false},"excerpt":{"rendered":"<p>Em dezembro, o Cine B Nas Universidades conta com 3 exibi\u00e7\u00f5es imperd\u00edveis. A primeira delas \u00e9 a pr\u00e9-estr\u00e9ia exclusiva do[&#8230;]<\/p>\n","protected":false},"author":2,"featured_media":0,"comment_status":"open","ping_status":"open","sticky":false,"template":"","format":"standard","meta":[],"categories":[10],"tags":[82,154,232,242,266,286,289,1095,1132,1202],"_links":{"self":[{"href":"https:\/\/projetocineb.com.br\/index.php?rest_route=\/wp\/v2\/posts\/1677"}],"collection":[{"href":"https:\/\/projetocineb.com.br\/index.php?rest_route=\/wp\/v2\/posts"}],"about":[{"href":"https:\/\/projetocineb.com.br\/index.php?rest_route=\/wp\/v2\/types\/post"}],"author":[{"embeddable":true,"href":"https:\/\/projetocineb.com.br\/index.php?rest_route=\/wp\/v2\/users\/2"}],"replies":[{"embeddable":true,"href":"https:\/\/projetocineb.com.br\/index.php?rest_route=%2Fwp%2Fv2%2Fcomments&post=1677"}],"version-history":[{"count":0,"href":"https:\/\/projetocineb.com.br\/index.php?rest_route=\/wp\/v2\/posts\/1677\/revisions"}],"wp:attachment":[{"href":"https:\/\/projetocineb.com.br\/index.php?rest_route=%2Fwp%2Fv2%2Fmedia&parent=1677"}],"wp:term":[{"taxonomy":"category","embeddable":true,"href":"https:\/\/projetocineb.com.br\/index.php?rest_route=%2Fwp%2Fv2%2Fcategories&post=1677"},{"taxonomy":"post_tag","embeddable":true,"href":"https:\/\/projetocineb.com.br\/index.php?rest_route=%2Fwp%2Fv2%2Ftags&post=1677"}],"curies":[{"name":"wp","href":"https:\/\/api.w.org\/{rel}","templated":true}]}}