{"id":1707,"date":"2010-12-08T00:21:54","date_gmt":"2010-12-08T02:21:54","guid":{"rendered":"http:\/\/projetocineb.com.br\/?p=1707"},"modified":"2010-12-08T00:21:54","modified_gmt":"2010-12-08T02:21:54","slug":"itapecerica-da-serra-2","status":"publish","type":"post","link":"https:\/\/projetocineb.com.br\/?p=1707","title":{"rendered":"ITAPECERICA DA SERRA"},"content":{"rendered":"<p><span style=\"color: #ff6600;\">Pela sexta vez o Cine B volta na cidade de Itapecerica da Serra para 2 grandes exibi\u00e7\u00f5es<\/span> do melhor do cinema nacional. Dessa vez, estivemos por l\u00e1 <span style=\"color: #ff6600;\">na Escola Joaquim Fernando Paes de Barros Neto, tendo como espectadores, os alunos de 5\u00aa e 6\u00aa s\u00e9rie, que assistiram ao longa-metragem <em>A guerra dos vizinhos<\/em>, de Rubens Xavier<\/span>.<\/p>\n<figure id=\"attachment_1709\" aria-describedby=\"caption-attachment-1709\" style=\"width: 384px\" class=\"wp-caption aligncenter\"><a href=\"http:\/\/projetocineb.com.br\/wp-content\/uploads\/2010\/12\/Itapecerica01.jpg\"><img fetchpriority=\"high\" decoding=\"async\" class=\"size-full wp-image-1709  \" title=\"Alunos da Escola Joaquim, assistem a uma exibi\u00e7\u00e3o do Cine B, realizado pelo Sindicato dos Banc\u00e1rios de S\u00e3o Paulo, Osasco e Regi\u00e3o e Brazucah Produ\u00e7\u00f5es\" src=\"http:\/\/projetocineb.com.br\/wp-content\/uploads\/2010\/12\/Itapecerica01.jpg\" alt=\"Alunos da Escola Joaquim, assistem a uma exibi\u00e7\u00e3o do Cine B, realizado pelo Sindicato dos Banc\u00e1rios de S\u00e3o Paulo, Osasco e Regi\u00e3o e Brazucah Produ\u00e7\u00f5es\" width=\"384\" height=\"255\" \/><\/a><figcaption id=\"caption-attachment-1709\" class=\"wp-caption-text\">Alunos da Escola Joaquim Fernando Paes de Barros Neto, assistem a uma exibi\u00e7\u00e3o do Cine B, realizado pelo Sindicato dos Banc\u00e1rios de S\u00e3o Paulo, Osasco e Regi\u00e3o e Brazucah Produ\u00e7\u00f5es<\/figcaption><\/figure>\n<p><span style=\"color: #ff6600;\">\u201cEstou deslumbrada, tudo de bom trazer cultura para dentro da escola! Se eu conhecesse este trabalho antes, j\u00e1 tinha trazido\u201d, disse a diretora Nisemarie Valentim.<\/span> Segundo ela, a escola tem hoje cerca de 2 mil alunos. \u201cTemos mil e poucos alunos, mais mil alunos do nosso Centro de L\u00ednguas, onde aprendem ingl\u00eas, espanhol e franc\u00eas\u201d, disse Nisemarie.<\/p>\n<p><span style=\"color: #ff6600;\">\u201cFiz meu primeiro e segundo colegial aqui, ent\u00e3o \u00e9 muito bom trazer o Cine B para c\u00e1. Fiz contato com o professor Claudinei, um dos mais antigos daqui, e conseguimos estas duas exibi\u00e7\u00f5es cheias\u201d, disse Gilberto Morais, da Pastoral F\u00e9 e Pol\u00edtica, da Par\u00f3quia Maria M\u00e3e dos Caminhantes.<\/span> Ele foi o\u00a0grande agitador desta exibi\u00e7\u00e3o na escola. J\u00e1 \u00e9 a segunda vez que ele traz o Cine B para Itapecerica da Serra. Na outra exibi\u00e7\u00e3o estivemos no sal\u00e3o da Par\u00f3quia. Em outras exibi\u00e7\u00f5es, <span style=\"color: #ff6600;\">o Cine B, realizado pelo Sindicato dos Banc\u00e1rios de S\u00e3o Paulo, Osasco e Regi\u00e3o e Brazucah Produ\u00e7\u00f5es, abriu sua tela 3 vezes no Jardim Jacira, uma vez no CineTeatro da Prefeitura do Munic\u00edpio e 2 vezes Parque Para\u00edso.<\/span><\/p>\n<p><a href=\"http:\/\/projetocineb.com.br\/?p=1043\" target=\"_blank\">Clique aqui para saber como foi a exibi\u00e7\u00e3o na Igreja.<\/a><\/p>\n<figure id=\"attachment_1708\" aria-describedby=\"caption-attachment-1708\" style=\"width: 384px\" class=\"wp-caption aligncenter\"><a href=\"http:\/\/projetocineb.com.br\/wp-content\/uploads\/2010\/12\/Itapecerica06.jpg\"><img decoding=\"async\" class=\"size-full wp-image-1708  \" title=\"Claudinei e Gilberto com filha\" src=\"http:\/\/projetocineb.com.br\/wp-content\/uploads\/2010\/12\/Itapecerica06.jpg\" alt=\"Claudinei e Gilberto com filha\" width=\"384\" height=\"255\" \/><\/a><figcaption id=\"caption-attachment-1708\" class=\"wp-caption-text\">O professor Claudinei Pedro Cunha, ao lado de Gilberto Morais, da Pastoral F\u00e9 e Pol\u00edtica com sua filha<\/figcaption><\/figure>\n<p>\u201cN\u00e3o fizemos a distribui\u00e7\u00e3o dos ingressos, pois quando exibimos filmes aqui, utilizamos uma televis\u00e3o comum e hoje como ia ser diferente, deixamos para trazer os alunos na hora\u201d, disse o professor de portugu\u00eas, Claudinei Pedro Cunha.<\/p>\n<p><span style=\"color: #ff6600;\">\u201cNa primeira exibi\u00e7\u00e3o que o Cine B fez por aqui, teve muita repercuss\u00e3o na cidade, pois ainda convivemos com o problema de n\u00e3o termos uma sala de cinema. Ent\u00e3o, toda vez que tiver Cine B em Itapecerica, a sess\u00e3o vai lotar\u201d, disse Gilberto<\/span> da Pastoral F\u00e9 e Pol\u00edtica.<\/p>\n<p><span style=\"color: #ff6600;\">\u201cAl\u00e9m de promover a sociabiliza\u00e7\u00e3o entre as turmas de estudantes, \u00e9 poss\u00edvel trabalhar o filme na sala de aula, com os alunos\u201d, disse a vice-diretora Vera Lucia Gomes Ferreira Palmezano.<\/span><\/p>\n<figure id=\"attachment_1710\" aria-describedby=\"caption-attachment-1710\" style=\"width: 384px\" class=\"wp-caption aligncenter\"><a href=\"http:\/\/projetocineb.com.br\/wp-content\/uploads\/2010\/12\/Itapecerica02.jpg\"><img decoding=\"async\" class=\"size-full wp-image-1710  \" title=\"Dessa vez, os professores da Escola n\u00e3o se incomodaram com o som alto. Ao lado da sala que era exibido o filme, fica a sala dos professores\" src=\"http:\/\/projetocineb.com.br\/wp-content\/uploads\/2010\/12\/Itapecerica02.jpg\" alt=\"Dessa vez, os professores da Escola n\u00e3o se incomodaram com o som alto. Ao lado da sala que era exibido o filme, fica a sala dos professores\" width=\"384\" height=\"255\" \/><\/a><figcaption id=\"caption-attachment-1710\" class=\"wp-caption-text\">Ao lado do Laborat\u00f3rio transformado em cinema, fica a sala dos professores, mas dessa vez, eles n\u00e3o se incomodaram com o som alto! <\/figcaption><\/figure>\n<p>Este \u00e9 o Cine B, promovendo divers\u00e3o e cultura dentro da escola. Claro que os estudantes amaram a nossa pipoca oficial, feita pelo Seu Ant\u00f4nio.<\/p>\n<figure id=\"attachment_1713\" aria-describedby=\"caption-attachment-1713\" style=\"width: 384px\" class=\"wp-caption aligncenter\"><a href=\"http:\/\/projetocineb.com.br\/wp-content\/uploads\/2010\/12\/Itapecerica05.jpg\"><img loading=\"lazy\" decoding=\"async\" class=\"size-full wp-image-1713  \" title=\"Esse \u00e9 o Cine B no Laborat\u00f3rio de Biologia transformado em cinema\" src=\"http:\/\/projetocineb.com.br\/wp-content\/uploads\/2010\/12\/Itapecerica05.jpg\" alt=\"Esse \u00e9 o Cine B no Laborat\u00f3rio de Biologia transformado em cinema\" width=\"384\" height=\"255\" \/><\/a><figcaption id=\"caption-attachment-1713\" class=\"wp-caption-text\">Esse \u00e9 o Cine B no Laborat\u00f3rio de Biologia transformado em cinema<\/figcaption><\/figure>\n<figure id=\"attachment_1712\" aria-describedby=\"caption-attachment-1712\" style=\"width: 384px\" class=\"wp-caption aligncenter\"><a href=\"http:\/\/projetocineb.com.br\/wp-content\/uploads\/2010\/12\/Itapecerica04.jpg\"><img loading=\"lazy\" decoding=\"async\" class=\"size-full wp-image-1712  \" title=\"No final de cada exibi\u00e7\u00e3o, aconteceu o tradicional sorteio de camisetas do Cine B e livros da exposi\u00e7\u00e3o Corpo Humano\" src=\"http:\/\/projetocineb.com.br\/wp-content\/uploads\/2010\/12\/Itapecerica04.jpg\" alt=\"No final de cada exibi\u00e7\u00e3o, aconteceu o tradicional sorteio de camisetas do Cine B e livros da exposi\u00e7\u00e3o Corpo Humano\" width=\"384\" height=\"255\" \/><\/a><figcaption id=\"caption-attachment-1712\" class=\"wp-caption-text\">No final de cada exibi\u00e7\u00e3o, aconteceu o tradicional sorteio de camisetas do Cine B e livros da exposi\u00e7\u00e3o Corpo Humano<\/figcaption><\/figure>\n","protected":false},"excerpt":{"rendered":"<p>Pela sexta vez o Cine B volta na cidade de Itapecerica da Serra para 2 grandes exibi\u00e7\u00f5es do melhor do[&#8230;]<\/p>\n","protected":false},"author":2,"featured_media":0,"comment_status":"open","ping_status":"open","sticky":false,"template":"","format":"standard","meta":[],"categories":[2],"tags":[29,154,263,266,480,653,1132,1251],"_links":{"self":[{"href":"https:\/\/projetocineb.com.br\/index.php?rest_route=\/wp\/v2\/posts\/1707"}],"collection":[{"href":"https:\/\/projetocineb.com.br\/index.php?rest_route=\/wp\/v2\/posts"}],"about":[{"href":"https:\/\/projetocineb.com.br\/index.php?rest_route=\/wp\/v2\/types\/post"}],"author":[{"embeddable":true,"href":"https:\/\/projetocineb.com.br\/index.php?rest_route=\/wp\/v2\/users\/2"}],"replies":[{"embeddable":true,"href":"https:\/\/projetocineb.com.br\/index.php?rest_route=%2Fwp%2Fv2%2Fcomments&post=1707"}],"version-history":[{"count":0,"href":"https:\/\/projetocineb.com.br\/index.php?rest_route=\/wp\/v2\/posts\/1707\/revisions"}],"wp:attachment":[{"href":"https:\/\/projetocineb.com.br\/index.php?rest_route=%2Fwp%2Fv2%2Fmedia&parent=1707"}],"wp:term":[{"taxonomy":"category","embeddable":true,"href":"https:\/\/projetocineb.com.br\/index.php?rest_route=%2Fwp%2Fv2%2Fcategories&post=1707"},{"taxonomy":"post_tag","embeddable":true,"href":"https:\/\/projetocineb.com.br\/index.php?rest_route=%2Fwp%2Fv2%2Ftags&post=1707"}],"curies":[{"name":"wp","href":"https:\/\/api.w.org\/{rel}","templated":true}]}}