{"id":17602,"date":"2022-09-01T14:41:05","date_gmt":"2022-09-01T17:41:05","guid":{"rendered":"https:\/\/projetocineb.com.br\/?p=17602"},"modified":"2023-01-02T18:29:24","modified_gmt":"2023-01-02T21:29:24","slug":"filme-medida-provisoria-tem-sessao-especial-do-cineb-solar-na-barragem","status":"publish","type":"post","link":"https:\/\/projetocineb.com.br\/?p=17602","title":{"rendered":"Filme &#8220;Medida Provis\u00f3ria&#8221; tem sess\u00e3o especial do CineB Solar na Barragem"},"content":{"rendered":"\n<p>Fotos, texto e depoimentos: Cid\u00e1lio Vieira. Fotos: M\u00e1rcio Mendes<\/p>\n\n\n\n<p>Na \u00faltima ter\u00e7a-feira, 30\/08, o CineB Solar foi at\u00e9 a Escola Estadual Prof. Joaquim \u00c1lvarez Cruz \u00a0para exibir uma sess\u00e3o especial do longa-metragem &#8220;Medida Provis\u00f3ria&#8221;, de L\u00e1zaro Ramos.<\/p>\n\n\n\n<p>Mesmo com o frio que estava fazendo nesta ter\u00e7a-feira tivemos um p\u00fablico de cerca de 70 pessoas que foram prestigiar esta \u00a0sess\u00e3o especial . <\/p>\n\n\n\n<figure class=\"wp-block-image size-full\"><img fetchpriority=\"high\" decoding=\"async\" width=\"886\" height=\"498\" src=\"https:\/\/projetocineb.com.br\/wp-content\/uploads\/2022\/09\/image.png\" alt=\"\" class=\"wp-image-17603\" srcset=\"https:\/\/projetocineb.com.br\/wp-content\/uploads\/2022\/09\/image.png 886w, https:\/\/projetocineb.com.br\/wp-content\/uploads\/2022\/09\/image-300x169.png 300w, https:\/\/projetocineb.com.br\/wp-content\/uploads\/2022\/09\/image-768x432.png 768w\" sizes=\"(max-width: 886px) 100vw, 886px\" \/><figcaption>P\u00fablico da sess\u00e3o<\/figcaption><\/figure>\n\n\n\n<p>A sess\u00e3o foi articulada por S\u00f4nia Estela da Silva &#8211; a Fuma\u00e7a, funcion\u00e1ria do Sindicato dos Banc\u00e1rios de S\u00e3o Paulo, Osasco e Regi\u00e3o e lideran\u00e7a comunit\u00e1ria, que mora h\u00e1 30 anos na Barragem e com parceria dos professores da\u00a0 E.E. Prof Joaquin \u00c1lvarez\u00a0 Cruz.<\/p>\n\n\n\n<p>A abertura contou com a presen\u00e7a do professor Eder Rodrigues, professor\u00a0e coordenador do ensino m\u00e9dio,\u00a0S\u00f4nia Estela da Silva &#8211; a Fuma\u00e7a, funcion\u00e1ria do Sindicato dos Banc\u00e1rios de S\u00e3o Paulo, Benedita Pereira Martins, Vice diretora e Bruna Silva , funcion\u00e1ria do Sindicato dos Banc\u00e1rios.\u00a0<\/p>\n\n\n\n<div class=\"wp-block-image\"><figure class=\"aligncenter size-full\"><img decoding=\"async\" width=\"438\" height=\"778\" src=\"https:\/\/projetocineb.com.br\/wp-content\/uploads\/2022\/09\/image-1.png\" alt=\"\" class=\"wp-image-17604\" srcset=\"https:\/\/projetocineb.com.br\/wp-content\/uploads\/2022\/09\/image-1.png 438w, https:\/\/projetocineb.com.br\/wp-content\/uploads\/2022\/09\/image-1-169x300.png 169w\" sizes=\"(max-width: 438px) 100vw, 438px\" \/><figcaption>Professora e vice diretora Benedita<\/figcaption><\/figure><\/div>\n\n\n\n<blockquote class=\"wp-block-quote\"><p>\u201cBoa noite meu nome \u00e9 Benedita Pereira Martins sou vice diretora da escola , e eu acho que este projeto ele vem de encontro com a realidade dos alunos , foi muito bom ter trazido pra c\u00e1 n\u00f3s j\u00e1 tivemos uma experi\u00eancia que foi muito boa, e agora este projeto de volta vai servir para amadurecer mais estas crian\u00e7as e ter mais oportunidade \u00a0visto que a cultura est\u00e1 vindo at\u00e9 eles.\u201d<\/p><cite>disse a vice diretora.<\/cite><\/blockquote>\n\n\n\n<p>O CineB Solar \u00a0tem como objetivo levar cultura e o cinema em locais que possuem pouco ou nenhum acesso \u00e0s salas de cinema. \u00c9 exatamente por este motivo que estivemos presentes \u00a0pela quinta \u00a0vez no bairro da Barragem, situado no extremo Sul da cidade de S\u00e3o Paulo, onde j\u00e1 exibimos v\u00e1rios filmes tais como : &#8220;MEUS DOIS AMORES&#8221;, &#8220;O MENINO NO ESPELHO&#8221;, &#8220;MADE IN CHINA&#8221; \u00a0e &#8220;SELVAGEM&#8221;.<\/p>\n\n\n\n<div class=\"wp-block-image\"><figure class=\"aligncenter size-full\"><img decoding=\"async\" width=\"416\" height=\"739\" src=\"https:\/\/projetocineb.com.br\/wp-content\/uploads\/2022\/09\/image-2.png\" alt=\"\" class=\"wp-image-17605\" srcset=\"https:\/\/projetocineb.com.br\/wp-content\/uploads\/2022\/09\/image-2.png 416w, https:\/\/projetocineb.com.br\/wp-content\/uploads\/2022\/09\/image-2-169x300.png 169w\" sizes=\"(max-width: 416px) 100vw, 416px\" \/><figcaption>Eder &#8211; coordenador pedag\u00f3gico<\/figcaption><\/figure><\/div>\n\n\n\n<blockquote class=\"wp-block-quote\"><p>\u201cMeu nome \u00e9 Eder Manoel Rodrigues, sou professor coordenador de ensino m\u00e9dio aqui da Escola Estadual Professor Joaquim \u00c1lvares \u00a0Cruz j\u00e1 tem uns dois anos. Bom sobre este projeto, achei maravilhoso quando ouvi a proposta, eu sinceramente n\u00e3o conhecia o projeto, eu conheci a partir de pesquisas , fui ver as redes sociais, fui pesquisar como \u00e9 o projeto, eu achei fant\u00e1stico, maravilhoso, principalmente o filme que trouxeram hoje que \u00e9 Medida Provis\u00f3ria que aborda o tema sobre preconceito, racismo que tamb\u00e9m envolve a nossa comunidade dos nossos alunos. Espero que venha mais vezes e tenha mais projetos assim culturais, porque quanto mais cultura melhor para a comunidade. Esta comunidade \u00e9 muito pobre de cultura, largado pelos governantes sobre esta quest\u00e3o de n\u00e3o ter um apoio a cultura para o bairro. Ent\u00e3o, eu amei o CineB Solar trazer este projeto pra c\u00e1, o filme \u00e9 muito bom aconselho a todos a assistirem e espero que venham mais vezes , obrigado\u201d.<\/p><cite>falou o coordenador.<\/cite><\/blockquote>\n\n\n\n<p>Desta vez viemos com uma sess\u00e3o especial com o filme &#8220;Medida Provis\u00f3ria&#8221;, sendo transmitido no p\u00e1tio da escola. Este filme\u00a0retrata e explora o sofrimento que o racismo traz e sempre trouxe, v\u00e1rias hist\u00f3rias que, no filme, se passaria em uma fic\u00e7\u00e3o no futuro, mas est\u00e1 presente no nosso dia a dia. O filme \u00e9 muito bem dirigido, boas atua\u00e7\u00f5es, linda fotografia do centro do Rio, \u00e9 um filme forte. E \u00e9 o primeiro filme de L\u00e1zaro Ramos como diretor.<\/p>\n\n\n\n<p><strong>Gr\u00eamio estudantil<\/strong><\/p>\n\n\n\n<figure class=\"wp-block-image size-full\"><img loading=\"lazy\" decoding=\"async\" width=\"886\" height=\"498\" src=\"https:\/\/projetocineb.com.br\/wp-content\/uploads\/2022\/09\/image-3.png\" alt=\"\" class=\"wp-image-17606\" srcset=\"https:\/\/projetocineb.com.br\/wp-content\/uploads\/2022\/09\/image-3.png 886w, https:\/\/projetocineb.com.br\/wp-content\/uploads\/2022\/09\/image-3-300x169.png 300w, https:\/\/projetocineb.com.br\/wp-content\/uploads\/2022\/09\/image-3-768x432.png 768w\" sizes=\"(max-width: 886px) 100vw, 886px\" \/><figcaption>O gr\u00eamio estudantil<\/figcaption><\/figure>\n\n\n\n<p>O Gr\u00eamio Estudantil da escola Joaquim \u00c1lvarez Cruz compareceu \u00e0 sess\u00e3o. Na foto vemos os seus integrantes: Larissa Andr\u00e9 Ad\u00e3o, Ingrid \u00a0Giovanna Moreira Bueno, Lucas Daniel dos Passos Pereira, Kauany Ponzio Azevedo, Wesley H\u00e9lio Isaias Bueno, Ot\u00e1vio dos Santos Bueno. Todos participaram\u00a0 da produ\u00e7\u00e3o da sess\u00e3o e\u00a0ganharam livros da Letraria Cultural.<\/p>\n\n\n\n<p>Vanessa Aparecida Martins dos Santos nos contou o que achou do filme.<\/p>\n\n\n\n<blockquote class=\"wp-block-quote\"><p>\u00a0&#8220;Interessante o filme ser produzido no Brasil e mostrou bem o sofrimento\u00a0 das pessoas negras com\u00a0 o preconceito disseminado pelas pessoas brancas.&#8221;<\/p><cite>falou a jovem.<\/cite><\/blockquote>\n\n\n\n<p><strong>Debate<\/strong><\/p>\n\n\n\n<p>Em uma roda,\u00a0 depois da exibi\u00e7\u00e3o do filme, tivemos um animado debate que durou quase uma hora\u00a0.<\/p>\n\n\n\n<div class=\"wp-block-image\"><figure class=\"aligncenter size-full\"><img loading=\"lazy\" decoding=\"async\" width=\"703\" height=\"703\" src=\"https:\/\/projetocineb.com.br\/wp-content\/uploads\/2022\/09\/image-4.png\" alt=\"\" class=\"wp-image-17607\" srcset=\"https:\/\/projetocineb.com.br\/wp-content\/uploads\/2022\/09\/image-4.png 703w, https:\/\/projetocineb.com.br\/wp-content\/uploads\/2022\/09\/image-4-300x300.png 300w, https:\/\/projetocineb.com.br\/wp-content\/uploads\/2022\/09\/image-4-150x150.png 150w\" sizes=\"(max-width: 703px) 100vw, 703px\" \/><figcaption>Debate produtivo que aconteceu ap\u00f3s a sess\u00e3o<\/figcaption><\/figure><\/div>\n\n\n\n<p><strong>Sobre o CineB Solar<\/strong><\/p>\n\n\n\n<p>CINEB SOLAR \u00e9 um circuito itinerante de cinema realizado pelo Sindicato dos Banc\u00e1rios de S\u00e3o Paulo, Osasco e Regi\u00e3o e pela Brazucah Produ\u00e7\u00f5es. Desde 2007, o projeto j\u00e1 atingiu um p\u00fablico de 85 mil espectadores em mais de 653 sess\u00f5es gratuitas realizadas em comunidades e universidades de S\u00e3o Paulo. Percorremos cerca de 160 bairros da cidade de S\u00e3o Paulo \u00a0e 23 cidades fora de S\u00e3o Paulo.<\/p>\n\n\n\n<figure class=\"is-layout-flex wp-block-gallery-1 wp-block-gallery columns-1 is-cropped\"><ul class=\"blocks-gallery-grid\"><li class=\"blocks-gallery-item\"><figure><img loading=\"lazy\" decoding=\"async\" width=\"1024\" height=\"768\" src=\"https:\/\/projetocineb.com.br\/wp-content\/uploads\/2022\/09\/IMG-20220901-WA0024-1024x768.jpg\" alt=\"\" data-id=\"17608\" data-link=\"https:\/\/projetocineb.com.br\/?attachment_id=17608\" class=\"wp-image-17608\" srcset=\"https:\/\/projetocineb.com.br\/wp-content\/uploads\/2022\/09\/IMG-20220901-WA0024-1024x768.jpg 1024w, https:\/\/projetocineb.com.br\/wp-content\/uploads\/2022\/09\/IMG-20220901-WA0024-300x225.jpg 300w, https:\/\/projetocineb.com.br\/wp-content\/uploads\/2022\/09\/IMG-20220901-WA0024-768x576.jpg 768w, https:\/\/projetocineb.com.br\/wp-content\/uploads\/2022\/09\/IMG-20220901-WA0024-1536x1152.jpg 1536w, https:\/\/projetocineb.com.br\/wp-content\/uploads\/2022\/09\/IMG-20220901-WA0024.jpg 1600w\" sizes=\"(max-width: 1024px) 100vw, 1024px\" \/><\/figure><\/li><\/ul><\/figure>\n","protected":false},"excerpt":{"rendered":"<p>Fotos, texto e depoimentos: Cid\u00e1lio Vieira. Fotos: M\u00e1rcio Mendes Na \u00faltima ter\u00e7a-feira, 30\/08, o CineB Solar foi at\u00e9 a Escola[&#8230;]<\/p>\n","protected":false},"author":4,"featured_media":17603,"comment_status":"open","ping_status":"open","sticky":false,"template":"","format":"standard","meta":[],"categories":[2,6,7],"tags":[],"_links":{"self":[{"href":"https:\/\/projetocineb.com.br\/index.php?rest_route=\/wp\/v2\/posts\/17602"}],"collection":[{"href":"https:\/\/projetocineb.com.br\/index.php?rest_route=\/wp\/v2\/posts"}],"about":[{"href":"https:\/\/projetocineb.com.br\/index.php?rest_route=\/wp\/v2\/types\/post"}],"author":[{"embeddable":true,"href":"https:\/\/projetocineb.com.br\/index.php?rest_route=\/wp\/v2\/users\/4"}],"replies":[{"embeddable":true,"href":"https:\/\/projetocineb.com.br\/index.php?rest_route=%2Fwp%2Fv2%2Fcomments&post=17602"}],"version-history":[{"count":1,"href":"https:\/\/projetocineb.com.br\/index.php?rest_route=\/wp\/v2\/posts\/17602\/revisions"}],"predecessor-version":[{"id":17610,"href":"https:\/\/projetocineb.com.br\/index.php?rest_route=\/wp\/v2\/posts\/17602\/revisions\/17610"}],"wp:featuredmedia":[{"embeddable":true,"href":"https:\/\/projetocineb.com.br\/index.php?rest_route=\/wp\/v2\/media\/17603"}],"wp:attachment":[{"href":"https:\/\/projetocineb.com.br\/index.php?rest_route=%2Fwp%2Fv2%2Fmedia&parent=17602"}],"wp:term":[{"taxonomy":"category","embeddable":true,"href":"https:\/\/projetocineb.com.br\/index.php?rest_route=%2Fwp%2Fv2%2Fcategories&post=17602"},{"taxonomy":"post_tag","embeddable":true,"href":"https:\/\/projetocineb.com.br\/index.php?rest_route=%2Fwp%2Fv2%2Ftags&post=17602"}],"curies":[{"name":"wp","href":"https:\/\/api.w.org\/{rel}","templated":true}]}}