{"id":180,"date":"2010-02-09T02:08:53","date_gmt":"2010-02-09T02:08:53","guid":{"rendered":"http:\/\/projetocineb.com.br\/?p=180"},"modified":"2010-02-09T02:08:53","modified_gmt":"2010-02-09T02:08:53","slug":"igreja-sao-jose-do-jaguare","status":"publish","type":"post","link":"https:\/\/projetocineb.com.br\/?p=180","title":{"rendered":"IGREJA S\u00c3O JOS\u00c9 DO JAGUAR\u00c9"},"content":{"rendered":"<h2><a href=\"http:\/\/projetocineb.com.br\/wp-content\/uploads\/2010\/02\/Tarja-CineB06.jpg\"><img decoding=\"async\" class=\"aligncenter size-full wp-image-194\" title=\"Tarja-CineB06\" src=\"http:\/\/projetocineb.com.br\/wp-content\/uploads\/2010\/02\/Tarja-CineB06.jpg\" alt=\"\" width=\"420\" height=\"114\" \/><\/a><\/h2>\n<h2><span style=\"color: #008000;\">NOVOS HORIZONTES<\/span><\/h2>\n<p><span style=\"color: #0000ff;\">A educa\u00e7\u00e3o traz a arte e a cultura<\/span>. A educa\u00e7\u00e3o traz a paz, a consci\u00eancia e a cidadania. Sem a educa\u00e7\u00e3o nos perdemos em pensamentos errados, sem esperan\u00e7as.<\/p>\n<p>Amanh\u00e3 ser\u00e1 um dia muito especial para a comunidade do <span style=\"color: #0000ff;\">Jaguar\u00e9<\/span>. Ser\u00e1 <span style=\"color: #0000ff;\">inaugurado o CEU local e isso trar\u00e1 novos horizontes para a comunidade<\/span>, que j\u00e1 movimenta uma s\u00e9rie de atividades educativas!<\/p>\n<p>E o <span style=\"color: #0000ff;\">CineB de hoje<\/span> rolou por l\u00e1, na <span style=\"color: #0000ff;\">Igreja S\u00e3o Jos\u00e9 do Jaguar\u00e9<\/span>. Uma das espectadoras presentes, a dona Luzia, disse que at\u00e9 seus 17 anos morou em S\u00e3o Caetano, Bahia, cidade na qual se passa a hist\u00f3ria do filme <em>A orquestra dos meninos<\/em>. Ela <span style=\"color: #0000ff;\">gosta do cinema nacional, principalmente os de tem\u00e1tica nordestina<\/span>. \u201cGostei muito de <em>Morte e vida severina<\/em>, \u00e9 o filme que me lembro agora, eu vivia alugando esses v\u00eddeos na locadora\u201d, disse Luzia. A estudante do curso noturno UEJA (Unidade de Educa\u00e7\u00e3o de Jovens e Adultos) na Escola Espiridi\u00e3o Rosa, trouxe suas amigas para a sess\u00e3o: Maria Aparecida, Elaine, Elizabethe e Miriam.<\/p>\n<p style=\"text-align: center;\"><a href=\"http:\/\/projetocineb.com.br\/wp-content\/uploads\/2010\/02\/DSC00376_01SITE.jpg\"><img fetchpriority=\"high\" decoding=\"async\" class=\"size-full wp-image-181 aligncenter\" title=\"Fotografadas por um mal de parkson: Maria Aparecida, Luzia, Elaine, Elizabethe e Miriam\" src=\"http:\/\/projetocineb.com.br\/wp-content\/uploads\/2010\/02\/DSC00376_01SITE.jpg\" alt=\"\" width=\"307\" height=\"216\" \/><\/a><\/p>\n<p style=\"text-align: center;\">\n<p><span style=\"color: #0000ff;\">Joventina Nunes de Souza<\/span> disse que n\u00e3o assiste a filmes por falta de tempo. Segundo ela, durante a semana, quando relaxa, n\u00e3o tem vontade de ver nada, a n\u00e3o ser um pouco de televis\u00e3o, programas de variedades. <span style=\"color: #0000ff;\">Aproveitou que o CineB tava na \u00e1rea, resolveu dar um tempo nos servi\u00e7os de casa e trazer sua filha Jaiane<\/span> Aparecida de Sousa Moura, 9 anos, para ver um filminho. <span style=\"color: #0000ff;\">\u201c\u00c9 bom aproveitar a oportunidade, porque agora que voltei a estudar fica ainda mais dif\u00edcil de ir ao cinema\u201d, disse Joventina<\/span>.<\/p>\n<p style=\"text-align: center;\"><a href=\"http:\/\/projetocineb.com.br\/wp-content\/uploads\/2010\/02\/DSC00379_01SITE.jpg\"><img decoding=\"async\" class=\"size-full wp-image-182  aligncenter\" title=\"Joventina Nunes de Sousa com sua filha, Jaiane Aparecida de Sousa Moura, de 9 anos\" src=\"http:\/\/projetocineb.com.br\/wp-content\/uploads\/2010\/02\/DSC00379_01SITE.jpg\" alt=\"\" width=\"512\" height=\"314\" \/><\/a><\/p>\n<h2><span style=\"color: #008000;\">MOZART<\/span><\/h2>\n<p>Na abertura do CineB, a <span style=\"color: #0000ff;\">Orquestra de Cordas do Jaguar\u00e9<\/span> apresentou alguns trechos de m\u00fasicas cl\u00e1ssicas <span style=\"color: #0000ff;\">regidos pela maestra Sandra de Mattos<\/span>. A apresenta\u00e7\u00e3o da garotada combinou muito com a hist\u00f3ria do filme.<\/p>\n<p>Segundo Sandra, desde 2000 a ONG Crescente atua no Jaguar\u00e9. <span style=\"color: #0000ff;\">H\u00e1 tr\u00eas anos come\u00e7ou a ensinar crian\u00e7as da regi\u00e3o a tocar<\/span>. O <span style=\"color: #0000ff;\">resultado<\/span> conferido foi muito <span style=\"color: #0000ff;\">belo<\/span>. \u00c9 legal ver crian\u00e7as aproveitando suas energias para fazer uma arte que pulsa uma beleza harm\u00f4nica inspiradora.<\/p>\n<p style=\"text-align: center;\"><a href=\"http:\/\/projetocineb.com.br\/wp-content\/uploads\/2010\/02\/DSC00388_01SITE1.jpg\"><img loading=\"lazy\" decoding=\"async\" class=\"size-full wp-image-184  aligncenter\" title=\"Orquestra de Cordas do Jaguar\u00e9 junto de Cid\u00e1lio, do CineB\" src=\"http:\/\/projetocineb.com.br\/wp-content\/uploads\/2010\/02\/DSC00388_01SITE1.jpg\" alt=\"\" width=\"384\" height=\"306\" \/><\/a><\/p>\n<p>Ali\u00e1s, <span style=\"color: #0000ff;\">o personagem principal do filme chama-se Mozart Vieira<\/span>. <span style=\"color: #0000ff;\">Wolfang Amadeus Mozart<\/span> (1756 a 1791) nasceu em Viena, \u00c1ustria, foi um renomado compositor, um g\u00eanio que desde pequeno <span style=\"color: #0000ff;\">conseguia compor m\u00fasicas incr\u00edveis<\/span>. Ele teve uma hist\u00f3ria de vida peculiar, sua morte \u00e9 povoada por diversas lendas e teorias. Vale a pena assistir <a href=\"http:\/\/www.adorocinema.com\/filmes\/amadeus\/\">Amadeus<\/a>, de Milos Forman, para compreender um pouco a complexidade do artista. Ah! E <span style=\"color: #0000ff;\">a m\u00fasica de Mozart, segundo pesquisadores, pode deixar voc\u00ea mais inteligente<\/span>.<\/p>\n<p>Sabe como? Ao ouvir uma m\u00fasica do austr\u00edaco, seu c\u00e9rebro se acalma, melhorando sua concentra\u00e7\u00e3o. Ou seja, as composi\u00e7\u00f5es de Mozart s\u00e3o uma \u00f3tima trilha sonora para seus estudos!<\/p>\n<p>Depois da Orquestra de Cordas do Jaguar\u00e9 tocar, o <span style=\"color: #0000ff;\">padre Roberto<\/span>, um dos grandes respons\u00e1veis pela realiza\u00e7\u00e3o do CineB no local, <span style=\"color: #0000ff;\">ressaltou a import\u00e2ncia desse tipo de ensino na comunidade<\/span>. Recordou o caso de um jovem m\u00fasico da periferia de S\u00e3o Paulo que aproveitou a oportunidade e se mostrou dono de um brilhantismo reconhecido no mundo da m\u00fasica cl\u00e1ssica. \u201cHoje ele est\u00e1 junto com a Orquestra Sinf\u00f4nica de Israel. Exemplos como esse influenciam as pessoas, mostram que existem sim chances de evoluir\u201d, disse o padre.<\/p>\n<h2><span style=\"color: #008000;\">SEM ENSINO<\/span><\/h2>\n<p>O curta-metragem <em>O troco<\/em>, de Andr\u00e9 Rolim, arrancou muitas risadas do p\u00fablico. Mas Sandra dava pulos de tanto rir da atendente de telemarketing que no filme sofre nas m\u00e3os de um casal criativo na vingan\u00e7a. \u201cTrabalho com telemarketing e \u00e9 bastante dif\u00edcil, eu sei\u201d, disse Sandra. Ela assistiu ao filme, ao lado da amiga Rose e da professora Regiane.<\/p>\n<p style=\"text-align: center;\"><a href=\"http:\/\/projetocineb.com.br\/wp-content\/uploads\/2010\/02\/DSC00389_01WEB.jpg\"><img loading=\"lazy\" decoding=\"async\" class=\"size-full wp-image-185   aligncenter\" title=\"Cena do curta-metragem de Andr\u00e9 Rolim, &quot;O troco&quot;\" src=\"http:\/\/projetocineb.com.br\/wp-content\/uploads\/2010\/02\/DSC00389_01WEB.jpg\" alt=\"\" width=\"279\" height=\"246\" \/><\/a><\/p>\n<p>Regiane \u00e9 professora de portugu\u00eas da Escola Maria Eug\u00eania. Eu disse a ela que todas as pessoas com quem conversei estavam muito tristes porque <span style=\"color: #0000ff;\">as duas escolas locais, \u00e0 partir de 2010 n\u00e3o iriam mais oferecer os cursos educacionais para adultos no per\u00edodo noturno<\/span>. <span style=\"color: #0000ff;\">\u201cTanto n\u00f3s professores, como a dire\u00e7\u00e3o, ficamos de m\u00e3os atadas quanto a isso, porque a ordem veio da Delegacia de Ensino, talvez para conter custos\u201d<\/span>, disse a professora.<\/p>\n<p>Seu colega de profiss\u00e3o, o <span style=\"color: #0000ff;\">professor de filosofia da Escola Maria Eug\u00eania, Shiguneli Watanabe<\/span>,\u00a0disse que todos os estudantes discordam desta medida, porque far\u00e1 muitos desistirem, desmotivados com a dist\u00e2ncia que ter\u00e3o de percorrer. <span style=\"color: #0000ff;\">\u201cEncarece para essas pessoas, dificulta o acesso. Eu questiono os crit\u00e9rios que foram utilizados para a cria\u00e7\u00e3o desses p\u00f3los que centralizaram o ensino\u201d<\/span>, disse o professor.<\/p>\n<p style=\"text-align: center;\"><a href=\"http:\/\/projetocineb.com.br\/wp-content\/uploads\/2010\/02\/DSC00395_01SITE.jpg\"><img loading=\"lazy\" decoding=\"async\" class=\"size-full wp-image-186  aligncenter\" title=\"Os professores Regiane e Shiguneli Watanabe\" src=\"http:\/\/projetocineb.com.br\/wp-content\/uploads\/2010\/02\/DSC00395_01SITE.jpg\" alt=\"\" width=\"448\" height=\"262\" \/><\/a><\/p>\n<p>A medida tomada tirou de diversas escolas p\u00fablicas, em todas as regi\u00f5es de S\u00e3o Paulo, a estrutura necess\u00e1ria para as aulas noturnas direcionadas ao p\u00fablico adulto e manteve os cursos noturnos em determinadas escolas, que s\u00e3o denominadas p\u00f3los. <span style=\"color: #0000ff;\">\u201cPara mim que estou no \u00faltimo ano, fico ao mesmo tempo aliviada porque tive a sorte de estudar por aqui, mas tamb\u00e9m triste porque algumas amigas ainda precisam de mais um ou dois anos para terminar, e n\u00e3o sabem se conseguir\u00e3o continuar\u201d, disse Sandra<\/span>.<\/p>\n<p>Segundo ela, existe um abaixo-assinado entre os alunos, que logo ser\u00e1 entregue ao Governo. Vamos torcer para que consigam reverter esta situa\u00e7\u00e3o.<\/p>\n<p style=\"text-align: center;\"><a href=\"http:\/\/projetocineb.com.br\/wp-content\/uploads\/2010\/02\/DSC00391_01SITE.jpg\"><img loading=\"lazy\" decoding=\"async\" class=\"size-full wp-image-187  aligncenter\" title=\"Sandra, Ros\u00e1ria e Regiane\" src=\"http:\/\/projetocineb.com.br\/wp-content\/uploads\/2010\/02\/DSC00391_01SITE.jpg\" alt=\"\" width=\"576\" height=\"311\" \/><\/a><\/p>\n<h2><span style=\"color: #008000;\">SEM AMOR, N\u00c3O D\u00c1<\/span><\/h2>\n<p>No final da sess\u00e3o conversei com o Andrews Douglas Oliveira Generosos de 18 anos e que est\u00e1 come\u00e7ando a compor suas pr\u00f3prias m\u00fasicas. Ele disse que est\u00e1 para se apresentar em alguns programas da TV. Para ele os filmes s\u00e3o uma li\u00e7\u00e3o de vida e parecem inspirar o jovem a criar suas m\u00fasicas, que falam da vida e do amor. \u201cSem amor n\u00e3o d\u00e1 para viver\u201d, disse Andrews. Para conferir o som dele, entre em seu canal no <a href=\"http:\/\/www.youtube.com\/user\/MegaSexyboy10\">You Tube<\/a>.<\/p>\n<p style=\"text-align: center;\"><a href=\"http:\/\/projetocineb.com.br\/wp-content\/uploads\/2010\/02\/DSC00396_01SITE.jpg\"><img loading=\"lazy\" decoding=\"async\" class=\"aligncenter size-full wp-image-190\" title=\"Andrews Douglas Oliveira Generoso\" src=\"http:\/\/projetocineb.com.br\/wp-content\/uploads\/2010\/02\/DSC00396_01SITE.jpg\" alt=\"Andrews Douglas Oliveira Generoso\" width=\"346\" height=\"266\" \/><\/a><\/p>\n<h2><span style=\"color: #008000;\">CINEMA MELHO<\/span><\/h2>\n<p>Tamb\u00e9m me encontrei com <span style=\"color: #0000ff;\">Angeli de Oliveira Vallede, estudante da Escola Marechal Espiridi\u00e3o Rosa<\/span>. Ela voltou a estudar depois de 30 anos parada. Est\u00e1 muito feliz. Para ela, <em>A orquestra dos meninos<\/em> \u00e9 um filme \u201cmaravilhoso\u201d. <span style=\"color: #0000ff;\">\u201cPara mim, o cinema nacional melhorou muito de um tempo para c\u00e1\u201d<\/span>, disse Angeli.<\/p>\n<p style=\"text-align: center;\"><a href=\"http:\/\/projetocineb.com.br\/wp-content\/uploads\/2010\/02\/DSC00401_01SITE.jpg\"><img loading=\"lazy\" decoding=\"async\" class=\"aligncenter size-full wp-image-191\" title=\"Angeli de Oliveira Vallede\" src=\"http:\/\/projetocineb.com.br\/wp-content\/uploads\/2010\/02\/DSC00401_01SITE.jpg\" alt=\"Angeli de Oliveira Vallede\" width=\"383\" height=\"434\" \/><\/a><\/p>\n<h2><span style=\"color: #008000;\">PR\u00d3XIMA SESS\u00c3O<\/span><\/h2>\n<p>Queridos e queridas, amanh\u00e3 o CineB estar\u00e1 em <span style=\"color: #0000ff;\">Perus na Associa\u00e7\u00e3o por Mutir\u00e3o Nova Esperan\u00e7a<\/span>, levando criativos trabalhos do cinema brasileiro para a comunidade local.<\/p>\n<p>Que tal encantar seu s\u00e1bado com uns filminhos legais e uma deliciosa pipoquinha, preparada pelo seu Ant\u00f4nio, <em>O Pipoqueiro dos pipoqueiros<\/em> (em mai\u00fascula mesmo rss)!<\/p>\n<p>O endere\u00e7o \u00e9 <span style=\"color: #0000ff;\">rua Recanto dos Humildes, n\u00famero 100<\/span>. Para maiores informa\u00e7\u00f5es, ligue para <span style=\"color: #0000ff;\">3917-7017<\/span>.<\/p>\n<p><em>Beijotchau \ud83d\ude09<\/em><\/p>\n<p style=\"text-align: center;\"><em><a href=\"http:\/\/projetocineb.com.br\/wp-content\/uploads\/2010\/02\/DSC00398_01SITE.jpg\"><img loading=\"lazy\" decoding=\"async\" class=\"aligncenter size-full wp-image-193\" title=\"O sortudos da noite\" src=\"http:\/\/projetocineb.com.br\/wp-content\/uploads\/2010\/02\/DSC00398_01SITE.jpg\" alt=\"\" width=\"558\" height=\"419\" \/><\/a><br \/>\n<\/em><\/p>\n","protected":false},"excerpt":{"rendered":"<p>NOVOS HORIZONTES A educa\u00e7\u00e3o traz a arte e a cultura. A educa\u00e7\u00e3o traz a paz, a consci\u00eancia e a cidadania.[&#8230;]<\/p>\n","protected":false},"author":2,"featured_media":0,"comment_status":"open","ping_status":"open","sticky":false,"template":"","format":"standard","meta":[],"categories":[2],"tags":[34,76,266,627,874,892,1250],"_links":{"self":[{"href":"https:\/\/projetocineb.com.br\/index.php?rest_route=\/wp\/v2\/posts\/180"}],"collection":[{"href":"https:\/\/projetocineb.com.br\/index.php?rest_route=\/wp\/v2\/posts"}],"about":[{"href":"https:\/\/projetocineb.com.br\/index.php?rest_route=\/wp\/v2\/types\/post"}],"author":[{"embeddable":true,"href":"https:\/\/projetocineb.com.br\/index.php?rest_route=\/wp\/v2\/users\/2"}],"replies":[{"embeddable":true,"href":"https:\/\/projetocineb.com.br\/index.php?rest_route=%2Fwp%2Fv2%2Fcomments&post=180"}],"version-history":[{"count":0,"href":"https:\/\/projetocineb.com.br\/index.php?rest_route=\/wp\/v2\/posts\/180\/revisions"}],"wp:attachment":[{"href":"https:\/\/projetocineb.com.br\/index.php?rest_route=%2Fwp%2Fv2%2Fmedia&parent=180"}],"wp:term":[{"taxonomy":"category","embeddable":true,"href":"https:\/\/projetocineb.com.br\/index.php?rest_route=%2Fwp%2Fv2%2Fcategories&post=180"},{"taxonomy":"post_tag","embeddable":true,"href":"https:\/\/projetocineb.com.br\/index.php?rest_route=%2Fwp%2Fv2%2Ftags&post=180"}],"curies":[{"name":"wp","href":"https:\/\/api.w.org\/{rel}","templated":true}]}}