{"id":1807,"date":"2011-03-16T16:26:56","date_gmt":"2011-03-16T19:26:56","guid":{"rendered":"http:\/\/projetocineb.com.br\/?p=1807"},"modified":"2011-03-16T16:26:56","modified_gmt":"2011-03-16T19:26:56","slug":"2011","status":"publish","type":"post","link":"https:\/\/projetocineb.com.br\/?p=1807","title":{"rendered":"2011"},"content":{"rendered":"<p><span style=\"color: #ff6600;\">Um viva pra todos n\u00f3s que amamos o cinema brasileiro!<\/span><\/p>\n<p>Sim, porque <span style=\"color: #ff6600;\">este ano teremos muitas novidades aqui no blog<\/span>, al\u00e9m de mais exibi\u00e7\u00f5es do melhor do cinema nacional em comunidades de S\u00e3o Paulo e regi\u00e3o.<\/p>\n<figure id=\"attachment_1810\" aria-describedby=\"caption-attachment-1810\" style=\"width: 253px\" class=\"wp-caption aligncenter\"><a href=\"http:\/\/projetocineb.com.br\/wp-content\/uploads\/2011\/03\/foto_2.jpg\"><img fetchpriority=\"high\" decoding=\"async\" class=\"size-full wp-image-1810 \" title=\"Cena da com\u00e9dia Quincas Berro D'\u00e1gua\" src=\"http:\/\/projetocineb.com.br\/wp-content\/uploads\/2011\/03\/foto_2.jpg\" alt=\"Cena da com\u00e9dia Quincas Berro D'\u00e1gua\" width=\"253\" height=\"200\" \/><\/a><figcaption id=\"caption-attachment-1810\" class=\"wp-caption-text\">Cena da com\u00e9dia Quincas Berro D&#39;\u00e1gua<\/figcaption><\/figure>\n<p>O Cine B come\u00e7a 2011 com uma <span style=\"color: #ff6600;\">exibi\u00e7\u00e3o em Vargem Grande, no s\u00e1bado, dia 19 de mar\u00e7o, 19h<\/span>. Nesta sess\u00e3o ser\u00e3o exibidos o <span style=\"color: #ff6600;\">curta-metragem <\/span><em><span style=\"color: #ff6600;\">Uma hist\u00f3ria de futebol,<\/span><\/em><span style=\"color: #ff6600;\"> de Paulo Machline, que foi indicado ao Oscar da categoria em 2001\u00a0e o longa <\/span><em><span style=\"color: #ff6600;\">Quincas Berro D&#8217;\u00e1gua<\/span><\/em><span style=\"color: #ff6600;\">, de S\u00e9rgio Machado, adapta\u00e7\u00e3o de uma das melhores obras de Jorge Amado<\/span>.<\/p>\n<h2><span style=\"color: #008000;\">RITA CADILLAC<\/span><\/h2>\n<p>Mas a pol\u00eamica e carism\u00e1tica dan\u00e7arina que come\u00e7ou a fazer sucesso no Programa do Chacrinha, \u00e9 uma simpatia de pessoa! Para conhece-la melhor, voc\u00ea pode ir assistir ao <span style=\"color: #ff6600;\">document\u00e1rio <\/span><em><span style=\"color: #ff6600;\">Rita Cadillac &#8211; a lady do povo<\/span><\/em><span style=\"color: #ff6600;\">, de Toni Venturi, que o Cine B exibe dia 26 de mar\u00e7o na Heli\u00f3polis<\/span>. No final da exibi\u00e7\u00e3o, voc\u00ea poder\u00e1 conversar com ela e satisfazer suas curiosidades. <span style=\"color: #ff6600;\">Sim, ela estar\u00e1 presente!<\/span> A sess\u00e3o come\u00e7a as <span style=\"color: #ff6600;\">19h, no Paquist\u00e3o Social<\/span>, que fica na <span style=\"color: #ff6600;\">rua Almirante Nunes<\/span><span style=\"color: #ff6600;\">, altura do numero 160<\/span> (ponto de refer\u00eancia, paralela a rua Coronel Silva Castro).<\/p>\n<figure id=\"attachment_1813\" aria-describedby=\"caption-attachment-1813\" style=\"width: 432px\" class=\"wp-caption aligncenter\"><a href=\"http:\/\/projetocineb.com.br\/wp-content\/uploads\/2011\/03\/23_MHG_rita.jpg\"><img decoding=\"async\" class=\"size-full wp-image-1813 \" title=\"Rita de C\u00e1ssia posa como Rita Cadillac\" src=\"http:\/\/projetocineb.com.br\/wp-content\/uploads\/2011\/03\/23_MHG_rita.jpg\" alt=\"Rita de C\u00e1ssia posa como Rita Cadillac\" width=\"432\" height=\"276\" \/><\/a><figcaption id=\"caption-attachment-1813\" class=\"wp-caption-text\">Rita de C\u00e1ssia posa como Rita Cadillac<\/figcaption><\/figure>\n","protected":false},"excerpt":{"rendered":"<p>Um viva pra todos n\u00f3s que amamos o cinema brasileiro! Sim, porque este ano teremos muitas novidades aqui no blog,[&#8230;]<\/p>\n","protected":false},"author":2,"featured_media":0,"comment_status":"open","ping_status":"open","sticky":false,"template":"","format":"standard","meta":[],"categories":[10],"tags":[242,263,266,403,597,705,952,1065,1066,1112,1167,1186,1207,1251],"_links":{"self":[{"href":"https:\/\/projetocineb.com.br\/index.php?rest_route=\/wp\/v2\/posts\/1807"}],"collection":[{"href":"https:\/\/projetocineb.com.br\/index.php?rest_route=\/wp\/v2\/posts"}],"about":[{"href":"https:\/\/projetocineb.com.br\/index.php?rest_route=\/wp\/v2\/types\/post"}],"author":[{"embeddable":true,"href":"https:\/\/projetocineb.com.br\/index.php?rest_route=\/wp\/v2\/users\/2"}],"replies":[{"embeddable":true,"href":"https:\/\/projetocineb.com.br\/index.php?rest_route=%2Fwp%2Fv2%2Fcomments&post=1807"}],"version-history":[{"count":0,"href":"https:\/\/projetocineb.com.br\/index.php?rest_route=\/wp\/v2\/posts\/1807\/revisions"}],"wp:attachment":[{"href":"https:\/\/projetocineb.com.br\/index.php?rest_route=%2Fwp%2Fv2%2Fmedia&parent=1807"}],"wp:term":[{"taxonomy":"category","embeddable":true,"href":"https:\/\/projetocineb.com.br\/index.php?rest_route=%2Fwp%2Fv2%2Fcategories&post=1807"},{"taxonomy":"post_tag","embeddable":true,"href":"https:\/\/projetocineb.com.br\/index.php?rest_route=%2Fwp%2Fv2%2Ftags&post=1807"}],"curies":[{"name":"wp","href":"https:\/\/api.w.org\/{rel}","templated":true}]}}