{"id":1823,"date":"2011-03-18T13:57:44","date_gmt":"2011-03-18T16:57:44","guid":{"rendered":"http:\/\/projetocineb.com.br\/?p=1823"},"modified":"2011-03-18T13:57:44","modified_gmt":"2011-03-18T16:57:44","slug":"vargem-grande-e-no-olho-da-rua","status":"publish","type":"post","link":"https:\/\/projetocineb.com.br\/?p=1823","title":{"rendered":"AMANH\u00c3 EM VARGEM GRANDE"},"content":{"rendered":"<figure id=\"attachment_1834\" aria-describedby=\"caption-attachment-1834\" style=\"width: 384px\" class=\"wp-caption aligncenter\"><a href=\"http:\/\/projetocineb.com.br\/wp-content\/uploads\/2011\/03\/QuincasWEB.jpg\"><img fetchpriority=\"high\" decoding=\"async\" class=\"size-full wp-image-1834  \" title=\"Cena do filme Quincas Berro d'\u00e1gua\" src=\"http:\/\/projetocineb.com.br\/wp-content\/uploads\/2011\/03\/QuincasWEB.jpg\" alt=\"Cena do filme Quincas Berro d'\u00e1gua\" width=\"384\" height=\"256\" \/><\/a><figcaption id=\"caption-attachment-1834\" class=\"wp-caption-text\">Cena do filme Quincas Berro d&#39;\u00e1gua<\/figcaption><\/figure>\n<p>Amanh\u00e3, s\u00e1bado, <span style=\"color: #ff6600;\">19 de mar\u00e7o de 2011<\/span>, o <span style=\"color: #ff6600;\">Cine B volta pela terceira vez na comunidade de Vargem Grande!<\/span> Iremos exibir o curta-metragem <em>Uma hist\u00f3ria de futebol<\/em> e o longa\u00a0<em>Quincas Berro D&#8217;\u00e1gua, <\/em>de S\u00e9rgio Machado (adapta\u00e7\u00e3o do livro\u00a0<em>A morte e a morte de Quincas Berro D&#8217;\u00e1gua<\/em>, de Jorge Amado).<\/p>\n<p><a href=\"http:\/\/www.youtube.com\/watch?v=Ph14cRyrS3o\">Clique aqui para assistir ao trailer do filme!<\/a><\/p>\n<p>Este longa, que <span style=\"color: #ff6600;\">estreou nos cinemas em 2010, conta a hist\u00f3ria de Quincas, que h\u00e1 anos s\u00f3 bebe &#8220;\u00e1gua que passarinho n\u00e3o bebe&#8221;, e na noite de seu anivers\u00e1rio, morre<\/span>.<span style=\"color: #ff6600;\"> Os amigos, inconformados, saem por a\u00ed com o morto para uma \u00faltima celebra\u00e7\u00e3o.<\/span> A com\u00e9dia tem 1h40 minutos, e todos os atores mostram-se competentes na incorpora\u00e7\u00e3o dos personagens (prepara\u00e7\u00e3o de elenco por F\u00e1tima Toledo). <span style=\"color: #ff6600;\">Destaque para o ator Paulo Jos\u00e9, que impressiona no papel de Quincas.<\/span><\/p>\n<p><span style=\"color: #ff6600;\">H\u00e1 17 anos o ator luta contra o mal de Parkinson, mas no filme n\u00e3o \u00e9 poss\u00edvel enxergar um \u00fanico vest\u00edgio da doen\u00e7a.<\/span> Em recente reportagem no site <a href=\"http:\/\/g1.globo.com\/pop-arte\/cinema\/noticia\/2010\/05\/paulo-jose-encontra-seu-rei-lear-com-quincas-berro-dagua.html\" target=\"_blank\">G1 Cinema<\/a>, Paulo Jos\u00e9 contou que ficou orgulhoso em fazer o Quincas Berro D&#8217;\u00e1gua, que para ele equivaleu a interpretar o personagem Rei Lear, de Shakspeare, o qual desde jovem sonhou representar.<\/p>\n<p><span style=\"color: #008000;\"><strong>&gt;&gt;&gt;<\/strong><strong> OLHAR LOCAL CAPACITA\u00c7\u00c3O &#8211; <\/strong><span style=\"color: #ff6600;\"> Projeto do Sindicato dos Banc\u00e1rios de S\u00e3o Paulo, Osasco e Regi\u00e3o,<\/span> <span style=\"color: #ff6600;\">que disponibiliza informa\u00e7\u00f5es sobre empreendedorismo, aos habitantes da regi\u00e3o que desejam aprimorar o pr\u00f3prio neg\u00f3cio, ou mesmo iniciar um<\/span>. <a href=\"http:\/\/www.spbancarios.com.br\/noticia.asp?c=15945\" target=\"_blank\">Clique aqui para ler mais sobre este projeto.<\/a><\/span><\/p>\n<p><span style=\"color: #008000;\"><strong>CINEMA BRASILEIRO EM VARGEM GRANDE<\/strong><\/span><\/p>\n<p><span style=\"color: #008000;\">DIA: 19, \u00a0MAR\u00c7O, S\u00c1BADO, 18:30h<\/span><\/p>\n<p><span style=\"color: #008000;\">LOCAL : PROJETO OLHAR LOCAL CAPACITA\u00c7\u00c3O<\/span><\/p>\n<p><span style=\"color: #008000;\">ENDERE\u00c7O:\u00a0Av. das Palmeiras, 188 \u2013 Vargem Grande\/Parelheiros<\/span><\/p>\n<p><span style=\"color: #008000;\">RETIRADA DE INGRESSOS:\u00a0no local com Francesca<\/span><\/p>\n","protected":false},"excerpt":{"rendered":"<p>Amanh\u00e3, s\u00e1bado, 19 de mar\u00e7o de 2011, o Cine B volta pela terceira vez na comunidade de Vargem Grande! Iremos[&#8230;]<\/p>\n","protected":false},"author":2,"featured_media":0,"comment_status":"open","ping_status":"open","sticky":false,"template":"","format":"standard","meta":[],"categories":[7],"tags":[154,884,950,1025,1095,1132,1251],"_links":{"self":[{"href":"https:\/\/projetocineb.com.br\/index.php?rest_route=\/wp\/v2\/posts\/1823"}],"collection":[{"href":"https:\/\/projetocineb.com.br\/index.php?rest_route=\/wp\/v2\/posts"}],"about":[{"href":"https:\/\/projetocineb.com.br\/index.php?rest_route=\/wp\/v2\/types\/post"}],"author":[{"embeddable":true,"href":"https:\/\/projetocineb.com.br\/index.php?rest_route=\/wp\/v2\/users\/2"}],"replies":[{"embeddable":true,"href":"https:\/\/projetocineb.com.br\/index.php?rest_route=%2Fwp%2Fv2%2Fcomments&post=1823"}],"version-history":[{"count":0,"href":"https:\/\/projetocineb.com.br\/index.php?rest_route=\/wp\/v2\/posts\/1823\/revisions"}],"wp:attachment":[{"href":"https:\/\/projetocineb.com.br\/index.php?rest_route=%2Fwp%2Fv2%2Fmedia&parent=1823"}],"wp:term":[{"taxonomy":"category","embeddable":true,"href":"https:\/\/projetocineb.com.br\/index.php?rest_route=%2Fwp%2Fv2%2Fcategories&post=1823"},{"taxonomy":"post_tag","embeddable":true,"href":"https:\/\/projetocineb.com.br\/index.php?rest_route=%2Fwp%2Fv2%2Ftags&post=1823"}],"curies":[{"name":"wp","href":"https:\/\/api.w.org\/{rel}","templated":true}]}}