{"id":1839,"date":"2011-03-21T16:20:17","date_gmt":"2011-03-21T19:20:17","guid":{"rendered":"http:\/\/projetocineb.com.br\/?p=1839"},"modified":"2011-03-21T16:20:17","modified_gmt":"2011-03-21T19:20:17","slug":"vargem-grande","status":"publish","type":"post","link":"https:\/\/projetocineb.com.br\/?p=1839","title":{"rendered":"VARGEM GRANDE"},"content":{"rendered":"<figure id=\"attachment_1850\" aria-describedby=\"caption-attachment-1850\" style=\"width: 338px\" class=\"wp-caption aligncenter\"><a href=\"http:\/\/projetocineb.com.br\/wp-content\/uploads\/2011\/03\/DSC01942.jpg\"><img fetchpriority=\"high\" decoding=\"async\" class=\"size-full wp-image-1850   \" title=\"Primeiro Cine B do ano, em Vargem Grande, o bairro que \u00e9 uma cratera do cometa\" src=\"http:\/\/projetocineb.com.br\/wp-content\/uploads\/2011\/03\/DSC01942.jpg\" alt=\"Primeiro Cine B do ano, em Vargem Grande, o bairro que \u00e9 uma cratera do cometa\" width=\"338\" height=\"253\" \/><\/a><figcaption id=\"caption-attachment-1850\" class=\"wp-caption-text\">Primeiro Cine B do ano, em Vargem Grande, o bairro que \u00e9 uma cratera do cometa<\/figcaption><\/figure>\n<p>O Cine B fez sua <span style=\"color: #ff6600;\">primeira exibi\u00e7\u00e3o de 2011, dentro de uma cratera feita por um meteoro<\/span>, h\u00e1 milhares de anos. \u00c9 o <span style=\"color: #ff6600;\">bairro de Vargem Grande, zona sul de S\u00e3o Paulo<\/span>, que abriga cerca de 70 mil habitantes e \u00e9 considerado por esta peculiaridade geol\u00f3gica, patrim\u00f4nio hist\u00f3rico. Esta \u00e9 a <span style=\"color: #ff6600;\">terceira vez que o Cine B visita a regi\u00e3o, mas a primeira vez que abre sua tela dentro do projeto Olhar Local Capacita\u00e7\u00e3o<\/span>, inaugurado em 9 de dezembro de 2010.\u00a0O <span style=\"color: #ff6600;\">projeto \u00e9 resultado de uma parceria entre o Sindicato dos Banc\u00e1rios de S\u00e3o Paulo, Osasco e Regi\u00e3o, Bancredi e Funda\u00e7\u00e3o Banco do Brasil<\/span>.<\/p>\n<figure id=\"attachment_1848\" aria-describedby=\"caption-attachment-1848\" style=\"width: 338px\" class=\"wp-caption aligncenter\"><a href=\"http:\/\/projetocineb.com.br\/wp-content\/uploads\/2011\/03\/DSC01940.jpg\"><img decoding=\"async\" class=\"size-full wp-image-1848   \" title=\"Cid\u00e1lio Vieira Santos, da Brazucah Produ\u00e7\u00f5es faz abertura com Francesca do Olhar Local\" src=\"http:\/\/projetocineb.com.br\/wp-content\/uploads\/2011\/03\/DSC01940.jpg\" alt=\"Cid\u00e1lio Vieira Santos, da Brazucah Produ\u00e7\u00f5es faz abertura com Francesca do Olhar Local\" width=\"338\" height=\"253\" \/><\/a><figcaption id=\"caption-attachment-1848\" class=\"wp-caption-text\">Cid\u00e1lio Vieira Santos, da Brazucah Produ\u00e7\u00f5es faz abertura com Francesca do Olhar Local<\/figcaption><\/figure>\n<p>\u201c<span style=\"color: #ff6600;\">Nosso objetivo \u00e9 ajudar quem tem uma boa ideia em transformar num grande neg\u00f3cio\u201d, disse Francesca Andrade Gomes, facilitadora do Olhar Local<\/span>. \u201cDamos cursos e certificamos, e ao todo mas de 500 pessoas j\u00e1 foram atendidas nesses dois meses de projeto\u201d, disse.<\/p>\n<p><a href=\"http:\/\/www.spbancarios.com.br\/noticia.asp?c=15945\" target=\"_blank\">Clique aqui para ler mais sobre o Olhar Local Capacita\u00e7\u00e3o.<\/a><\/p>\n<p>O Cine B, praticamente inaugurou o local, oferecendo o melhor do cinema nacional para a comunidade de Vargem Grande.<\/p>\n<figure id=\"attachment_1844\" aria-describedby=\"caption-attachment-1844\" style=\"width: 338px\" class=\"wp-caption aligncenter\"><a href=\"http:\/\/projetocineb.com.br\/wp-content\/uploads\/2011\/03\/DSC01936.jpg\"><img decoding=\"async\" class=\"size-full wp-image-1844   \" title=\"Cine B praticamente inaugurou o Olha Local Capacita\u00e7\u00e3o\" src=\"http:\/\/projetocineb.com.br\/wp-content\/uploads\/2011\/03\/DSC01936.jpg\" alt=\"Cine B praticamente inaugurou o Olha Local Capacita\u00e7\u00e3o\" width=\"338\" height=\"253\" \/><\/a><figcaption id=\"caption-attachment-1844\" class=\"wp-caption-text\">Nesta sess\u00e3o, foram exibidos o curta Uma hist\u00f3ria de futebol e o longa-metragem Quincas Berro D\u2019\u00e1gua<\/figcaption><\/figure>\n<h2><span style=\"color: #008000;\">CLICKS<\/span><\/h2>\n<figure id=\"attachment_1842\" aria-describedby=\"caption-attachment-1842\" style=\"width: 338px\" class=\"wp-caption aligncenter\"><a href=\"http:\/\/projetocineb.com.br\/wp-content\/uploads\/2011\/03\/DSC01933.jpg\"><img loading=\"lazy\" decoding=\"async\" class=\"size-full wp-image-1842   \" title=\"Francesca serve as pipocas feitas pelo seu Ant\u00f4nio, nosso pipoqueiro oficial, e aproveita para degusta-las\" src=\"http:\/\/projetocineb.com.br\/wp-content\/uploads\/2011\/03\/DSC01933.jpg\" alt=\"Francesca serve as pipocas feitas pelo seu Ant\u00f4nio, nosso pipoqueiro oficial, e aproveita para degusta-las\" width=\"338\" height=\"253\" \/><\/a><figcaption id=\"caption-attachment-1842\" class=\"wp-caption-text\">Francesca serve as pipocas feitas pelo seu Ant\u00f4nio, nosso pipoqueiro oficial, e aproveita para degusta-las<\/figcaption><\/figure>\n<figure id=\"attachment_1841\" aria-describedby=\"caption-attachment-1841\" style=\"width: 338px\" class=\"wp-caption aligncenter\"><a href=\"http:\/\/projetocineb.com.br\/wp-content\/uploads\/2011\/03\/DSC01931.jpg\"><img loading=\"lazy\" decoding=\"async\" class=\"size-full wp-image-1841   \" title=\"Vicente Pereira da Silva e Ana da Aparecida\" src=\"http:\/\/projetocineb.com.br\/wp-content\/uploads\/2011\/03\/DSC01931.jpg\" alt=\"Vicente Pereira da Silva e Ana da Aparecida\" width=\"338\" height=\"253\" \/><\/a><figcaption id=\"caption-attachment-1841\" class=\"wp-caption-text\">Vicente Pereira da Silva e Ana da Aparecida<\/figcaption><\/figure>\n<figure id=\"attachment_1840\" aria-describedby=\"caption-attachment-1840\" style=\"width: 338px\" class=\"wp-caption aligncenter\"><a href=\"http:\/\/projetocineb.com.br\/wp-content\/uploads\/2011\/03\/DSC01930.jpg\"><img loading=\"lazy\" decoding=\"async\" class=\"size-full wp-image-1840   \" title=\"A espectadora Gabriela de S\u00e1 Severino, de 13 anos, que disse gostar de assistir apenas desenho animado\" src=\"http:\/\/projetocineb.com.br\/wp-content\/uploads\/2011\/03\/DSC01930.jpg\" alt=\"A espectadora Gabriela de S\u00e1 Severino, de 13 anos, que disse gostar de assistir apenas desenho animado\" width=\"338\" height=\"253\" \/><\/a><figcaption id=\"caption-attachment-1840\" class=\"wp-caption-text\">A espectadora Gabriela de S\u00e1 Severino, de 13 anos, que disse gostar de assistir apenas desenho animado<\/figcaption><\/figure>\n<figure id=\"attachment_1858\" aria-describedby=\"caption-attachment-1858\" style=\"width: 338px\" class=\"wp-caption aligncenter\"><a href=\"http:\/\/projetocineb.com.br\/wp-content\/uploads\/2011\/03\/DSC01966.jpg\"><img loading=\"lazy\" decoding=\"async\" class=\"size-full wp-image-1858   \" title=\"Francesca mostra os sabonetes produzidos pela cooperativa formado no Olhar Local: &quot;em breve j\u00e1 estaremos comercializando um destes modelos&quot;\" src=\"http:\/\/projetocineb.com.br\/wp-content\/uploads\/2011\/03\/DSC01966.jpg\" alt=\"Francesca mostra os sabonetes produzidos pela cooperativa formado no Olhar Local: &quot;em breve j\u00e1 estaremos comercializando um destes modelos&quot;\" width=\"338\" height=\"253\" \/><\/a><figcaption id=\"caption-attachment-1858\" class=\"wp-caption-text\">Francesca mostra os sabonetes produzidos pela cooperativa formado no Olhar Local: &quot;em breve j\u00e1 estaremos comercializando um destes modelos&quot;<\/figcaption><\/figure>\n<figure id=\"attachment_1843\" aria-describedby=\"caption-attachment-1843\" style=\"width: 338px\" class=\"wp-caption aligncenter\"><a href=\"http:\/\/projetocineb.com.br\/wp-content\/uploads\/2011\/03\/DSC01934.jpg\"><img loading=\"lazy\" decoding=\"async\" class=\"size-full wp-image-1843   \" title=\"Maria Jos\u00e9 Alves de Oliveira, Maria Cleo Fernandes Maia e dona Gersina Albuquerque Felipe\" src=\"http:\/\/projetocineb.com.br\/wp-content\/uploads\/2011\/03\/DSC01934.jpg\" alt=\"Maria Jos\u00e9 Alves de Oliveira, Maria Cleo Fernandes Maia e dona Gersina Albuquerque Felipe\" width=\"338\" height=\"253\" \/><\/a><figcaption id=\"caption-attachment-1843\" class=\"wp-caption-text\">Maria Jos\u00e9 Alves de Oliveira, Maria Cleo Fernandes Maia e dona Gersina Albuquerque Felipe<\/figcaption><\/figure>\n<figure id=\"attachment_1846\" aria-describedby=\"caption-attachment-1846\" style=\"width: 338px\" class=\"wp-caption aligncenter\"><a href=\"http:\/\/projetocineb.com.br\/wp-content\/uploads\/2011\/03\/DSC01938.jpg\"><img loading=\"lazy\" decoding=\"async\" class=\"size-full wp-image-1846   \" title=\"O p\u00fablico concentrado assistindo aos filmes: muitas gargalhadas!\" src=\"http:\/\/projetocineb.com.br\/wp-content\/uploads\/2011\/03\/DSC01938.jpg\" alt=\"O p\u00fablico concentrado assistindo aos filmes: muitas gargalhadas!\" width=\"338\" height=\"253\" \/><\/a><figcaption id=\"caption-attachment-1846\" class=\"wp-caption-text\">O p\u00fablico concentrado assistindo aos filmes: muitas gargalhadas!<\/figcaption><\/figure>\n<figure id=\"attachment_1853\" aria-describedby=\"caption-attachment-1853\" style=\"width: 338px\" class=\"wp-caption aligncenter\"><a href=\"http:\/\/projetocineb.com.br\/wp-content\/uploads\/2011\/03\/DSC01955.jpg\"><img loading=\"lazy\" decoding=\"async\" class=\"size-full wp-image-1853   \" title=\"Lucia Maria de Santana Scriatro, com seus filhos Vicson Alberto de Santana Scriatro e Viviane Nirvana Scriatro e a vizinha Maria Alaide Messias\" src=\"http:\/\/projetocineb.com.br\/wp-content\/uploads\/2011\/03\/DSC01955.jpg\" alt=\"Lucia Maria de Santana Scriatro, com seus filhos Vicson Alberto de Santana Scriatro e Viviane Nirvana Scriatro e a vizinha Maria Alaide Messias\" width=\"338\" height=\"253\" \/><\/a><figcaption id=\"caption-attachment-1853\" class=\"wp-caption-text\">Lucia Maria de Santana Scriatro, com seus filhos Vicson Alberto de Santana Scriatro e Viviane Nirvana Scriatro e a vizinha Maria Alaide Messias<\/figcaption><\/figure>\n<figure id=\"attachment_1852\" aria-describedby=\"caption-attachment-1852\" style=\"width: 338px\" class=\"wp-caption aligncenter\"><a href=\"http:\/\/projetocineb.com.br\/wp-content\/uploads\/2011\/03\/DSC01952.jpg\"><img loading=\"lazy\" decoding=\"async\" class=\"size-full wp-image-1852   \" title=\"O p\u00fablico preenche as pesquisas de opini\u00e3o, entregues no final das exibi\u00e7\u00f5es\" src=\"http:\/\/projetocineb.com.br\/wp-content\/uploads\/2011\/03\/DSC01952.jpg\" alt=\"O p\u00fablico preenche as pesquisas de opini\u00e3o, entregues no final das exibi\u00e7\u00f5es\" width=\"338\" height=\"253\" \/><\/a><figcaption id=\"caption-attachment-1852\" class=\"wp-caption-text\">O p\u00fablico preenche as pesquisas de opini\u00e3o, entregues no final das exibi\u00e7\u00f5es<\/figcaption><\/figure>\n<figure id=\"attachment_1854\" aria-describedby=\"caption-attachment-1854\" style=\"width: 338px\" class=\"wp-caption aligncenter\"><a href=\"http:\/\/projetocineb.com.br\/wp-content\/uploads\/2011\/03\/DSC01956.jpg\"><img loading=\"lazy\" decoding=\"async\" class=\"size-full wp-image-1854   \" title=\"Os sortudos da noite que levaram para casa camisetas do Cine B, livros da exposi\u00e7\u00e3o Corpo Humano e agendas do Sindicato dos Banc\u00e1rios\" src=\"http:\/\/projetocineb.com.br\/wp-content\/uploads\/2011\/03\/DSC01956.jpg\" alt=\"Os sortudos da noite que levaram para casa camisetas do Cine B, livros da exposi\u00e7\u00e3o Corpo Humano e agendas do Sindicato dos Banc\u00e1rios\" width=\"338\" height=\"253\" \/><\/a><figcaption id=\"caption-attachment-1854\" class=\"wp-caption-text\">Os sortudos da noite que levaram para casa camisetas do Cine B, livros da exposi\u00e7\u00e3o Corpo Humano e agendas do Sindicato dos Banc\u00e1rios<\/figcaption><\/figure>\n","protected":false},"excerpt":{"rendered":"<p>O Cine B fez sua primeira exibi\u00e7\u00e3o de 2011, dentro de uma cratera feita por um meteoro, h\u00e1 milhares de[&#8230;]<\/p>\n","protected":false},"author":2,"featured_media":0,"comment_status":"open","ping_status":"open","sticky":false,"template":"","format":"standard","meta":[],"categories":[2],"tags":[129,154,562,884,951,1025,1112,1132,1186,1207,1251],"_links":{"self":[{"href":"https:\/\/projetocineb.com.br\/index.php?rest_route=\/wp\/v2\/posts\/1839"}],"collection":[{"href":"https:\/\/projetocineb.com.br\/index.php?rest_route=\/wp\/v2\/posts"}],"about":[{"href":"https:\/\/projetocineb.com.br\/index.php?rest_route=\/wp\/v2\/types\/post"}],"author":[{"embeddable":true,"href":"https:\/\/projetocineb.com.br\/index.php?rest_route=\/wp\/v2\/users\/2"}],"replies":[{"embeddable":true,"href":"https:\/\/projetocineb.com.br\/index.php?rest_route=%2Fwp%2Fv2%2Fcomments&post=1839"}],"version-history":[{"count":0,"href":"https:\/\/projetocineb.com.br\/index.php?rest_route=\/wp\/v2\/posts\/1839\/revisions"}],"wp:attachment":[{"href":"https:\/\/projetocineb.com.br\/index.php?rest_route=%2Fwp%2Fv2%2Fmedia&parent=1839"}],"wp:term":[{"taxonomy":"category","embeddable":true,"href":"https:\/\/projetocineb.com.br\/index.php?rest_route=%2Fwp%2Fv2%2Fcategories&post=1839"},{"taxonomy":"post_tag","embeddable":true,"href":"https:\/\/projetocineb.com.br\/index.php?rest_route=%2Fwp%2Fv2%2Ftags&post=1839"}],"curies":[{"name":"wp","href":"https:\/\/api.w.org\/{rel}","templated":true}]}}