{"id":1880,"date":"2011-03-29T23:53:27","date_gmt":"2011-03-30T02:53:27","guid":{"rendered":"http:\/\/projetocineb.com.br\/?p=1880"},"modified":"2011-03-29T23:53:27","modified_gmt":"2011-03-30T02:53:27","slug":"heliopolis-com-rita-cadillac","status":"publish","type":"post","link":"https:\/\/projetocineb.com.br\/?p=1880","title":{"rendered":"HELI\u00d3POLIS COM RITA CADILLAC"},"content":{"rendered":"<figure id=\"attachment_1896\" aria-describedby=\"caption-attachment-1896\" style=\"width: 384px\" class=\"wp-caption aligncenter\"><a href=\"http:\/\/projetocineb.com.br\/wp-content\/uploads\/2011\/03\/DSC01993.jpg\"><img fetchpriority=\"high\" decoding=\"async\" class=\"size-full wp-image-1896 \" title=\"Rita Cadillac fala ao p\u00fablico no final do Cine B em Heli\u00f3polis\" src=\"http:\/\/projetocineb.com.br\/wp-content\/uploads\/2011\/03\/DSC01993.jpg\" alt=\"Rita Cadillac fala ao p\u00fablico no final do Cine B em Heli\u00f3polis\" width=\"384\" height=\"288\" \/><\/a><figcaption id=\"caption-attachment-1896\" class=\"wp-caption-text\">Esta foi a primeira vez que o filme foi exibido ao ar livre, com a Rita, numa comunidade. \u201cEstou me sentindo muito bem, estou em casa\u201d, disse Rita Cadillac<\/figcaption><\/figure>\n<p><span style=\"color: #ff6600;\">Pela terceira vez o projeto Cine B transforma em cinema a comunidade Heli\u00f3polis<\/span>. <a href=\"http:\/\/projetocineb.com.br\/?p=1395\" target=\"_blank\">Da \u00faltima vez estivemos l\u00e1 com a atriz Lena Roque, exibindo o filme <em>Dom\u00e9sticas<\/em>, de Fernando Meirelles<\/a>. Dessa vez o Cine B levou Rita Cadillac, para exibir o document\u00e1rio <em>Rita Cadillac \u2013 a lady do povo<\/em>, de Toni Venturi. O filme mostra o lado mais normal de Rita de C\u00e1ssia, a mulher por tr\u00e1s da pol\u00eamica personagem Rita Cadillac.<\/p>\n<p><span style=\"color: #ff6600;\">\u201c\u00c9 muito bom ver a comunidade integrada e o Cine B nos ajuda a reavivar esta regi\u00e3o de nosso bairro com mais cultura. As pessoas chegam at\u00e9 a cobrar por mais sess\u00f5es, sempre perguntam quando ter\u00e1 outra\u201d, disse Marcelo da A\u00e7\u00e3o Comunit\u00e1ria Heli\u00f3polis<\/span>. Ele, assim como o rec\u00e9m-eleito deputado estadual pelo PT, Luiz Cl\u00e1udio Marcolino, ressaltam a import\u00e2ncia de manter o conceito de moradia integral.<\/p>\n<figure id=\"attachment_1887\" aria-describedby=\"caption-attachment-1887\" style=\"width: 384px\" class=\"wp-caption aligncenter\"><a href=\"http:\/\/projetocineb.com.br\/wp-content\/uploads\/2011\/03\/DSC01974.jpg\"><img decoding=\"async\" class=\"size-full wp-image-1887 \" title=\"O rec\u00e9m-eleito deputado estadual Luiz Cl\u00e1udio Marcolino, a diretora do Sindicato dos Banc\u00e1rios Rita Berlofa, ao microfone Jos\u00e9 Marcelo da Silva da A\u00e7\u00e3o Comunit\u00e1ria Heli\u00f3polis, Maura Rita de Oliveira do Paquist\u00e3o Social e Cid\u00e1lio Vieira Santos da Brazucah Produ\u00e7\u00f5es\" src=\"http:\/\/projetocineb.com.br\/wp-content\/uploads\/2011\/03\/DSC01974.jpg\" alt=\"O rec\u00e9m-eleito deputado estadual Luiz Cl\u00e1udio Marcolino, a diretora do Sindicato dos Banc\u00e1rios Rita Berlofa, ao microfone Jos\u00e9 Marcelo da Silva da A\u00e7\u00e3o Comunit\u00e1ria Heli\u00f3polis, Maura Rita de Oliveira do Paquist\u00e3o Social e Cid\u00e1lio Vieira Santos da Brazucah Produ\u00e7\u00f5es\" width=\"384\" height=\"288\" \/><\/a><figcaption id=\"caption-attachment-1887\" class=\"wp-caption-text\">O rec\u00e9m-eleito deputado estadual Luiz Cl\u00e1udio Marcolino, a diretora do Sindicato dos Banc\u00e1rios Rita Berlofa, ao microfone Jos\u00e9 Marcelo da Silva da A\u00e7\u00e3o Comunit\u00e1ria Heli\u00f3polis, Maura Rita de Oliveira do Paquist\u00e3o Social e Cid\u00e1lio Vieira Santos da Brazucah Produ\u00e7\u00f5es<\/figcaption><\/figure>\n<p><span style=\"color: #ff6600;\">\u201cO A\u00e7\u00e3o Comunit\u00e1ria assim como meu trabalho como deputado estadual n\u00e3o se preocupa s\u00f3 com a moradia, porque n\u00e3o \u00e9 apenas isso que as pessoas precisam. Tamb\u00e9m s\u00e3o necess\u00e1rios espa\u00e7os ou atividades de lazer, cultura, esporte. Isso \u00e9 o que chamamos por moradia integral\u201d, disse Luiz Cl\u00e1udio Marcolino.<\/span><\/p>\n<p>\u201cA diretoria do Sindicato gosta muito do projeto Cine B, ent\u00e3o para 2011 j\u00e1 temos um cronograma articulado, tem comunidades como aqui, que estamos retornando. Mas com novos filmes, e o mesmo formato de exibi\u00e7\u00e3o, um longa e um curta-metragem\u201d, disse a presidente do Sindicato dos Banc\u00e1rios de S\u00e3o Paulo, Osasco e Regi\u00e3o, Juvandia Moreira.<\/p>\n<p><span style=\"color: #ff6600;\">\u201cProjetos como esse s\u00e3o essenciais para nossa manifesta\u00e7\u00e3o cultural. Hoje al\u00e9m de ser caro ir no cinema, os filmes brasileiros ficam pouco tempo em cartaz nos cinemas porque n\u00e3o tem tanto investimento em divulga\u00e7\u00e3o como os filmes norte-americanos\u201d, disse Cynthia Alario da Brazucah Produ\u00e7\u00f5es.<\/span><\/p>\n<p>\u201cEm filmes norte-americanos ou mesmo europeus, ningu\u00e9m conta nossa hist\u00f3ria, nosso dia a dia. Por isso, nosso objetivo de trabalhar com o cinema nacional \u00e9 que possamos conhecer nossa hist\u00f3ria e melhorar nossa vida\u201d, disse Luiz Cl\u00e1udio.<\/p>\n<figure id=\"attachment_1888\" aria-describedby=\"caption-attachment-1888\" style=\"width: 384px\" class=\"wp-caption aligncenter\"><a href=\"http:\/\/projetocineb.com.br\/wp-content\/uploads\/2011\/03\/DSC01977.jpg\"><img decoding=\"async\" class=\"size-full wp-image-1888 \" title=\"Cine B em Heli\u00f3polis\" src=\"http:\/\/projetocineb.com.br\/wp-content\/uploads\/2011\/03\/DSC01977.jpg\" alt=\"Cine B em Heli\u00f3polis\" width=\"384\" height=\"288\" \/><\/a><figcaption id=\"caption-attachment-1888\" class=\"wp-caption-text\">Cine B em Heli\u00f3polis<\/figcaption><\/figure>\n<h2><span style=\"color: #008000;\">RITA CADILLAC<\/span><\/h2>\n<p>O document\u00e1rios <em>Rita Cadillac \u2013 a lady do povo<\/em> mostra o lado humano dessa personagem. O melhor de tudo \u00e9 ver que a Rita de C\u00e1ssia \u00e9 t\u00e3o ou mais interessante que a Cadillac.<\/p>\n<p><a href=\"http:\/\/projetocineb.com.br\/?p=569\" target=\"_blank\">Clique aqui para ler a mat\u00e9ria da pr\u00e9-estreia do document\u00e1rio, no Sindicato.<\/a><\/p>\n<p><span style=\"color: #ff6600;\">\u201cDepois de assistir o filme eu sinto que as pessoas passam a me respeitar mais, a me admirar um pouco mais. Isso que foi importante do filme trazer, para que as pessoas vejam que n\u00e3o sou aquela coisa que a maioria imagina, aquela perua louca. Sou uma mulher normal que tem que batalhar para viver\u201d, disse Rita Cadillac.<\/span><\/p>\n<h2><strong><span style=\"color: #008000;\">CLICKS<\/span><\/strong><\/h2>\n<figure id=\"attachment_1894\" aria-describedby=\"caption-attachment-1894\" style=\"width: 384px\" class=\"wp-caption aligncenter\"><a href=\"http:\/\/projetocineb.com.br\/wp-content\/uploads\/2011\/03\/DSC01989.jpg\"><img loading=\"lazy\" decoding=\"async\" class=\"size-full wp-image-1894 \" title=\"A atriz e rapper Quelynah que participou do filme e s\u00e9rie Ant\u00f4nia, junto de seu amigo, o ator Get\u00falio Borges, que apresenta o programa Esta\u00e7\u00e3o Alegria, no canal 9, TV Aberta\" src=\"http:\/\/projetocineb.com.br\/wp-content\/uploads\/2011\/03\/DSC01989.jpg\" alt=\"A atriz e rapper Quelynah que participou do filme e s\u00e9rie Ant\u00f4nia, junto de seu amigo, o ator Get\u00falio Borges, que apresenta o programa Esta\u00e7\u00e3o Alegria, no canal 9, TV Aberta\" width=\"384\" height=\"288\" \/><\/a><figcaption id=\"caption-attachment-1894\" class=\"wp-caption-text\">A atriz e rapper Quelynah que participou do filme e s\u00e9rie Ant\u00f4nia, junto de seu amigo, o ator Get\u00falio Borges, que apresenta o programa Esta\u00e7\u00e3o Alegria, no canal 9, TV Aberta<\/figcaption><\/figure>\n<figure id=\"attachment_1883\" aria-describedby=\"caption-attachment-1883\" style=\"width: 384px\" class=\"wp-caption aligncenter\"><a href=\"http:\/\/projetocineb.com.br\/wp-content\/uploads\/2011\/03\/DSC01970.jpg\"><img loading=\"lazy\" decoding=\"async\" class=\"size-full wp-image-1883 \" title=\"O morador Francisco Jo\u00e3o Fl\u00f4 levoua esposa Cicera Pereira Sousa Fl\u00f4 e o filho Francisco Gustavo, de 11 anos\" src=\"http:\/\/projetocineb.com.br\/wp-content\/uploads\/2011\/03\/DSC01970.jpg\" alt=\"O morador Francisco Jo\u00e3o Fl\u00f4 levoua esposa Cicera Pereira Sousa Fl\u00f4 e o filho Francisco Gustavo, de 11 anos\" width=\"384\" height=\"288\" \/><\/a><figcaption id=\"caption-attachment-1883\" class=\"wp-caption-text\">O morador Francisco Jo\u00e3o Fl\u00f4 levoua esposa Cicera Pereira Sousa Fl\u00f4 e o filho Francisco Gustavo, de 11 anos<\/figcaption><\/figure>\n<figure id=\"attachment_1882\" aria-describedby=\"caption-attachment-1882\" style=\"width: 384px\" class=\"wp-caption aligncenter\"><a href=\"http:\/\/projetocineb.com.br\/wp-content\/uploads\/2011\/03\/DSC01968.jpg\"><img loading=\"lazy\" decoding=\"async\" class=\"size-full wp-image-1882 \" title=\"A diretora do Sindicato, Maria Rosani Hashizumi foi acompanhada de seu marido Nilson Hashizumi e Ana Luisa Hashizumi\" src=\"http:\/\/projetocineb.com.br\/wp-content\/uploads\/2011\/03\/DSC01968.jpg\" alt=\"A diretora do Sindicato, Maria Rosani Hashizumi foi acompanhada de seu marido Nilson Hashizumi e Ana Luisa Hashizumi\" width=\"384\" height=\"288\" \/><\/a><figcaption id=\"caption-attachment-1882\" class=\"wp-caption-text\">A diretora do Sindicato, Maria Rosani Hashizumi foi acompanhada de seu marido Nilson Hashizumi e Ana Luisa Hashizumi<\/figcaption><\/figure>\n<figure id=\"attachment_1884\" aria-describedby=\"caption-attachment-1884\" style=\"width: 384px\" class=\"wp-caption aligncenter\"><a href=\"http:\/\/projetocineb.com.br\/wp-content\/uploads\/2011\/03\/DSC01971.jpg\"><img loading=\"lazy\" decoding=\"async\" class=\"size-full wp-image-1884 \" title=\"Tatiane dos Santos Ortiz foi com o irm\u00e3o Anderson dos Santos Ortiz e a cunhada Daiane da Silva Coelho Ortiz\" src=\"http:\/\/projetocineb.com.br\/wp-content\/uploads\/2011\/03\/DSC01971.jpg\" alt=\"Tatiane dos Santos Ortiz foi com o irm\u00e3o Anderson dos Santos Ortiz e a cunhada Daiane da Silva Coelho Ortiz\" width=\"384\" height=\"288\" \/><\/a><figcaption id=\"caption-attachment-1884\" class=\"wp-caption-text\">Tatiane dos Santos Ortiz foi com o irm\u00e3o Anderson dos Santos Ortiz e a cunhada Daiane da Silva Coelho Ortiz<\/figcaption><\/figure>\n<figure id=\"attachment_1892\" aria-describedby=\"caption-attachment-1892\" style=\"width: 384px\" class=\"wp-caption aligncenter\"><a href=\"http:\/\/projetocineb.com.br\/wp-content\/uploads\/2011\/03\/DSC01986.jpg\"><img loading=\"lazy\" decoding=\"async\" class=\"size-full wp-image-1892 \" title=\"Nossa assistente de produ\u00e7\u00e3o Luciana Ribeiro e seus ajudantes\" src=\"http:\/\/projetocineb.com.br\/wp-content\/uploads\/2011\/03\/DSC01986.jpg\" alt=\"Nossa assistente de produ\u00e7\u00e3o Luciana Ribeiro e seus ajudantes\" width=\"384\" height=\"288\" \/><\/a><figcaption id=\"caption-attachment-1892\" class=\"wp-caption-text\">Nossa assistente de produ\u00e7\u00e3o Luciana Ribeiro e seus ajudantes<\/figcaption><\/figure>\n<figure id=\"attachment_1885\" aria-describedby=\"caption-attachment-1885\" style=\"width: 384px\" class=\"wp-caption aligncenter\"><a href=\"http:\/\/projetocineb.com.br\/wp-content\/uploads\/2011\/03\/DSC01972.jpg\"><img loading=\"lazy\" decoding=\"async\" class=\"size-full wp-image-1885 \" title=\"Alex Sandro Araujo da Silva levou a esposa Rosemeire Grava e a beb\u00ea de 6 meses Ana Julia Grava Araujo Silva em sua primeira sess\u00e3o de cinema!\" src=\"http:\/\/projetocineb.com.br\/wp-content\/uploads\/2011\/03\/DSC01972.jpg\" alt=\"Alex Sandro Araujo da Silva levou a esposa Rosemeire Grava e a beb\u00ea de 6 meses Ana Julia Grava Araujo Silva em sua primeira sess\u00e3o de cinema!\" width=\"384\" height=\"288\" \/><\/a><figcaption id=\"caption-attachment-1885\" class=\"wp-caption-text\">Alex Sandro Araujo da Silva levou a esposa Rosemeire Grava e a beb\u00ea de 6 meses Ana Julia Grava Araujo Silva em sua primeira sess\u00e3o de cinema!<\/figcaption><\/figure>\n<figure id=\"attachment_1891\" aria-describedby=\"caption-attachment-1891\" style=\"width: 384px\" class=\"wp-caption aligncenter\"><a href=\"http:\/\/projetocineb.com.br\/wp-content\/uploads\/2011\/03\/DSC01985.jpg\"><img loading=\"lazy\" decoding=\"async\" class=\"size-full wp-image-1891 \" title=\"Pesquisa respondida por algum espectador deste Cine B\" src=\"http:\/\/projetocineb.com.br\/wp-content\/uploads\/2011\/03\/DSC01985.jpg\" alt=\"Pesquisa respondida por algum espectador deste Cine B\" width=\"384\" height=\"288\" \/><\/a><figcaption id=\"caption-attachment-1891\" class=\"wp-caption-text\">Pesquisa respondida por algum espectador deste Cine B<\/figcaption><\/figure>\n<figure id=\"attachment_1890\" aria-describedby=\"caption-attachment-1890\" style=\"width: 384px\" class=\"wp-caption aligncenter\"><a href=\"http:\/\/projetocineb.com.br\/wp-content\/uploads\/2011\/03\/DSC01979.jpg\"><img loading=\"lazy\" decoding=\"async\" class=\"size-full wp-image-1890 \" title=\"Na abertura do evento, da esquerda, o rec\u00e9m-eleito deputado estadual Luiz Cl\u00e1udio Marcolino, a diretora do Sindicato dos Banc\u00e1rios Rita Berlofa, Jos\u00e9 Marcelo da Silva da A\u00e7\u00e3o Comunit\u00e1ria Heli\u00f3polis, Maura Rita de Oliveira do Paquist\u00e3o Social e Cid\u00e1lio Vieira Santos coordenador do Cine B com os diretores da Brazucah Marco Costa e Cynthia Alario\" src=\"http:\/\/projetocineb.com.br\/wp-content\/uploads\/2011\/03\/DSC01979.jpg\" alt=\"Na abertura do evento, da esquerda, o rec\u00e9m-eleito deputado estadual Luiz Cl\u00e1udio Marcolino, a diretora do Sindicato dos Banc\u00e1rios Rita Berlofa, Jos\u00e9 Marcelo da Silva da A\u00e7\u00e3o Comunit\u00e1ria Heli\u00f3polis, Maura Rita de Oliveira do Paquist\u00e3o Social e Cid\u00e1lio Vieira Santos coordenador do Cine B com os diretores da Brazucah Marco Costa e Cynthia Alario\" width=\"384\" height=\"288\" \/><\/a><figcaption id=\"caption-attachment-1890\" class=\"wp-caption-text\">Na abertura do evento, da esquerda, o rec\u00e9m-eleito deputado estadual Luiz Cl\u00e1udio Marcolino, a diretora do Sindicato dos Banc\u00e1rios Rita Berlofa, Jos\u00e9 Marcelo da Silva da A\u00e7\u00e3o Comunit\u00e1ria Heli\u00f3polis, Maura Rita de Oliveira do Paquist\u00e3o Social e Cid\u00e1lio Vieira Santos coordenador do Cine B com os diretores da Brazucah Marco Costa e Cynthia Alario<\/figcaption><\/figure>\n<figure id=\"attachment_1897\" aria-describedby=\"caption-attachment-1897\" style=\"width: 384px\" class=\"wp-caption aligncenter\"><a href=\"http:\/\/projetocineb.com.br\/wp-content\/uploads\/2011\/03\/DSC02000.jpg\"><img loading=\"lazy\" decoding=\"async\" class=\"size-full wp-image-1897 \" title=\"Sortudos da exibi\u00e7\u00e3o posam com Rita Cadillac para a foto final\" src=\"http:\/\/projetocineb.com.br\/wp-content\/uploads\/2011\/03\/DSC02000.jpg\" alt=\"Sortudos da exibi\u00e7\u00e3o posam com Rita Cadillac para a foto final\" width=\"384\" height=\"288\" \/><\/a><figcaption id=\"caption-attachment-1897\" class=\"wp-caption-text\">Sortudos da exibi\u00e7\u00e3o posam com Rita Cadillac para a foto final<\/figcaption><\/figure>\n","protected":false},"excerpt":{"rendered":"<p>Pela terceira vez o projeto Cine B transforma em cinema a comunidade Heli\u00f3polis. Da \u00faltima vez estivemos l\u00e1 com a[&#8230;]<\/p>\n","protected":false},"author":2,"featured_media":0,"comment_status":"open","ping_status":"open","sticky":false,"template":"","format":"standard","meta":[],"categories":[2],"tags":[39,154,597,760,921,1065,1066,1132,1251],"_links":{"self":[{"href":"https:\/\/projetocineb.com.br\/index.php?rest_route=\/wp\/v2\/posts\/1880"}],"collection":[{"href":"https:\/\/projetocineb.com.br\/index.php?rest_route=\/wp\/v2\/posts"}],"about":[{"href":"https:\/\/projetocineb.com.br\/index.php?rest_route=\/wp\/v2\/types\/post"}],"author":[{"embeddable":true,"href":"https:\/\/projetocineb.com.br\/index.php?rest_route=\/wp\/v2\/users\/2"}],"replies":[{"embeddable":true,"href":"https:\/\/projetocineb.com.br\/index.php?rest_route=%2Fwp%2Fv2%2Fcomments&post=1880"}],"version-history":[{"count":0,"href":"https:\/\/projetocineb.com.br\/index.php?rest_route=\/wp\/v2\/posts\/1880\/revisions"}],"wp:attachment":[{"href":"https:\/\/projetocineb.com.br\/index.php?rest_route=%2Fwp%2Fv2%2Fmedia&parent=1880"}],"wp:term":[{"taxonomy":"category","embeddable":true,"href":"https:\/\/projetocineb.com.br\/index.php?rest_route=%2Fwp%2Fv2%2Fcategories&post=1880"},{"taxonomy":"post_tag","embeddable":true,"href":"https:\/\/projetocineb.com.br\/index.php?rest_route=%2Fwp%2Fv2%2Ftags&post=1880"}],"curies":[{"name":"wp","href":"https:\/\/api.w.org\/{rel}","templated":true}]}}