{"id":1923,"date":"2011-04-05T01:51:17","date_gmt":"2011-04-05T04:51:17","guid":{"rendered":"http:\/\/projetocineb.com.br\/?p=1923"},"modified":"2011-04-05T01:51:17","modified_gmt":"2011-04-05T04:51:17","slug":"agua-branca","status":"publish","type":"post","link":"https:\/\/projetocineb.com.br\/?p=1923","title":{"rendered":"\u00c1GUA BRANCA"},"content":{"rendered":"<p><span style=\"color: #ff6600;\">Pela primeira vez o Cine B realiza uma exibi\u00e7\u00e3o na quadra de esportes do Instituto Rogacionista, que fica na zona oeste de S\u00e3o Paulo, na comunidade da \u00c1gua Branca<\/span>. A sess\u00e3o contou com <span style=\"color: #ff6600;\">200 espectadores<\/span> e foram exibidos os <span style=\"color: #ff6600;\">filmes <em>Quincas Berro D\u2019\u00e1gua<\/em>, longa-metragem de S\u00e9rgio Machado e o curta <em>Uma hist\u00f3ria de futebol<\/em> de Paulo Machline<\/span>. Entre os espectadores, <span style=\"color: #ff6600;\">moradores da \u00c1gua Branca e representantes da Associa\u00e7\u00e3o de Moradores da \u00c1gua Branca, alunos dos cursos do Instituto e universit\u00e1rios dos cursos de Comunica\u00e7\u00e3o Digital da Universidade Paulista (UNIP), que fica pr\u00f3xima ao Instituto Rogacinista<\/span>.<\/p>\n<figure id=\"attachment_1925\" aria-describedby=\"caption-attachment-1925\" style=\"width: 384px\" class=\"wp-caption aligncenter\"><a href=\"http:\/\/projetocineb.com.br\/wp-content\/uploads\/2011\/04\/sessao-agua-branca-019web.jpg\"><img fetchpriority=\"high\" decoding=\"async\" class=\"size-full wp-image-1925  \" title=\"Cine B no Instituto Rogacionista\" src=\"http:\/\/projetocineb.com.br\/wp-content\/uploads\/2011\/04\/sessao-agua-branca-019web.jpg\" alt=\"Cine B no Instituto Rogacionista\" width=\"384\" height=\"216\" \/><\/a><figcaption id=\"caption-attachment-1925\" class=\"wp-caption-text\">Cine B no Instituto Rogacionista<\/figcaption><\/figure>\n<p><span style=\"color: #ff6600;\">\u201cO que achei muito interessante do projeto Cine B foi essa proposta de trazer o cinema nacional para a popula\u00e7\u00e3o, porque apesar da nova safra de filmes que refletem nossa hist\u00f3ria e cultura, hoje as salas de cinema est\u00e3o restritas a shoppings e ambientes mais sofisticados em que o pre\u00e7o do ingresso \u00e9 caro e nem sempre acess\u00edvel a maior parte das pessoas\u201d, disse o Padre L\u00e9dio Milanez<\/span>.<\/p>\n<p><span style=\"color: #ff6600;\">\u201cTenho assistido filmes em casa, porque acho o ingresso do cinema muito caro, nosso poder aquisito \u00e9 baixo, ent\u00e3o vou fazer o que? Tenho que esperar sair em DVD ou passar na televis\u00e3o\u201d, disse a moradora da \u00c1gua Branca, Maria do Carmo Santos, <span style=\"color: #000000;\">que confessou adorar o longa brasileiro <em>\u00d3, pai \u00f3<\/em><\/span><\/span>, de Monique Gardenberg (e que j\u00e1 esteve em cartaz no Cine B).<\/p>\n<figure id=\"attachment_1930\" aria-describedby=\"caption-attachment-1930\" style=\"width: 384px\" class=\"wp-caption aligncenter\"><a href=\"http:\/\/projetocineb.com.br\/wp-content\/uploads\/2011\/04\/sessao-agua-branca-025web.jpg\"><img decoding=\"async\" class=\"size-full wp-image-1930  \" title=\"O estudante de Design Gr\u00e1fico Marcio Furlani, acompanhado de Wagner Fernandes dos Santos, Cid\u00e1lio Vieira Santos, professora Selma dos Santos Rufino e Dulcinea Patrello, DDO do Instituto\" src=\"http:\/\/projetocineb.com.br\/wp-content\/uploads\/2011\/04\/sessao-agua-branca-025web.jpg\" alt=\"O estudante de Design Gr\u00e1fico Marcio Furlani, acompanhado de Wagner Fernandes dos Santos, Cid\u00e1lio Vieira Santos, professora Selma dos Santos Rufino e Dulcinea Patrello, DDO do Instituto\" width=\"384\" height=\"288\" \/><\/a><figcaption id=\"caption-attachment-1930\" class=\"wp-caption-text\">O estudante de Design Gr\u00e1fico Marcio Furlani, acompanhado de Wagner Fernandes dos Santos, Cid\u00e1lio Vieira Santos, professora Selma dos Santos Rufino e Dulcinea Patrello, DDO do Instituto<\/figcaption><\/figure>\n<p>\u201cEste projeto foi ideal hoje aqui, salvou o fim de semana, porque acabamos sempre gastando o dinheiro com outra coisa, dif\u00edcil ir no cinema, ent\u00e3o hoje n\u00e3o perdemos tempo para assistir um filme assim de gra\u00e7a\u201d, disse o vice-presidente da Associa\u00e7\u00e3o de Moradores da \u00c1gua Branca, Emerson da Silva.<\/p>\n<p>&#8220;Para mim \u00e9 muito gratificante ver esta exibi\u00e7\u00e3o, j\u00e1 que moro nesse bairro. Para o Sindicato, este \u00e9 um projeto muito valioso, o qual nos orgulhamos muito&#8221;, disse Jackeline Machado, diretora do Sindicato dos Banc\u00e1rios de S\u00e3o Paulo, Osasco e Regi\u00e3o, que ajudou o coordenador do Cine B, Cid\u00e1lio Vieira Santos a divulgar esta sess\u00e3o, andando com o carro de som pela vizinhan\u00e7a.<\/p>\n<h2><span style=\"color: #008000;\">UNIP<\/span><\/h2>\n<p>Os alunos do de Comunica\u00e7\u00e3o Digital da UNIP, que abrange os cursos de Audiovisual, Design Gr\u00e1fico e Computa\u00e7\u00e3o Gr\u00e1fica.<\/p>\n<p>A coordenadora do curso, Professora Selma dos Santos Rofino convocou todos os seus alunos quando soube da exibi\u00e7\u00e3o.<\/p>\n<p><span style=\"color: #ff6600;\">\u201cEventos como este s\u00e3o de extrema import\u00e2ncia para os alunos desses cursos, porque mostram como deve ser o trabalho deles na pr\u00e1tica, mas al\u00e9m dessa import\u00e2ncia na profiss\u00e3o destes alunos, existe a import\u00e2ncia da inser\u00e7\u00e3o na comunidade que vivem. O mercado de trabalho hoje \u00e9 um mercado que exige profissionais que sejam qualificados em diversas formas, tamb\u00e9m no sentido de vivencia, de conhecimento com o grupo que vivem\u201d, disse a professora Selma.<\/span><\/p>\n<h2><span style=\"color: #008000;\">CLICKS<\/span><\/h2>\n<figure id=\"attachment_1927\" aria-describedby=\"caption-attachment-1927\" style=\"width: 384px\" class=\"wp-caption aligncenter\"><a href=\"http:\/\/projetocineb.com.br\/wp-content\/uploads\/2011\/04\/sessao-agua-branca-022web.jpg\"><img decoding=\"async\" class=\"size-full wp-image-1927  \" title=\"Os filhos da espectadora Bernadete Salles da Silva, que n\u00e3o quis aparecer na fotos, Samuel Salles da Silva de 7 anos e Eloina de Sousa Salles, 4\" src=\"http:\/\/projetocineb.com.br\/wp-content\/uploads\/2011\/04\/sessao-agua-branca-022web.jpg\" alt=\"Os filhos da espectadora Bernadete Salles da Silva, que n\u00e3o quis aparecer na fotos, Samuel Salles da Silva de 7 anos e Eloina de Sousa Salles, 4\" width=\"384\" height=\"288\" \/><\/a><figcaption id=\"caption-attachment-1927\" class=\"wp-caption-text\">Samuel Salles da Silva de 7 anos que pela primeira vez foi ao cinema, assim como sua m\u00e3e Bernadete Salles da Silva, que n\u00e3o quis aparecer na fotos, e Eloina de Sousa Salles, 4<\/figcaption><\/figure>\n<p><span style=\"color: #008000;\"><br \/>\n<\/span><\/p>\n<p><span style=\"color: #008000;\"> <\/span><\/p>\n<figure id=\"attachment_1924\" aria-describedby=\"caption-attachment-1924\" style=\"width: 384px\" class=\"wp-caption aligncenter\"><a href=\"http:\/\/projetocineb.com.br\/wp-content\/uploads\/2011\/04\/sessao-agua-branca-027web.jpg\"><img loading=\"lazy\" decoding=\"async\" class=\"size-full wp-image-1924  \" title=\"Jean Januario de Lima com suas filhas Isabela Maforti de Lima de 8 anos e Emilly Kelly de Sales, 10\" src=\"http:\/\/projetocineb.com.br\/wp-content\/uploads\/2011\/04\/sessao-agua-branca-027web.jpg\" alt=\"Jean Januario de Lima com suas filhas Isabela Maforti de Lima de 8 anos e Emilly Kelly de Sales, 10\" width=\"384\" height=\"288\" \/><\/a><figcaption id=\"caption-attachment-1924\" class=\"wp-caption-text\">O dan\u00e7arino Jean Januario de Lima com suas filhas Isabela Maforti de Lima de 8 anos e Emilly Kelly de Sales, 10<\/figcaption><\/figure>\n<figure id=\"attachment_1929\" aria-describedby=\"caption-attachment-1929\" style=\"width: 384px\" class=\"wp-caption aligncenter\"><a href=\"http:\/\/projetocineb.com.br\/wp-content\/uploads\/2011\/04\/sessao-agua-branca-024web.jpg\"><img loading=\"lazy\" decoding=\"async\" class=\"size-full wp-image-1929  \" title=\"Marcio Furlani e Cesar Moreira da Silva, alunos de Design Gr\u00e1fico na UNIP\" src=\"http:\/\/projetocineb.com.br\/wp-content\/uploads\/2011\/04\/sessao-agua-branca-024web.jpg\" alt=\"Marcio Furlani e Cesar Moreira da Silva, alunos de Design Gr\u00e1fico na UNIP\" width=\"384\" height=\"288\" \/><\/a><figcaption id=\"caption-attachment-1929\" class=\"wp-caption-text\">Marcio Furlani e Cesar Moreira da Silva, alunos de Design Gr\u00e1fico na UNIP<\/figcaption><\/figure>\n<figure id=\"attachment_1926\" aria-describedby=\"caption-attachment-1926\" style=\"width: 384px\" class=\"wp-caption aligncenter\"><a href=\"http:\/\/projetocineb.com.br\/wp-content\/uploads\/2011\/04\/sessao-agua-branca-021web.jpg\"><img loading=\"lazy\" decoding=\"async\" class=\"size-full wp-image-1926  \" title=\"Cena do filme Quincas Berro D'\u00e1gua\" src=\"http:\/\/projetocineb.com.br\/wp-content\/uploads\/2011\/04\/sessao-agua-branca-021web.jpg\" alt=\"Cena do filme Quincas Berro D'\u00e1gua\" width=\"384\" height=\"288\" \/><\/a><figcaption id=\"caption-attachment-1926\" class=\"wp-caption-text\">P\u00fablico assiste ao filme Quincas Berro D&#39;\u00e1gua<\/figcaption><\/figure>\n<figure id=\"attachment_1935\" aria-describedby=\"caption-attachment-1935\" style=\"width: 384px\" class=\"wp-caption aligncenter\"><a href=\"http:\/\/projetocineb.com.br\/wp-content\/uploads\/2011\/04\/sessao-agua-branca-007.jpg\"><img loading=\"lazy\" decoding=\"async\" class=\"size-full wp-image-1935\" title=\"Wagner Fernandes dos Santos, acompanhando de sua esposa, a professora Selma dos Santos Rufino, coordenadora do curso de Comunica\u00e7\u00e3o Visual da UNIP\" src=\"http:\/\/projetocineb.com.br\/wp-content\/uploads\/2011\/04\/sessao-agua-branca-007.jpg\" alt=\"\" width=\"384\" height=\"288\" \/><\/a><figcaption id=\"caption-attachment-1935\" class=\"wp-caption-text\">Wagner Fernandes dos Santos, acompanhando de sua esposa, a professora Selma dos Santos Rufino, coordenadora do curso de Comunica\u00e7\u00e3o Visual da UNIP<\/figcaption><\/figure>\n<p style=\"text-align: center;\">\n<p style=\"text-align: center;\">\n<figure id=\"attachment_1936\" aria-describedby=\"caption-attachment-1936\" style=\"width: 384px\" class=\"wp-caption aligncenter\"><a href=\"http:\/\/projetocineb.com.br\/wp-content\/uploads\/2011\/04\/sessao-agua-branca-012.jpg\"><img loading=\"lazy\" decoding=\"async\" class=\"size-full wp-image-1936 \" title=\"Os estudantes de Design Gr\u00e1fico, Michel Torres Araujo e Emerson Magno Fernandes dos Santos \" src=\"http:\/\/projetocineb.com.br\/wp-content\/uploads\/2011\/04\/sessao-agua-branca-012.jpg\" alt=\"Os estudantes de Design Gr\u00e1fico, Michel Torres Araujo e Emerson Magno Fernandes dos Santos\" width=\"384\" height=\"288\" \/><\/a><figcaption id=\"caption-attachment-1936\" class=\"wp-caption-text\">Os estudantes de Design Gr\u00e1fico, Michel Torres Araujo e Emerson Magno Fernandes dos Santos<\/figcaption><\/figure>\n<p style=\"text-align: center;\">\n<figure id=\"attachment_1934\" aria-describedby=\"caption-attachment-1934\" style=\"width: 384px\" class=\"wp-caption aligncenter\"><a href=\"http:\/\/projetocineb.com.br\/wp-content\/uploads\/2011\/04\/sessao-agua-branca-014.jpg\"><img loading=\"lazy\" decoding=\"async\" class=\"size-full wp-image-1934 \" title=\"A fam\u00edlia de moradores da \u00c1gua Branca, Anderson da Silva, Maria Ferreira de Sousa, Antonia Ferreira de Souza e Luan Jos\u00e9 Ferreira da Silva, de 4 anos\" src=\"http:\/\/projetocineb.com.br\/wp-content\/uploads\/2011\/04\/sessao-agua-branca-014.jpg\" alt=\"A fam\u00edlia de moradores da \u00c1gua Branca, Anderson da Silva, Maria Ferreira de Sousa, Antonia Ferreira de Souza e Luan Jos\u00e9 Ferreira da Silva, de 4 anos\" width=\"384\" height=\"288\" \/><\/a><figcaption id=\"caption-attachment-1934\" class=\"wp-caption-text\">A fam\u00edlia de moradores da \u00c1gua Branca, Anderson da Silva, Maria Ferreira de Sousa, Antonia Ferreira de Souza e Luan Jos\u00e9 Ferreira da Silva, de 4 anos<\/figcaption><\/figure>\n<p style=\"text-align: center;\">\n<figure id=\"attachment_1928\" aria-describedby=\"caption-attachment-1928\" style=\"width: 384px\" class=\"wp-caption aligncenter\"><a href=\"http:\/\/projetocineb.com.br\/wp-content\/uploads\/2011\/04\/sessao-agua-branca-023web.jpg\"><img loading=\"lazy\" decoding=\"async\" class=\"size-full wp-image-1928  \" title=\"Os sortudos que levaram para casa diversos brindes, entre eles as tradicionais camisetas do Cine B\" src=\"http:\/\/projetocineb.com.br\/wp-content\/uploads\/2011\/04\/sessao-agua-branca-023web.jpg\" alt=\"Os sortudos que levaram para casa diversos brindes, entre eles as tradicionais camisetas do Cine B\" width=\"384\" height=\"288\" \/><\/a><figcaption id=\"caption-attachment-1928\" class=\"wp-caption-text\">Os sortudos que levaram para casa diversos brindes, entre eles as tradicionais camisetas do Cine B<\/figcaption><\/figure>\n<p style=\"text-align: center;\">\n<p style=\"text-align: center;\">\n<p style=\"text-align: center;\">\n","protected":false},"excerpt":{"rendered":"<p>Pela primeira vez o Cine B realiza uma exibi\u00e7\u00e3o na quadra de esportes do Instituto Rogacionista, que fica na zona[&#8230;]<\/p>\n","protected":false},"author":2,"featured_media":0,"comment_status":"open","ping_status":"open","sticky":false,"template":"","format":"standard","meta":[],"categories":[2],"tags":[49,154,242,266,641,1023,1095,1132,1186,1250],"_links":{"self":[{"href":"https:\/\/projetocineb.com.br\/index.php?rest_route=\/wp\/v2\/posts\/1923"}],"collection":[{"href":"https:\/\/projetocineb.com.br\/index.php?rest_route=\/wp\/v2\/posts"}],"about":[{"href":"https:\/\/projetocineb.com.br\/index.php?rest_route=\/wp\/v2\/types\/post"}],"author":[{"embeddable":true,"href":"https:\/\/projetocineb.com.br\/index.php?rest_route=\/wp\/v2\/users\/2"}],"replies":[{"embeddable":true,"href":"https:\/\/projetocineb.com.br\/index.php?rest_route=%2Fwp%2Fv2%2Fcomments&post=1923"}],"version-history":[{"count":0,"href":"https:\/\/projetocineb.com.br\/index.php?rest_route=\/wp\/v2\/posts\/1923\/revisions"}],"wp:attachment":[{"href":"https:\/\/projetocineb.com.br\/index.php?rest_route=%2Fwp%2Fv2%2Fmedia&parent=1923"}],"wp:term":[{"taxonomy":"category","embeddable":true,"href":"https:\/\/projetocineb.com.br\/index.php?rest_route=%2Fwp%2Fv2%2Fcategories&post=1923"},{"taxonomy":"post_tag","embeddable":true,"href":"https:\/\/projetocineb.com.br\/index.php?rest_route=%2Fwp%2Fv2%2Ftags&post=1923"}],"curies":[{"name":"wp","href":"https:\/\/api.w.org\/{rel}","templated":true}]}}