{"id":19483,"date":"2023-07-08T20:56:31","date_gmt":"2023-07-08T23:56:31","guid":{"rendered":"https:\/\/projetocineb.com.br\/?p=19483"},"modified":"2024-07-20T21:57:06","modified_gmt":"2024-07-21T00:57:06","slug":"parque-novo-mundo-recebe-cineb-solar-com-exibicao-de-filme-para-a-criancada-pluft-o-fantasminha","status":"publish","type":"post","link":"https:\/\/projetocineb.com.br\/?p=19483","title":{"rendered":"Parque Novo Mundo \u00a0recebe CineB Solar com exibi\u00e7\u00e3o de filme para a crian\u00e7ada: &#8220;Pluft o Fantasminha&#8221;"},"content":{"rendered":"\n<p class=\"has-text-align-left\"><em>A exibi\u00e7\u00e3o do filme infantil : &#8220;Pluft o Fantasminha&#8221; &nbsp;foi realizada ao ar livre na Rua Giuseppe Marino<\/em><\/p>\n\n\n\n<figure class=\"wp-block-image size-large\"><img fetchpriority=\"high\" decoding=\"async\" width=\"1024\" height=\"683\" src=\"http:\/\/projetocineb.com.br\/wp-content\/uploads\/2023\/07\/13-1024x683.jpg\" alt=\"\" class=\"wp-image-19463\" srcset=\"https:\/\/projetocineb.com.br\/wp-content\/uploads\/2023\/07\/13-1024x683.jpg 1024w, https:\/\/projetocineb.com.br\/wp-content\/uploads\/2023\/07\/13-300x200.jpg 300w, https:\/\/projetocineb.com.br\/wp-content\/uploads\/2023\/07\/13-768x512.jpg 768w, https:\/\/projetocineb.com.br\/wp-content\/uploads\/2023\/07\/13-1536x1024.jpg 1536w, https:\/\/projetocineb.com.br\/wp-content\/uploads\/2023\/07\/13-2048x1365.jpg 2048w, https:\/\/projetocineb.com.br\/wp-content\/uploads\/2023\/07\/13-840x560.jpg 840w, https:\/\/projetocineb.com.br\/wp-content\/uploads\/2023\/07\/13-120x80.jpg 120w, https:\/\/projetocineb.com.br\/wp-content\/uploads\/2023\/07\/13-360x240.jpg 360w, https:\/\/projetocineb.com.br\/wp-content\/uploads\/2023\/07\/13-600x400.jpg 600w\" sizes=\"(max-width: 1024px) 100vw, 1024px\" \/><\/figure>\n\n\n\n<p>Sess\u00e3o exibida em: <strong>02\/06\/2023<\/strong><\/p>\n\n\n\n<p>A noite de sexta feira(02) voltamos pela segunda vez&nbsp; &nbsp;na Ch\u00e1cara Bela Vista, no Parque Novo Mundo,&nbsp; Organizada pela Associa\u00e7\u00e3o Regando Uma Semente,&nbsp;localizada na zona norte da cidade de S\u00e3o Paulo. o projeto <strong>CineB Solar<\/strong> montou uma sala de cinema ao ar livre. Aqui link da mat\u00e9ria no blog, da &nbsp;\u00faltima sess\u00e3o que projeto esteve neste local:<a rel=\"noreferrer noopener\" href=\"https:\/\/projetocineb.com.br\/?p=16594\" target=\"_blank\">https:\/\/projetocineb.com.br\/?p=16594<\/a><\/p>\n\n\n\n<figure class=\"wp-block-image size-large\"><img decoding=\"async\" width=\"1024\" height=\"683\" src=\"http:\/\/projetocineb.com.br\/wp-content\/uploads\/2023\/07\/14-1024x683.jpg\" alt=\"\" class=\"wp-image-19464\" srcset=\"https:\/\/projetocineb.com.br\/wp-content\/uploads\/2023\/07\/14-1024x683.jpg 1024w, https:\/\/projetocineb.com.br\/wp-content\/uploads\/2023\/07\/14-300x200.jpg 300w, https:\/\/projetocineb.com.br\/wp-content\/uploads\/2023\/07\/14-768x512.jpg 768w, https:\/\/projetocineb.com.br\/wp-content\/uploads\/2023\/07\/14-1536x1024.jpg 1536w, https:\/\/projetocineb.com.br\/wp-content\/uploads\/2023\/07\/14-2048x1365.jpg 2048w, https:\/\/projetocineb.com.br\/wp-content\/uploads\/2023\/07\/14-840x560.jpg 840w, https:\/\/projetocineb.com.br\/wp-content\/uploads\/2023\/07\/14-120x80.jpg 120w, https:\/\/projetocineb.com.br\/wp-content\/uploads\/2023\/07\/14-360x240.jpg 360w, https:\/\/projetocineb.com.br\/wp-content\/uploads\/2023\/07\/14-600x400.jpg 600w\" sizes=\"(max-width: 1024px) 100vw, 1024px\" \/><figcaption class=\"wp-element-caption\"><strong>Estacionamento do Cingapura foi transformado em uma sala de cinema<\/strong><\/figcaption><\/figure>\n\n\n\n<p>Realizada no dia 02 de junho , apesar do frio , a sess\u00e3o contou com a presen\u00e7a de mais de 100 moradores da comunidade. Foi exibido o filme : &#8220;Pluft o Fantasminha&#8221; da diretora Rosane Svartman .<\/p>\n\n\n\n<figure class=\"wp-block-image size-large\"><img decoding=\"async\" width=\"1024\" height=\"576\" src=\"http:\/\/projetocineb.com.br\/wp-content\/uploads\/2023\/07\/18-1024x576.jpg\" alt=\"\" class=\"wp-image-19465\" srcset=\"https:\/\/projetocineb.com.br\/wp-content\/uploads\/2023\/07\/18-1024x576.jpg 1024w, https:\/\/projetocineb.com.br\/wp-content\/uploads\/2023\/07\/18-300x169.jpg 300w, https:\/\/projetocineb.com.br\/wp-content\/uploads\/2023\/07\/18-768x432.jpg 768w, https:\/\/projetocineb.com.br\/wp-content\/uploads\/2023\/07\/18-1536x864.jpg 1536w, https:\/\/projetocineb.com.br\/wp-content\/uploads\/2023\/07\/18.jpg 1920w\" sizes=\"(max-width: 1024px) 100vw, 1024px\" \/><\/figure>\n\n\n\n<p><\/p>\n\n\n\n<p>&nbsp;O filme, lan\u00e7ado em julho de 2022 \u00e9 sobre a menina Maribel e o fantasma que morre de medo de gente desenvolvem uma inesperada amizade. Um dia, ela \u00e9 sequestrada pelo pirata Perna de Pau, que quer us\u00e1-la para achar o tesouro deixado pelo seu av\u00f4, o falecido Capit\u00e3o Bonan\u00e7a Arco-\u00edris.<\/p>\n\n\n\n<p><\/p>\n\n\n\n<figure class=\"wp-block-image size-large\"><img loading=\"lazy\" decoding=\"async\" width=\"1024\" height=\"683\" src=\"http:\/\/projetocineb.com.br\/wp-content\/uploads\/2023\/07\/08-1024x683.jpg\" alt=\"\" class=\"wp-image-19466\" srcset=\"https:\/\/projetocineb.com.br\/wp-content\/uploads\/2023\/07\/08-1024x683.jpg 1024w, https:\/\/projetocineb.com.br\/wp-content\/uploads\/2023\/07\/08-300x200.jpg 300w, https:\/\/projetocineb.com.br\/wp-content\/uploads\/2023\/07\/08-768x512.jpg 768w, https:\/\/projetocineb.com.br\/wp-content\/uploads\/2023\/07\/08-1536x1024.jpg 1536w, https:\/\/projetocineb.com.br\/wp-content\/uploads\/2023\/07\/08-2048x1365.jpg 2048w, https:\/\/projetocineb.com.br\/wp-content\/uploads\/2023\/07\/08-840x560.jpg 840w, https:\/\/projetocineb.com.br\/wp-content\/uploads\/2023\/07\/08-120x80.jpg 120w, https:\/\/projetocineb.com.br\/wp-content\/uploads\/2023\/07\/08-360x240.jpg 360w, https:\/\/projetocineb.com.br\/wp-content\/uploads\/2023\/07\/08-600x400.jpg 600w\" sizes=\"(max-width: 1024px) 100vw, 1024px\" \/><figcaption class=\"wp-element-caption\"><strong>Diretores da associa\u00e7\u00e3o Regando Uma Semente<\/strong><\/figcaption><\/figure>\n\n\n\n<p>Foi uma sess\u00e3o com a participa\u00e7\u00e3o do pessoal da Entidade &nbsp;Projeto Regando &nbsp;Uma Semente. A sess\u00e3o contou com a presen\u00e7a da presidente da entidade Maeli Santos Urbano e do &nbsp;vice : M\u00e1rio L\u00facio Jos\u00e9 de Oliveira; e membros da Entidade: &nbsp;Regiane dos Santos Carvalho,Gislaine oliveira de Santana e Alicy Urbano de Oliveira.<\/p>\n\n\n\n<p>Ap\u00f3s 20 minutos do in\u00edcio do filme , &nbsp;tivemos que dar uma pequena pausa, pois acendeu a &nbsp;l\u00e2mpada da rua&nbsp; que estava bem em cima do tel\u00e3o, &nbsp;tivemos que improvisar , e o vice presidente da associa\u00e7\u00e3o junto com a nossa equipe t\u00e9cnica tampou a l\u00e2mpada, foi muita emo\u00e7\u00e3o; e pudemos continuar a ficar &nbsp;no escuro com mais cara de cinema. &nbsp;<\/p>\n\n\n\n<p>A sess\u00e3o com o filme &#8220;Pluft o Fantasminha &#8220;contou com a alegria e a participa\u00e7\u00e3o das crian\u00e7as da regi\u00e3o.<\/p>\n\n\n\n<p><\/p>\n\n\n\n<figure class=\"wp-block-image size-large is-resized\"><img loading=\"lazy\" decoding=\"async\" src=\"http:\/\/projetocineb.com.br\/wp-content\/uploads\/2023\/07\/foto-debate-819x1024.jpg\" alt=\"\" class=\"wp-image-19467\" width=\"817\" height=\"1021\" srcset=\"https:\/\/projetocineb.com.br\/wp-content\/uploads\/2023\/07\/foto-debate-819x1024.jpg 819w, https:\/\/projetocineb.com.br\/wp-content\/uploads\/2023\/07\/foto-debate-240x300.jpg 240w, https:\/\/projetocineb.com.br\/wp-content\/uploads\/2023\/07\/foto-debate-768x960.jpg 768w, https:\/\/projetocineb.com.br\/wp-content\/uploads\/2023\/07\/foto-debate-1229x1536.jpg 1229w, https:\/\/projetocineb.com.br\/wp-content\/uploads\/2023\/07\/foto-debate-1638x2048.jpg 1638w, https:\/\/projetocineb.com.br\/wp-content\/uploads\/2023\/07\/foto-debate-scaled.jpg 2048w\" sizes=\"(max-width: 817px) 100vw, 817px\" \/><\/figure>\n\n\n\n<p>No final da sess\u00e3o, &nbsp;foi organizado um debate e seis crian\u00e7as da comunidade &nbsp;comandaram o debate com o p\u00fablico presente, fazendo &nbsp;coment\u00e1rios sobre o filme e com perguntas sobre o mesmo. Quem respondeu corretamente as perguntas ganhou &nbsp;brindes .<\/p>\n\n\n\n<p><\/p>\n\n\n\n<figure class=\"wp-block-image size-large\"><img loading=\"lazy\" decoding=\"async\" width=\"1024\" height=\"683\" src=\"http:\/\/projetocineb.com.br\/wp-content\/uploads\/2023\/07\/06-1024x683.jpg\" alt=\"\" class=\"wp-image-19468\" srcset=\"https:\/\/projetocineb.com.br\/wp-content\/uploads\/2023\/07\/06-1024x683.jpg 1024w, https:\/\/projetocineb.com.br\/wp-content\/uploads\/2023\/07\/06-300x200.jpg 300w, https:\/\/projetocineb.com.br\/wp-content\/uploads\/2023\/07\/06-768x512.jpg 768w, https:\/\/projetocineb.com.br\/wp-content\/uploads\/2023\/07\/06-1536x1024.jpg 1536w, https:\/\/projetocineb.com.br\/wp-content\/uploads\/2023\/07\/06-2048x1365.jpg 2048w, https:\/\/projetocineb.com.br\/wp-content\/uploads\/2023\/07\/06-840x560.jpg 840w, https:\/\/projetocineb.com.br\/wp-content\/uploads\/2023\/07\/06-120x80.jpg 120w, https:\/\/projetocineb.com.br\/wp-content\/uploads\/2023\/07\/06-360x240.jpg 360w, https:\/\/projetocineb.com.br\/wp-content\/uploads\/2023\/07\/06-600x400.jpg 600w\" sizes=\"(max-width: 1024px) 100vw, 1024px\" \/><\/figure>\n\n\n\n<p>Ao final da sess\u00e3o a comunidade teve a chance de conhecer nosso carro que faz o cinema acontecer. O CineB Solar \u00e9 o primeiro carro do Brasil que leva cinema com energia solar; as sess\u00f5es s\u00e3o exibidas utilizando-se de energia solar captada atrav\u00e9s de um ve\u00edculo equipado com placas solares, baterias e conversor. &nbsp;O equipamento transforma a energia do sol em energia el\u00e9trica para alimentar o sistema de proje\u00e7\u00e3o e o som dos filmes.<\/p>\n\n\n\n<figure class=\"wp-block-image size-large\"><img loading=\"lazy\" decoding=\"async\" width=\"1024\" height=\"683\" src=\"http:\/\/projetocineb.com.br\/wp-content\/uploads\/2023\/07\/02-1024x683.jpg\" alt=\"\" class=\"wp-image-19469\" srcset=\"https:\/\/projetocineb.com.br\/wp-content\/uploads\/2023\/07\/02-1024x683.jpg 1024w, https:\/\/projetocineb.com.br\/wp-content\/uploads\/2023\/07\/02-300x200.jpg 300w, https:\/\/projetocineb.com.br\/wp-content\/uploads\/2023\/07\/02-768x512.jpg 768w, https:\/\/projetocineb.com.br\/wp-content\/uploads\/2023\/07\/02-1536x1024.jpg 1536w, https:\/\/projetocineb.com.br\/wp-content\/uploads\/2023\/07\/02-2048x1365.jpg 2048w, https:\/\/projetocineb.com.br\/wp-content\/uploads\/2023\/07\/02-840x560.jpg 840w, https:\/\/projetocineb.com.br\/wp-content\/uploads\/2023\/07\/02-120x80.jpg 120w, https:\/\/projetocineb.com.br\/wp-content\/uploads\/2023\/07\/02-360x240.jpg 360w, https:\/\/projetocineb.com.br\/wp-content\/uploads\/2023\/07\/02-600x400.jpg 600w\" sizes=\"(max-width: 1024px) 100vw, 1024px\" \/><\/figure>\n\n\n\n<p><strong>SOBRE O CINEB SOLAR<\/strong><\/p>\n\n\n\n<p>Desde 2007, o projeto <strong>CineB<\/strong> j\u00e1 atingiu um p\u00fablico de 86 mil espectadores em mais de 681 sess\u00f5es gratuitas realizadas em comunidades e universidades de S\u00e3o Paulo. Foram percorridos cerca de 161 bairros da cidade de S\u00e3o Paulo e 23 cidades fora da capital paulista.<\/p>\n\n\n\n<p><strong>AGRADECIMENTOS<\/strong><\/p>\n\n\n\n<p>Agradecemos &nbsp;a todos da Associa\u00e7\u00e3o dos Moradores pela colabora\u00e7\u00e3o; &nbsp;dias antes foi organizado um grupo do &nbsp;WhatsApp coordenado pelo Cid\u00e1lio &#8211; coordenador do Projeto, &nbsp;e tivemos tamb\u00e9m o apoio &nbsp;do Luiz assessor do Deputado Estadual Luiz Cl\u00e1udio Marcolino.<\/p>\n","protected":false},"excerpt":{"rendered":"<p>A exibi\u00e7\u00e3o do filme infantil : &#8220;Pluft o Fantasminha&#8221; &nbsp;foi realizada ao ar livre na Rua Giuseppe Marino Sess\u00e3o exibida[&#8230;]<\/p>\n","protected":false},"author":4,"featured_media":19463,"comment_status":"open","ping_status":"open","sticky":false,"template":"","format":"standard","meta":[],"categories":[2,6,7],"tags":[],"_links":{"self":[{"href":"https:\/\/projetocineb.com.br\/index.php?rest_route=\/wp\/v2\/posts\/19483"}],"collection":[{"href":"https:\/\/projetocineb.com.br\/index.php?rest_route=\/wp\/v2\/posts"}],"about":[{"href":"https:\/\/projetocineb.com.br\/index.php?rest_route=\/wp\/v2\/types\/post"}],"author":[{"embeddable":true,"href":"https:\/\/projetocineb.com.br\/index.php?rest_route=\/wp\/v2\/users\/4"}],"replies":[{"embeddable":true,"href":"https:\/\/projetocineb.com.br\/index.php?rest_route=%2Fwp%2Fv2%2Fcomments&post=19483"}],"version-history":[{"count":7,"href":"https:\/\/projetocineb.com.br\/index.php?rest_route=\/wp\/v2\/posts\/19483\/revisions"}],"predecessor-version":[{"id":20051,"href":"https:\/\/projetocineb.com.br\/index.php?rest_route=\/wp\/v2\/posts\/19483\/revisions\/20051"}],"wp:featuredmedia":[{"embeddable":true,"href":"https:\/\/projetocineb.com.br\/index.php?rest_route=\/wp\/v2\/media\/19463"}],"wp:attachment":[{"href":"https:\/\/projetocineb.com.br\/index.php?rest_route=%2Fwp%2Fv2%2Fmedia&parent=19483"}],"wp:term":[{"taxonomy":"category","embeddable":true,"href":"https:\/\/projetocineb.com.br\/index.php?rest_route=%2Fwp%2Fv2%2Fcategories&post=19483"},{"taxonomy":"post_tag","embeddable":true,"href":"https:\/\/projetocineb.com.br\/index.php?rest_route=%2Fwp%2Fv2%2Ftags&post=19483"}],"curies":[{"name":"wp","href":"https:\/\/api.w.org\/{rel}","templated":true}]}}