{"id":1954,"date":"2011-04-12T20:00:51","date_gmt":"2011-04-12T23:00:51","guid":{"rendered":"http:\/\/projetocineb.com.br\/?p=1954"},"modified":"2011-04-12T20:00:51","modified_gmt":"2011-04-12T23:00:51","slug":"parque-paraiso-itapecerica-da-serra","status":"publish","type":"post","link":"https:\/\/projetocineb.com.br\/?p=1954","title":{"rendered":"PARQUE PARA\u00cdSO &#8211; ITAPECERICA DA SERRA"},"content":{"rendered":"<p><span style=\"color: #ff6600;\">Pela oitava vez o Cine B montou seu cinema nas alturas, em Itapecerica da Serra<\/span>, numa exibi\u00e7\u00e3o que contou com a presen\u00e7a de <span style=\"color: #ff6600;\">250 espectadores<\/span>, entre eles, moradores do Parque Para\u00edso e alunos do EJA da Escola Estadual Eurico da Silva. Nesta sess\u00e3o, o longa <em>Quincas Berro D\u2019\u00e1gua<\/em> arrancou gargalhadas do p\u00fablico. O curta-metragem <em>Uma hist\u00f3ria de futebol<\/em> mostrou de forma singela o come\u00e7o de um grande \u00edcone mundial, mas brasileiro: Pel\u00e9.<\/p>\n<figure id=\"attachment_1958\" aria-describedby=\"caption-attachment-1958\" style=\"width: 384px\" class=\"wp-caption aligncenter\"><a href=\"http:\/\/projetocineb.com.br\/wp-content\/uploads\/2011\/04\/DSC02085web.jpg\"><img fetchpriority=\"high\" decoding=\"async\" class=\"size-full wp-image-1958    \" title=\"250 pessoas estiveram presentes neste Cine B\" src=\"http:\/\/projetocineb.com.br\/wp-content\/uploads\/2011\/04\/DSC02085web.jpg\" alt=\"250 pessoas estiveram presentes neste Cine B\" width=\"384\" height=\"288\" \/><\/a><figcaption id=\"caption-attachment-1958\" class=\"wp-caption-text\">250 pessoas estiveram presentes neste Cine B<\/figcaption><\/figure>\n<p>Ia ser ao ar-livre, mas n\u00e3o foi por desconfian\u00e7a de uma chuvarada. Mesmo assim, <span style=\"color: #ff6600;\">o Cine B foi muito bem acolhido por todos os funcion\u00e1rios e coordena\u00e7\u00e3o da Escola Estadual Eurico da Silva Bastos<\/span>. Ou seja, a exibi\u00e7\u00e3o foi um sucesso mesmo assim!<br \/>\n<span style=\"color: #ff6600;\"> \u201c99% de nossos alunos trabalham durante o dia, ent\u00e3o tem muita dificuldade em ir at\u00e9 um cinema. Um dos nossos professores, o Nei, nos contou sobre o projeto e tivemos interesse em dar essa oportunidade aos alunos do EJA. Al\u00e9m da novidade, o cinema \u00e9 de gra\u00e7a\u201d, disse a vice-diretora da Escola, Maura Lucia Cisa de Melo.<\/span><br \/>\n\u201cFoi tanta procura que o pessoal da outra escola quer vir aqui hoje. Os alunos do Joaquinz\u00e3o, (onde aconteceu o \u00faltimo Cine B) est\u00e1 cobrando retorno, porque valorizamos essa estrutura de tel\u00e3o, de cinema mesmo\u201d, disse o professor de portugu\u00eas, Claudinei Pedro Cunha.<br \/>\n<a href=\"http:\/\/projetocineb.com.br\/?p=1707\" target=\"_blank\"> Clique aqui para ler a reportagem do Cine B no Joaquinz\u00e3o.<\/a><br \/>\n<span style=\"color: #ff6600;\"> \u201cIsso \u00e9 coment\u00e1rio para pelo menos um m\u00eas, porque acontecem poucas atividades como essa aqui em Itapecerica, \u00e9 importante a oportunidade que d\u00e1 ao povo de Itapecerica, de lazer e cultura\u201d, disse Gilberto Morais da Pastoral F\u00e9 e Pol\u00edtica da Par\u00f3qui Maria M\u00e3e dos Caminhantes<\/span>.<\/p>\n<figure id=\"attachment_1959\" aria-describedby=\"caption-attachment-1959\" style=\"width: 384px\" class=\"wp-caption aligncenter\"><a href=\"http:\/\/projetocineb.com.br\/wp-content\/uploads\/2011\/04\/DSC02093web.jpg\"><img decoding=\"async\" class=\"size-full wp-image-1959  \" title=\"Na abertura da exibi\u00e7\u00e3o, Cid\u00e1lio Vieira Santos coordenador do Cine B ao microfone, a \" src=\"http:\/\/projetocineb.com.br\/wp-content\/uploads\/2011\/04\/DSC02093web.jpg\" alt=\"Na abertura da exibi\u00e7\u00e3o, Cid\u00e1lio Vieira Santos coordenador do Cine B ao microfone, a \" width=\"384\" height=\"288\" \/><\/a><figcaption id=\"caption-attachment-1959\" class=\"wp-caption-text\">Na abertura da exibi\u00e7\u00e3o, Cid\u00e1lio Vieira Santos coordenador do Cine B ao microfone, a vice-diretora da Escola, Maura Lucia Cisa de Melo, o professor Claudinei na outra ponta e Gilberto Morais com a camiseta do Cine B<\/figcaption><\/figure>\n<p>\u201cEstamos num munic\u00edpio e num bairro com muitas car\u00eancias, n\u00e3o s\u00f3 econ\u00f4mica, mas tamb\u00e9m social. Qualquer evento que traga lazer e cultura \u00e9 sempre incentivado por nossa Par\u00f3quia, pois a constitui\u00e7\u00e3o de cidad\u00e3os passa necessariamente por uma forma\u00e7\u00e3o cultural, que tem oportunidade de frequentar eventos culturais e lazer\u201d, disse o Padre Odair Eust\u00e1quio da Par\u00f3quia Maria M\u00e3e, onde j\u00e1 foi realizada uma exibi\u00e7\u00e3o do Cine B.<\/p>\n<p><a href=\"http:\/\/projetocineb.com.br\/?p=1043\" target=\"_blank\">Clique aqui para ler como foi esta exibi\u00e7\u00e3o na Par\u00f3quia.<\/a><br \/>\nO projeto Cine B \u00e9 realizado pelo Sindicato dos Banc\u00e1rios de S\u00e3o Paulo, Osasco e Regi\u00e3o e Brazucah produ\u00e7\u00f5es. O mais interessante \u00e9 que este n\u00e3o \u00e9 um projeto que passa apenas uma vez em determinada comunidade. Ele retorna, d\u00e1 continuidade a essa forma\u00e7\u00e3o de p\u00fablico e populariza\u00e7\u00e3o do cinema brasileiro. Voc\u00ea, l\u00edder comunit\u00e1rio, fique \u00e0 vontade para entrar em contato conosco para transformarmos a sua comunidade em uma sala de cinema!<br \/>\nNo final da exibi\u00e7\u00e3o o Padre Odair rezou um Pai Nosso com os presentes, em nome do terr\u00edvel acontecimento recente numa escola do Rio de Janeiro.<\/p>\n<h2><span style=\"color: #008000;\">CLICKS<\/span><\/h2>\n<figure id=\"attachment_1975\" aria-describedby=\"caption-attachment-1975\" style=\"width: 384px\" class=\"wp-caption aligncenter\"><a href=\"http:\/\/projetocineb.com.br\/wp-content\/uploads\/2011\/04\/DSC02087_01web.jpg\"><img decoding=\"async\" class=\"size-full wp-image-1975  \" title=\"Cena do curta-metragem Uma hist\u00f3ria de futebol, de Paulo Machline\" src=\"http:\/\/projetocineb.com.br\/wp-content\/uploads\/2011\/04\/DSC02087_01web.jpg\" alt=\"Cena do curta-metragem Uma hist\u00f3ria de futebol, de Paulo Machline\" width=\"384\" height=\"288\" \/><\/a><figcaption id=\"caption-attachment-1975\" class=\"wp-caption-text\">Cena do curta-metragem Uma hist\u00f3ria de futebol, de Paulo Machline<\/figcaption><\/figure>\n<figure id=\"attachment_1971\" aria-describedby=\"caption-attachment-1971\" style=\"width: 384px\" class=\"wp-caption aligncenter\"><a href=\"http:\/\/projetocineb.com.br\/wp-content\/uploads\/2011\/04\/DSC02076_01web.jpg\"><img loading=\"lazy\" decoding=\"async\" class=\"size-full wp-image-1971  \" title=\"As alunas do EJA, Elis\u00e2ngela da Silva Carvalho, Evelin Deniane Silva Rocha\" src=\"http:\/\/projetocineb.com.br\/wp-content\/uploads\/2011\/04\/DSC02076_01web.jpg\" alt=\"As alunas do EJA, Elis\u00e2ngela da Silva Carvalho, Evelin Deniane Silva Rocha\" width=\"384\" height=\"288\" \/><\/a><figcaption id=\"caption-attachment-1971\" class=\"wp-caption-text\">As alunas do EJA, Elis\u00e2ngela da Silva Carvalho, Evelin Deniane Silva Rocha<\/figcaption><\/figure>\n<figure id=\"attachment_1978\" aria-describedby=\"caption-attachment-1978\" style=\"width: 384px\" class=\"wp-caption aligncenter\"><a href=\"http:\/\/projetocineb.com.br\/wp-content\/uploads\/2011\/04\/DSC02096_01web.jpg\"><img loading=\"lazy\" decoding=\"async\" class=\"size-full wp-image-1978  \" title=\"Gisele Carvalho, Marcos Vinicius Lacerda, Di\u00f3genes de Oliveira, Sara Maria Diniz da Silva e Rafael da Silva Pereira\" src=\"http:\/\/projetocineb.com.br\/wp-content\/uploads\/2011\/04\/DSC02096_01web.jpg\" alt=\"Gisele Carvalho, Marcos Vinicius Lacerda, Di\u00f3genes de Oliveira, Sara Maria Diniz da Silva e Rafael da Silva Pereira\" width=\"384\" height=\"288\" \/><\/a><figcaption id=\"caption-attachment-1978\" class=\"wp-caption-text\">Gisele Carvalho, Marcos Vinicius Lacerda, Di\u00f3genes de Oliveira, Sara Maria Diniz da Silva e Rafael da Silva Pereira<\/figcaption><\/figure>\n<figure id=\"attachment_1977\" aria-describedby=\"caption-attachment-1977\" style=\"width: 384px\" class=\"wp-caption aligncenter\"><a href=\"http:\/\/projetocineb.com.br\/wp-content\/uploads\/2011\/04\/DSC02094_01web.jpg\"><img loading=\"lazy\" decoding=\"async\" class=\"size-full wp-image-1977  \" title=\"Madalena Salmeir\u00e3o Guedes, Flavio Adilson Guedes e Vitoria Salmeir\u00e3o Guedes de 9 anos, participantes da Pastoral F\u00e9 e Pol\u00edtica, onde ano passado o Cine B esteve presente\" src=\"http:\/\/projetocineb.com.br\/wp-content\/uploads\/2011\/04\/DSC02094_01web.jpg\" alt=\"Madalena Salmeir\u00e3o Guedes, Flavio Adilson Guedes e Vitoria Salmeir\u00e3o Guedes de 9 anos, participantes da Pastoral F\u00e9 e Pol\u00edtica, onde ano passado o Cine B esteve presente\" width=\"384\" height=\"288\" \/><\/a><figcaption id=\"caption-attachment-1977\" class=\"wp-caption-text\">Madalena Salmeir\u00e3o Guedes, Flavio Adilson Guedes e Vitoria Salmeir\u00e3o Guedes de 9 anos, participantes da Pastoral F\u00e9 e Pol\u00edtica, onde ano passado o Cine B esteve presente<\/figcaption><\/figure>\n<figure id=\"attachment_1973\" aria-describedby=\"caption-attachment-1973\" style=\"width: 384px\" class=\"wp-caption aligncenter\"><a href=\"http:\/\/projetocineb.com.br\/wp-content\/uploads\/2011\/04\/DSC02082_01web.jpg\"><img loading=\"lazy\" decoding=\"async\" class=\"size-full wp-image-1973  \" title=\"Alunos do EJA Rute Carvalheiro Queiroz e Francisco de Assis Cardoso, que n\u00e3o assiste muitos filmes brasileiro, porque detesta viol\u00eancia: \u201cse \u00e9 com\u00e9dia, eu assisto, mas sempre vejo pela TV mesmo\u201d, disse Francisco\" src=\"http:\/\/projetocineb.com.br\/wp-content\/uploads\/2011\/04\/DSC02082_01web.jpg\" alt=\"Alunos do EJA Rute Carvalheiro Queiroz e Francisco de Assis Cardoso, que n\u00e3o assiste muitos filmes brasileiro, porque detesta viol\u00eancia: \u201cse \u00e9 com\u00e9dia, eu assisto, mas sempre vejo pela TV mesmo\u201d, disse Francisco\" width=\"384\" height=\"288\" \/><\/a><figcaption id=\"caption-attachment-1973\" class=\"wp-caption-text\">Alunos do EJA Rute Carvalheiro Queiroz e Francisco de Assis Cardoso, que n\u00e3o assiste muitos filmes brasileiro, porque detesta viol\u00eancia: \u201cse \u00e9 com\u00e9dia, eu assisto, mas sempre vejo pela TV mesmo\u201d, disse Francisco<\/figcaption><\/figure>\n<figure id=\"attachment_1972\" aria-describedby=\"caption-attachment-1972\" style=\"width: 384px\" class=\"wp-caption aligncenter\"><a href=\"http:\/\/projetocineb.com.br\/wp-content\/uploads\/2011\/04\/DSC02078_01web.jpg\"><img loading=\"lazy\" decoding=\"async\" class=\"size-full wp-image-1972  \" title=\"Aparecida Maria Galv\u00e3o e seu amigo de EJA Anderson Neri Souza que indica \u00d3 , pai \u00f3 para o p\u00fablico do Cine B\" src=\"http:\/\/projetocineb.com.br\/wp-content\/uploads\/2011\/04\/DSC02078_01web.jpg\" alt=\"Aparecida Maria Galv\u00e3o e seu amigo de EJA Anderson Neri Souza que indica \u00d3 , pai \u00f3 para o p\u00fablico do Cine B\" width=\"384\" height=\"288\" \/><\/a><figcaption id=\"caption-attachment-1972\" class=\"wp-caption-text\">Aparecida Maria Galv\u00e3o e seu amigo de EJA Anderson Neri Souza que indica \u00d3 , pai \u00f3 para o publico do Cine B<\/figcaption><\/figure>\n<figure id=\"attachment_1957\" aria-describedby=\"caption-attachment-1957\" style=\"width: 384px\" class=\"wp-caption aligncenter\"><a href=\"http:\/\/projetocineb.com.br\/wp-content\/uploads\/2011\/04\/DSC02100web.jpg\"><img loading=\"lazy\" decoding=\"async\" class=\"size-full wp-image-1957  \" title=\"Cid\u00e1lio ao microfone e os sortudos da noite!\" src=\"http:\/\/projetocineb.com.br\/wp-content\/uploads\/2011\/04\/DSC02100web.jpg\" alt=\"Cid\u00e1lio ao microfone e os sortudos da noite!\" width=\"384\" height=\"288\" \/><\/a><figcaption id=\"caption-attachment-1957\" class=\"wp-caption-text\">O coordenador do Cine B, Cid\u00e1lio Vieira ao microfone e os sortudos da noite. Al\u00e9m de cinema e pipoca, levaram para casa camisetas do Cine B e livros da exposi\u00e7\u00e3o Corpo-Humano<\/figcaption><\/figure>\n","protected":false},"excerpt":{"rendered":"<p>Pela oitava vez o Cine B montou seu cinema nas alturas, em Itapecerica da Serra, numa exibi\u00e7\u00e3o que contou com[&#8230;]<\/p>\n","protected":false},"author":2,"featured_media":0,"comment_status":"open","ping_status":"open","sticky":false,"template":"","format":"standard","meta":[],"categories":[2],"tags":[],"_links":{"self":[{"href":"https:\/\/projetocineb.com.br\/index.php?rest_route=\/wp\/v2\/posts\/1954"}],"collection":[{"href":"https:\/\/projetocineb.com.br\/index.php?rest_route=\/wp\/v2\/posts"}],"about":[{"href":"https:\/\/projetocineb.com.br\/index.php?rest_route=\/wp\/v2\/types\/post"}],"author":[{"embeddable":true,"href":"https:\/\/projetocineb.com.br\/index.php?rest_route=\/wp\/v2\/users\/2"}],"replies":[{"embeddable":true,"href":"https:\/\/projetocineb.com.br\/index.php?rest_route=%2Fwp%2Fv2%2Fcomments&post=1954"}],"version-history":[{"count":0,"href":"https:\/\/projetocineb.com.br\/index.php?rest_route=\/wp\/v2\/posts\/1954\/revisions"}],"wp:attachment":[{"href":"https:\/\/projetocineb.com.br\/index.php?rest_route=%2Fwp%2Fv2%2Fmedia&parent=1954"}],"wp:term":[{"taxonomy":"category","embeddable":true,"href":"https:\/\/projetocineb.com.br\/index.php?rest_route=%2Fwp%2Fv2%2Fcategories&post=1954"},{"taxonomy":"post_tag","embeddable":true,"href":"https:\/\/projetocineb.com.br\/index.php?rest_route=%2Fwp%2Fv2%2Ftags&post=1954"}],"curies":[{"name":"wp","href":"https:\/\/api.w.org\/{rel}","templated":true}]}}