{"id":19582,"date":"2023-07-13T20:44:22","date_gmt":"2023-07-13T23:44:22","guid":{"rendered":"https:\/\/projetocineb.com.br\/?p=19582"},"modified":"2024-07-20T21:56:31","modified_gmt":"2024-07-21T00:56:31","slug":"cineb-solar-promove-sessao-em-julho-exibindo-filme-me-chama-que-eu-vou-na-zona-norte-de-sao-paulo","status":"publish","type":"post","link":"https:\/\/projetocineb.com.br\/?p=19582","title":{"rendered":"CineB Solar promove sess\u00e3o em julho exibindo Filme &#8220;ME CHAMA QUE EU VOU&#8221; na Zona Norte de S\u00e3o Paulo"},"content":{"rendered":"\n<p><em>Sess\u00e3o ser\u00e1 realizada no s\u00e1bado (29) \u00e0s 18h na Igreja Nossa Senhora do Carmo<\/em><\/p>\n\n\n\n<p>No m\u00eas de julho o <strong>CineB Solar<\/strong> far\u00e1 uma sess\u00e3o com a exibi\u00e7\u00e3o do filme: &#8220;ME CHAMA QUE EU VOU&#8221; diretora Joana Mariani , no dia 29 de julho \u00e0s 18h na Vila Paulistana no Sal\u00e3o da Igreja Nossa Senhora do Carmo, Regi\u00e3o Norte de S\u00e3o Paulo .<\/p>\n\n\n\n<figure class=\"wp-block-image size-full\"><img fetchpriority=\"high\" decoding=\"async\" width=\"720\" height=\"960\" src=\"https:\/\/projetocineb.com.br\/wp-content\/uploads\/2023\/07\/padre-jos.jpeg\" alt=\"\" class=\"wp-image-19591\" srcset=\"https:\/\/projetocineb.com.br\/wp-content\/uploads\/2023\/07\/padre-jos.jpeg 720w, https:\/\/projetocineb.com.br\/wp-content\/uploads\/2023\/07\/padre-jos-225x300.jpeg 225w\" sizes=\"(max-width: 720px) 100vw, 720px\" \/><figcaption class=\"wp-element-caption\">padre Josival Lemos Barbosa, da Igreja Nossa Senhora do Carmo<\/figcaption><\/figure>\n\n\n\n<p>O filme &#8220;Me Chama que Eu Vou &#8221; \u00e9 um document\u00e1rio que conta toda a trajet\u00f3ria da grande carreira musical de Sidney Magal. Atrav\u00e9s de depoimentos e recortes que mostram os momentos mais significativos da vida do cantor, acompanhamos a trajet\u00f3ria dos 50 anos de carreira do m\u00fasico, dan\u00e7arino, dublador e ator que encanta o Brasil. Classifica\u00e7\u00e3o do filme : 10 anos.<\/p>\n\n\n<div class=\"wp-block-image\">\n<figure class=\"aligncenter size-poseidon-thumbnail-single\"><img decoding=\"async\" width=\"840\" height=\"420\" src=\"https:\/\/projetocineb.com.br\/wp-content\/uploads\/2023\/07\/paroquia-nossa-senhora-do-carmo-840x420.jpeg\" alt=\"\" class=\"wp-image-19583\"\/><figcaption class=\"wp-element-caption\">Sess\u00e3o ser\u00e1 realizada no sal\u00e3o da Igreja Nossa Senhora do Carmo, Vila Paulistana, zona norte de S\u00e3o Paulo<\/figcaption><\/figure><\/div>\n\n<div class=\"wp-block-image\">\n<figure class=\"aligncenter size-full\"><img decoding=\"async\" width=\"578\" height=\"675\" src=\"https:\/\/projetocineb.com.br\/wp-content\/uploads\/2023\/07\/casal-igreja.jpeg\" alt=\"\" class=\"wp-image-19592\" srcset=\"https:\/\/projetocineb.com.br\/wp-content\/uploads\/2023\/07\/casal-igreja.jpeg 578w, https:\/\/projetocineb.com.br\/wp-content\/uploads\/2023\/07\/casal-igreja-257x300.jpeg 257w\" sizes=\"(max-width: 578px) 100vw, 578px\" \/><figcaption class=\"wp-element-caption\">Sess\u00e3o foi indicada pelo casal, o m\u00fasico e agente pastoral Camilo Carvalho e a agente pastoral Maria  Carvalho <\/figcaption><\/figure><\/div>\n\n\n<p>O coordenador do projeto Cid\u00e1lio Vieira, destaca \u201cO filme \u00e9 uma oportunidade para toda fam\u00edlia conseguir participar de uma sess\u00e3o de cinema; pois na maioria das vezes n\u00e3o conseguem ir ao cinema , pela dist\u00e2ncia e pelo dinheiro que seria gasto . Mas no <strong>CineB Solar<\/strong> tudo \u00e9 gratuito, inclusive a pipoca e al\u00e9m disso no final da sess\u00e3o o p\u00fablico participa de um debate sobre o filme . E o encerramento com um sorteio de camisetas do projeto.\u201d<\/p>\n\n\n\n<figure class=\"wp-block-embed is-type-video is-provider-youtube wp-block-embed-youtube wp-embed-aspect-16-9 wp-has-aspect-ratio\"><div class=\"wp-block-embed__wrapper\">\n<iframe title=\"Me Chama Que Eu Vou | Trailer Oficial Exclusivo\" width=\"840\" height=\"473\" src=\"https:\/\/www.youtube.com\/embed\/XLQdAluiiCc?feature=oembed\" frameborder=\"0\" allow=\"accelerometer; autoplay; clipboard-write; encrypted-media; gyroscope; picture-in-picture; web-share\" allowfullscreen><\/iframe>\n<\/div><\/figure>\n\n\n\n<p><strong>CINEB SOLAR<\/strong> \u00e9 um circuito itinerante de cinema realizado pelo Sindicato dos Banc\u00e1rios de S\u00e3o Paulo, Osasco e Regi\u00e3o e pela Brazucah Produ\u00e7\u00f5es. Dsde 2007, o projeto j\u00e1 atingiu um p\u00fablico de 87 mil espectadores em mais de 684 sess\u00f5es gratuitas realizadas em comunidades e universidades de S\u00e3o Paulo. Percorremos cerca de 162 bairros da cidade de S\u00e3o Paulo e 23 cidades fora de S\u00e3o Paulo. J\u00e1 foram exibidos na tela do CINEB SOLAR 169 longas-metragens e 104 curtas-metragens, sendo tamb\u00e9m realizadas pr\u00e9-estreias exclusivas.<\/p>\n\n\n\n<p>O furg\u00e3o do <strong>CineB Solar<\/strong> \u00e9 adaptado com as placas fotovoltaicas no teto e carrega todo o cinema: cadeiras e banquetas, os sistemas de convers\u00e3o de energia e armazenamento (que garante 20 horas de autonomia e funcionamento), de som e proje\u00e7\u00e3o, incluindo a tela. Al\u00e9m de tudo isso, o espa\u00e7o se transforma em uma esta\u00e7\u00e3o m\u00f3vel de ci\u00eancias, arte, tecnologia, sustentabilidade e cultura .<\/p>\n\n\n\n<p>Com infogr\u00e1ficos, ilumina\u00e7\u00e3o e decora\u00e7\u00e3o especial &#8211; feita com materiais reciclados e objetos com princ\u00edpios de magnetismo e eletricidade como laser e bola de plasma -, o ve\u00edculo \u00e9 uma atra\u00e7\u00e3o \u00e0 parte, que encanta pessoas de todas as idades e mostra, de maneira descontra\u00edda e divertida, como a luz do sol se transforma em energia el\u00e9trica.<\/p>\n\n\n\n<p><strong>Servi\u00e7o:<\/strong><\/p>\n\n\n\n<p>CINEMA BRASILEIRO NA VILA PAULISTANA<br>DIA. 29 DE JULHO S\u00c1BADO \u00c0S 18H<br>LOCAL: Sal\u00e3o da Igreja Nossa Senhora do Carmo<br>ENDERE\u00c7O: Avenida Antonelo da Messina, 772, Vila Paulistana. Zona norte, sp<br>RETIRADA DE CONVITES: Na secretaria da igreja<\/p>\n\n\n\n<figure class=\"wp-block-image size-large\"><img loading=\"lazy\" decoding=\"async\" width=\"724\" height=\"1024\" src=\"https:\/\/projetocineb.com.br\/wp-content\/uploads\/2023\/07\/me-chama-que-eu-vo-1-724x1024.jpeg\" alt=\"\" class=\"wp-image-19593\" srcset=\"https:\/\/projetocineb.com.br\/wp-content\/uploads\/2023\/07\/me-chama-que-eu-vo-1-724x1024.jpeg 724w, https:\/\/projetocineb.com.br\/wp-content\/uploads\/2023\/07\/me-chama-que-eu-vo-1-212x300.jpeg 212w, https:\/\/projetocineb.com.br\/wp-content\/uploads\/2023\/07\/me-chama-que-eu-vo-1-768x1086.jpeg 768w, https:\/\/projetocineb.com.br\/wp-content\/uploads\/2023\/07\/me-chama-que-eu-vo-1-1086x1536.jpeg 1086w, https:\/\/projetocineb.com.br\/wp-content\/uploads\/2023\/07\/me-chama-que-eu-vo-1.jpeg 1131w\" sizes=\"(max-width: 724px) 100vw, 724px\" \/><\/figure>\n","protected":false},"excerpt":{"rendered":"<p>Sess\u00e3o ser\u00e1 realizada no s\u00e1bado (29) \u00e0s 18h na Igreja Nossa Senhora do Carmo No m\u00eas de julho o CineB[&#8230;]<\/p>\n","protected":false},"author":4,"featured_media":19585,"comment_status":"open","ping_status":"open","sticky":false,"template":"","format":"standard","meta":[],"categories":[2,6,7],"tags":[],"_links":{"self":[{"href":"https:\/\/projetocineb.com.br\/index.php?rest_route=\/wp\/v2\/posts\/19582"}],"collection":[{"href":"https:\/\/projetocineb.com.br\/index.php?rest_route=\/wp\/v2\/posts"}],"about":[{"href":"https:\/\/projetocineb.com.br\/index.php?rest_route=\/wp\/v2\/types\/post"}],"author":[{"embeddable":true,"href":"https:\/\/projetocineb.com.br\/index.php?rest_route=\/wp\/v2\/users\/4"}],"replies":[{"embeddable":true,"href":"https:\/\/projetocineb.com.br\/index.php?rest_route=%2Fwp%2Fv2%2Fcomments&post=19582"}],"version-history":[{"count":6,"href":"https:\/\/projetocineb.com.br\/index.php?rest_route=\/wp\/v2\/posts\/19582\/revisions"}],"predecessor-version":[{"id":19594,"href":"https:\/\/projetocineb.com.br\/index.php?rest_route=\/wp\/v2\/posts\/19582\/revisions\/19594"}],"wp:featuredmedia":[{"embeddable":true,"href":"https:\/\/projetocineb.com.br\/index.php?rest_route=\/wp\/v2\/media\/19585"}],"wp:attachment":[{"href":"https:\/\/projetocineb.com.br\/index.php?rest_route=%2Fwp%2Fv2%2Fmedia&parent=19582"}],"wp:term":[{"taxonomy":"category","embeddable":true,"href":"https:\/\/projetocineb.com.br\/index.php?rest_route=%2Fwp%2Fv2%2Fcategories&post=19582"},{"taxonomy":"post_tag","embeddable":true,"href":"https:\/\/projetocineb.com.br\/index.php?rest_route=%2Fwp%2Fv2%2Ftags&post=19582"}],"curies":[{"name":"wp","href":"https:\/\/api.w.org\/{rel}","templated":true}]}}