{"id":19600,"date":"2023-07-18T17:58:56","date_gmt":"2023-07-18T20:58:56","guid":{"rendered":"https:\/\/projetocineb.com.br\/?p=19600"},"modified":"2024-07-20T21:55:35","modified_gmt":"2024-07-21T00:55:35","slug":"cineb-solar-promove-sessao-em-julho-exibindo-filme-me-chama-que-eu-vou-na-zona-norte-de-sao-paulo-2","status":"publish","type":"post","link":"https:\/\/projetocineb.com.br\/?p=19600","title":{"rendered":"CineB Solar promove sess\u00e3o em julho exibindo Filme &#8220;ME CHAMA QUE EU VOU&#8221; na Zona Norte de S\u00e3o Paulo"},"content":{"rendered":"\n<p><em>Sess\u00e3o ser\u00e1 realizada no s\u00e1bado (29) \u00e0s 18h na Igreja Nossa Senhora do Carmo<\/em><\/p>\n\n\n\n<p>No m\u00eas de julho o <strong>CineB Solar<\/strong> far\u00e1 uma sess\u00e3o com a exibi\u00e7\u00e3o do filme: &#8220;ME CHAMA QUE EU VOU&#8221; diretora Joana Mariani , no dia 29 de julho \u00e0s 18h na Vila Paulistana no Sal\u00e3o da Igreja Nossa Senhora do Carmo, Regi\u00e3o Norte de S\u00e3o Paulo.<\/p>\n\n\n\n<figure class=\"wp-block-image size-full\"><img fetchpriority=\"high\" decoding=\"async\" width=\"724\" height=\"1024\" src=\"https:\/\/projetocineb.com.br\/wp-content\/uploads\/2023\/07\/image-1.png\" alt=\"\" class=\"wp-image-19602\" srcset=\"https:\/\/projetocineb.com.br\/wp-content\/uploads\/2023\/07\/image-1.png 724w, https:\/\/projetocineb.com.br\/wp-content\/uploads\/2023\/07\/image-1-212x300.png 212w\" sizes=\"(max-width: 724px) 100vw, 724px\" \/><\/figure>\n\n\n\n<p>O filme &#8220;Me Chama que Eu Vou &#8221; \u00e9 um document\u00e1rio que conta toda a trajet\u00f3ria da grande carreira musical de Sidney Magal. Atrav\u00e9s de depoimentos e recortes que mostram os momentos mais significativos da vida do cantor, acompanhamos a trajet\u00f3ria dos 50 anos de carreira do m\u00fasico, dan\u00e7arino, dublador e ator que encanta o Brasil. Classifica\u00e7\u00e3o do filme : 10 anos.<\/p>\n\n\n\n<p>O coordenador do projeto Cid\u00e1lio Vieira, destaca \u201cO filme \u00e9 uma oportunidade para toda fam\u00edlia conseguir participar de uma sess\u00e3o de cinema; pois na maioria das vezes n\u00e3o conseguem ir ao cinema , pela dist\u00e2ncia e pelo dinheiro que seria gasto . Mas no <strong>CineB Solar<\/strong> tudo \u00e9 gratuito, inclusive a pipoca e al\u00e9m disso no final da sess\u00e3o o p\u00fablico participa de um debate sobre o filme . E o encerramento com um sorteio de camisetas do projeto.\u201d<\/p>\n\n\n\n<figure class=\"wp-block-embed is-type-video is-provider-youtube wp-block-embed-youtube wp-embed-aspect-16-9 wp-has-aspect-ratio\"><div class=\"wp-block-embed__wrapper\">\n<iframe title=\"Me Chama Que Eu Vou | Trailer Oficial Exclusivo\" width=\"840\" height=\"473\" src=\"https:\/\/www.youtube.com\/embed\/XLQdAluiiCc?feature=oembed\" frameborder=\"0\" allow=\"accelerometer; autoplay; clipboard-write; encrypted-media; gyroscope; picture-in-picture; web-share\" allowfullscreen><\/iframe>\n<\/div><\/figure>\n","protected":false},"excerpt":{"rendered":"<p>Sess\u00e3o ser\u00e1 realizada no s\u00e1bado (29) \u00e0s 18h na Igreja Nossa Senhora do Carmo No m\u00eas de julho o CineB[&#8230;]<\/p>\n","protected":false},"author":4,"featured_media":19602,"comment_status":"open","ping_status":"open","sticky":false,"template":"","format":"standard","meta":[],"categories":[2,6,7],"tags":[],"_links":{"self":[{"href":"https:\/\/projetocineb.com.br\/index.php?rest_route=\/wp\/v2\/posts\/19600"}],"collection":[{"href":"https:\/\/projetocineb.com.br\/index.php?rest_route=\/wp\/v2\/posts"}],"about":[{"href":"https:\/\/projetocineb.com.br\/index.php?rest_route=\/wp\/v2\/types\/post"}],"author":[{"embeddable":true,"href":"https:\/\/projetocineb.com.br\/index.php?rest_route=\/wp\/v2\/users\/4"}],"replies":[{"embeddable":true,"href":"https:\/\/projetocineb.com.br\/index.php?rest_route=%2Fwp%2Fv2%2Fcomments&post=19600"}],"version-history":[{"count":1,"href":"https:\/\/projetocineb.com.br\/index.php?rest_route=\/wp\/v2\/posts\/19600\/revisions"}],"predecessor-version":[{"id":19604,"href":"https:\/\/projetocineb.com.br\/index.php?rest_route=\/wp\/v2\/posts\/19600\/revisions\/19604"}],"wp:featuredmedia":[{"embeddable":true,"href":"https:\/\/projetocineb.com.br\/index.php?rest_route=\/wp\/v2\/media\/19602"}],"wp:attachment":[{"href":"https:\/\/projetocineb.com.br\/index.php?rest_route=%2Fwp%2Fv2%2Fmedia&parent=19600"}],"wp:term":[{"taxonomy":"category","embeddable":true,"href":"https:\/\/projetocineb.com.br\/index.php?rest_route=%2Fwp%2Fv2%2Fcategories&post=19600"},{"taxonomy":"post_tag","embeddable":true,"href":"https:\/\/projetocineb.com.br\/index.php?rest_route=%2Fwp%2Fv2%2Ftags&post=19600"}],"curies":[{"name":"wp","href":"https:\/\/api.w.org\/{rel}","templated":true}]}}