{"id":19775,"date":"2023-08-29T23:42:02","date_gmt":"2023-08-30T02:42:02","guid":{"rendered":"https:\/\/projetocineb.com.br\/?p=19775"},"modified":"2024-07-20T21:55:22","modified_gmt":"2024-07-21T00:55:22","slug":"cineb-solar-promove-sessao-especial-de-o-homem-cordial-com-a-presenca-do-diretor-ibere-carvalho","status":"publish","type":"post","link":"https:\/\/projetocineb.com.br\/?p=19775","title":{"rendered":"CineB Solar promove sess\u00e3o especial de &#8220;O Homem Cordial&#8221;, com a presen\u00e7a do diretor Iber\u00ea Carvalho"},"content":{"rendered":"\n<figure class=\"wp-block-image size-large\"><img fetchpriority=\"high\" decoding=\"async\" width=\"1024\" height=\"545\" src=\"https:\/\/projetocineb.com.br\/wp-content\/uploads\/2023\/08\/miklos-1-1024x545.png\" alt=\"\" class=\"wp-image-19779\" srcset=\"https:\/\/projetocineb.com.br\/wp-content\/uploads\/2023\/08\/miklos-1-1024x545.png 1024w, https:\/\/projetocineb.com.br\/wp-content\/uploads\/2023\/08\/miklos-1-300x160.png 300w, https:\/\/projetocineb.com.br\/wp-content\/uploads\/2023\/08\/miklos-1-768x409.png 768w, https:\/\/projetocineb.com.br\/wp-content\/uploads\/2023\/08\/miklos-1.png 1138w\" sizes=\"(max-width: 1024px) 100vw, 1024px\" \/><\/figure>\n\n\n\n<p class=\"has-text-align-center\"><em>A entrada \u00e9 gratuita. Fa\u00e7a j\u00e1 a sua reserva!&nbsp;<strong>CLASSIFICA\u00c7\u00c3O:<\/strong> 14 anos<\/em><\/p>\n\n\n\n<p><\/p>\n\n\n\n<p>Neste ano de 2023, o <strong>CineB Solar<\/strong> completa 16 anos. Temos o prazer de convid\u00e1-la (o) para uma sess\u00e3o especial, que ser\u00e1 realizada no dia 20 de\u00a0 setembro (quarta-feira), na Regional Paulista do Sindicato dos Banc\u00e1rios de S\u00e3o Paulo com a exibi\u00e7\u00e3o do longa-metragem, &#8220;O Homem Cordial&#8221;. O evento contar\u00e1 com a presen\u00e7a do diretor Iber\u00ea Carvalho que participar\u00e1 de um debate depois da exibi\u00e7\u00e3o.\u00a0<\/p>\n\n\n\n<p><strong>Nessa sess\u00e3o, n\u00f3s teremos a participa\u00e7\u00e3o: <\/strong>dos alunos das universidades S\u00e3o Judas, Anhembi Morumbi e FIAM FAAM, al\u00e9m dos representantes das comunidades por onde passou o <strong>CineB Solar<\/strong>.<\/p>\n\n\n\n<figure class=\"wp-block-image size-full\"><img decoding=\"async\" width=\"1024\" height=\"683\" src=\"https:\/\/projetocineb.com.br\/wp-content\/uploads\/2023\/08\/ibere.jpeg\" alt=\"\" class=\"wp-image-19776\" srcset=\"https:\/\/projetocineb.com.br\/wp-content\/uploads\/2023\/08\/ibere.jpeg 1024w, https:\/\/projetocineb.com.br\/wp-content\/uploads\/2023\/08\/ibere-300x200.jpeg 300w, https:\/\/projetocineb.com.br\/wp-content\/uploads\/2023\/08\/ibere-768x512.jpeg 768w, https:\/\/projetocineb.com.br\/wp-content\/uploads\/2023\/08\/ibere-840x560.jpeg 840w, https:\/\/projetocineb.com.br\/wp-content\/uploads\/2023\/08\/ibere-120x80.jpeg 120w, https:\/\/projetocineb.com.br\/wp-content\/uploads\/2023\/08\/ibere-360x240.jpeg 360w, https:\/\/projetocineb.com.br\/wp-content\/uploads\/2023\/08\/ibere-600x400.jpeg 600w\" sizes=\"(max-width: 1024px) 100vw, 1024px\" \/><figcaption class=\"wp-element-caption\">O  diretor de &#8220;O Homem Cordial&#8221;, Iber\u00ea Carvalho<\/figcaption><\/figure>\n\n\n\n<p>S<strong>INOPSE : <\/strong>\u201cO Homem Cordial\u201d \u2013 estreou nos cinemas em maio deste ano \u2013&nbsp; \u00e9 um filme brasileiro de suspense dirigido por Iber\u00ea Carvalho. Na trama, Aur\u00e9lio S\u00e1 (Paulo Miklos) \u00e9 o vocalista de uma banda de punk rock que tem sido sistematicamente perseguido devido \u00e0 morte de um policial, na qual ele estaria envolvido. Apesar das constantes amea\u00e7as, Aur\u00e9lio sempre negou ter qualquer tipo de envolvimento no crime. Um dia, ao tentar fugir de manifestantes, ele conhece a jornalista Helena (Dandara de Morais), que deseja n\u00e3o apenas ouvir o lado do cantor, mas tamb\u00e9m contar com sua ajuda para encontrar o pequeno Mateus (Felipe Kenji), um garoto que est\u00e1 desaparecido desde a confus\u00e3o.<\/p>\n\n\n\n<figure class=\"wp-block-embed is-type-video is-provider-youtube wp-block-embed-youtube wp-embed-aspect-16-9 wp-has-aspect-ratio\"><div class=\"wp-block-embed__wrapper\">\n<iframe title=\"O Homem Cordial | Trailer\" width=\"840\" height=\"473\" src=\"https:\/\/www.youtube.com\/embed\/GdMg_PaWTSY?feature=oembed\" frameborder=\"0\" allow=\"accelerometer; autoplay; clipboard-write; encrypted-media; gyroscope; picture-in-picture; web-share\" allowfullscreen><\/iframe>\n<\/div><\/figure>\n\n\n\n<p>Servi\u00e7o:<\/p>\n\n\n\n<p><strong>CINEMA BRASILEIRO NA REGIONAL PAULISTA<\/strong><\/p>\n\n\n\n<figure class=\"wp-block-image size-large\"><img decoding=\"async\" width=\"1024\" height=\"687\" src=\"https:\/\/projetocineb.com.br\/wp-content\/uploads\/2023\/09\/miklos-1024x687.jpeg\" alt=\"\" class=\"wp-image-19811\" srcset=\"https:\/\/projetocineb.com.br\/wp-content\/uploads\/2023\/09\/miklos-1024x687.jpeg 1024w, https:\/\/projetocineb.com.br\/wp-content\/uploads\/2023\/09\/miklos-300x201.jpeg 300w, https:\/\/projetocineb.com.br\/wp-content\/uploads\/2023\/09\/miklos-768x515.jpeg 768w, https:\/\/projetocineb.com.br\/wp-content\/uploads\/2023\/09\/miklos-1536x1030.jpeg 1536w, https:\/\/projetocineb.com.br\/wp-content\/uploads\/2023\/09\/miklos-120x80.jpeg 120w, https:\/\/projetocineb.com.br\/wp-content\/uploads\/2023\/09\/miklos.jpeg 1600w\" sizes=\"(max-width: 1024px) 100vw, 1024px\" \/><\/figure>\n\n\n\n<p><strong>DIA:<\/strong> 20 de setembro de 2023<\/p>\n\n\n\n<p><strong>HOR\u00c1RIO:<\/strong> 19h<\/p>\n\n\n\n<p class=\"has-text-align-left\"><strong>LOCAL: <\/strong>Espa\u00e7o L\u00e9lia Abramo &#8211; Regional Paulista do Sindicato dos Banc\u00e1rios de S\u00e3o Paulo &nbsp;<\/p>\n\n\n\n<p class=\"has-text-align-left\"><strong>ENDERE\u00c7O: <\/strong>Rua Carlos Sampaio,305 &#8211; Bela Vista<\/p>\n\n\n\n<p><em>Pr\u00f3ximo ao Metr\u00f4 Brigadeiro (Linha Verde)&nbsp;&nbsp;&nbsp;<\/em><\/p>\n\n\n\n<p><strong>RESERVE SEU CONVITE PELO EMAIL: <\/strong>producaocineb@brazucah.com.br<\/p>\n\n\n\n<p><strong>Sujeito a lota\u00e7\u00e3o<\/strong>&nbsp;&nbsp;&nbsp;&nbsp;&nbsp;&nbsp;&nbsp;&nbsp;&nbsp;&nbsp;&nbsp;&nbsp;&nbsp;&nbsp;&nbsp;&nbsp;&nbsp;&nbsp;&nbsp;&nbsp;&nbsp;&nbsp;&nbsp;&nbsp;&nbsp;&nbsp;&nbsp;&nbsp;&nbsp;&nbsp;&nbsp;&nbsp;&nbsp;&nbsp;&nbsp;&nbsp;&nbsp;&nbsp;&nbsp;&nbsp;&nbsp;&nbsp;&nbsp;&nbsp;&nbsp;&nbsp;&nbsp;&nbsp;&nbsp;&nbsp;&nbsp;&nbsp;&nbsp;&nbsp;&nbsp;&nbsp;<\/p>\n\n\n\n<p><\/p>\n\n\n\n<figure class=\"wp-block-image size-large\"><img loading=\"lazy\" decoding=\"async\" width=\"1024\" height=\"735\" src=\"https:\/\/projetocineb.com.br\/wp-content\/uploads\/2023\/08\/abramo-1024x735.jpeg\" alt=\"\" class=\"wp-image-19781\" srcset=\"https:\/\/projetocineb.com.br\/wp-content\/uploads\/2023\/08\/abramo-1024x735.jpeg 1024w, https:\/\/projetocineb.com.br\/wp-content\/uploads\/2023\/08\/abramo-300x215.jpeg 300w, https:\/\/projetocineb.com.br\/wp-content\/uploads\/2023\/08\/abramo-768x551.jpeg 768w, https:\/\/projetocineb.com.br\/wp-content\/uploads\/2023\/08\/abramo.jpeg 1051w\" sizes=\"(max-width: 1024px) 100vw, 1024px\" \/><figcaption class=\"wp-element-caption\">Espa\u00e7o L\u00e9lia Abramo, onde ser\u00e1 realizada a sess\u00e3o especial do CineB Solar<\/figcaption><\/figure>\n\n\n\n<p>O <strong>CineB Solar<\/strong> \u00e9 um circuito itinerante de cinema realizado pelo Sindicato dos Banc\u00e1rios de S\u00e3o Paulo, Osasco e Regi\u00e3o e pela Brazucah Produ\u00e7\u00f5es. Desde 2007, o projeto j\u00e1 atingiu um p\u00fablico de 87 mil espectadores em mais de 680 sess\u00f5es gratuitas realizadas em comunidades e universidades. Percorremos 162 bairros da capital paulista e mais 23 cidades do Estado de S\u00e3o Paulo. Ao todo foram exibidos na tela do <strong>CineB Solar <\/strong>169 longas-metragens e 104 curtas-metragens \u2013 sendo tamb\u00e9m realizadas pr\u00e9-estreias exclusivas.<\/p>\n\n\n\n<p><strong>COMO FUNCIONA O PROJETO<\/strong> \u2013 Para proporcionar uma experi\u00eancia mais pr\u00f3xima poss\u00edvel de uma sala de cinema, o <strong>CineB Solar<\/strong> conta com uma estrutura de exibi\u00e7\u00e3o itinerante profissional e capaz de chegar a qualquer localidade. A estrutura \u00e9 formada por tel\u00e3o, projetor, caixas de som, cadeiras com capas padronizadas com logo do projeto, um painel luminoso, cartazes de divulga\u00e7\u00e3o, convites e pesquisas de avalia\u00e7\u00e3o do projeto. Tamb\u00e9m conta com um pipoqueiro exclusivo que serve pipoca gratuita em todas as sess\u00f5es, com saquinhos padronizados e ainda tem sorteio de brindes e camisetas do projeto ao final de cada filme.<\/p>\n\n\n\n<p><strong>SOBRE O FURG\u00c3O<\/strong> \u2013 o ve\u00edculo do <strong>CineB Solar<\/strong> \u00e9 adaptado com placas fotovoltaicas no teto e carrega todo o cinema: cadeiras e banquetas, os sistemas de convers\u00e3o de energia e armazenamento (que garantem 20 horas de autonomia e funcionamento), de som e proje\u00e7\u00e3o e tela. Al\u00e9m de tudo isso, o espa\u00e7o se transforma em uma esta\u00e7\u00e3o m\u00f3vel de ci\u00eancias, arte, tecnologia, sustentabilidade e cultura.<\/p>\n\n\n\n<p><strong>Nas redes<\/strong><\/p>\n\n\n\n<p>Voc\u00ea j\u00e1 curtiu as nossas redes sociais do Projeto <strong>CineB Solar<\/strong> ?<\/p>\n\n\n\n<p>Instagram https<a href=\"\/\/instagram.com\/projeto_cinebsolar\" data-type=\"URL\" data-id=\"\/\/instagram.com\/projeto_cinebsolar\" target=\"_blank\" rel=\"noreferrer noopener\">:\/\/instagram.com\/projeto_cinebsolar<\/a><\/p>\n\n\n\n<p>Tiktok: https:<a href=\"https:\/\/www.tiktok.com\/@cineb.solar\" data-type=\"URL\" data-id=\"https:\/\/www.tiktok.com\/@cineb.solar\" target=\"_blank\" rel=\"noreferrer noopener\">\/\/www.tiktok.com\/@cineb.solar<\/a><\/p>\n\n\n\n<p>Facebook: https:<a href=\"\/\/www.facebook.com\/@cinebsolar\" data-type=\"URL\" data-id=\"\/\/www.facebook.com\/@cinebsolar\" target=\"_blank\" rel=\"noreferrer noopener\">\/\/www.facebook.com\/@cinebsolar<\/a><\/p>\n\n\n\n<p>Youtube:<a href=\"https:\/\/projetocineb.com.br\/?page_id=19674\" data-type=\"page\" data-id=\"19674\"> <\/a><a rel=\"noreferrer noopener\" href=\"https:\/\/www.youtube.com\/@CineBSolar\" data-type=\"URL\" data-id=\"https:\/\/www.youtube.com\/@CineBSolar\" target=\"_blank\">youtube.com.br\/cinebsolar INSCREVA no nosso canal<\/a><\/p>\n","protected":false},"excerpt":{"rendered":"<p>A entrada \u00e9 gratuita. Fa\u00e7a j\u00e1 a sua reserva!&nbsp;CLASSIFICA\u00c7\u00c3O: 14 anos Neste ano de 2023, o CineB Solar completa 16[&#8230;]<\/p>\n","protected":false},"author":4,"featured_media":19777,"comment_status":"open","ping_status":"open","sticky":false,"template":"","format":"standard","meta":[],"categories":[2,1288,4,6,7],"tags":[],"_links":{"self":[{"href":"https:\/\/projetocineb.com.br\/index.php?rest_route=\/wp\/v2\/posts\/19775"}],"collection":[{"href":"https:\/\/projetocineb.com.br\/index.php?rest_route=\/wp\/v2\/posts"}],"about":[{"href":"https:\/\/projetocineb.com.br\/index.php?rest_route=\/wp\/v2\/types\/post"}],"author":[{"embeddable":true,"href":"https:\/\/projetocineb.com.br\/index.php?rest_route=\/wp\/v2\/users\/4"}],"replies":[{"embeddable":true,"href":"https:\/\/projetocineb.com.br\/index.php?rest_route=%2Fwp%2Fv2%2Fcomments&post=19775"}],"version-history":[{"count":8,"href":"https:\/\/projetocineb.com.br\/index.php?rest_route=\/wp\/v2\/posts\/19775\/revisions"}],"predecessor-version":[{"id":19827,"href":"https:\/\/projetocineb.com.br\/index.php?rest_route=\/wp\/v2\/posts\/19775\/revisions\/19827"}],"wp:featuredmedia":[{"embeddable":true,"href":"https:\/\/projetocineb.com.br\/index.php?rest_route=\/wp\/v2\/media\/19777"}],"wp:attachment":[{"href":"https:\/\/projetocineb.com.br\/index.php?rest_route=%2Fwp%2Fv2%2Fmedia&parent=19775"}],"wp:term":[{"taxonomy":"category","embeddable":true,"href":"https:\/\/projetocineb.com.br\/index.php?rest_route=%2Fwp%2Fv2%2Fcategories&post=19775"},{"taxonomy":"post_tag","embeddable":true,"href":"https:\/\/projetocineb.com.br\/index.php?rest_route=%2Fwp%2Fv2%2Ftags&post=19775"}],"curies":[{"name":"wp","href":"https:\/\/api.w.org\/{rel}","templated":true}]}}