{"id":19794,"date":"2023-09-11T18:40:52","date_gmt":"2023-09-11T21:40:52","guid":{"rendered":"https:\/\/projetocineb.com.br\/?p=19794"},"modified":"2024-07-20T21:55:13","modified_gmt":"2024-07-21T00:55:13","slug":"cineb-universidade-chega-em-setembro-com-o-filme-jair-rodrigues-deixa-que-digam","status":"publish","type":"post","link":"https:\/\/projetocineb.com.br\/?p=19794","title":{"rendered":"<strong>CineB Universidade chega em setembro com o filme \u201cJair Rodrigues &#8211; Deixa que Digam\u201d<\/strong>"},"content":{"rendered":"\n<figure class=\"wp-block-image size-full\"><img fetchpriority=\"high\" decoding=\"async\" width=\"1001\" height=\"654\" src=\"https:\/\/projetocineb.com.br\/wp-content\/uploads\/2023\/09\/jair-rodrigues.png\" alt=\"\" class=\"wp-image-19796\" srcset=\"https:\/\/projetocineb.com.br\/wp-content\/uploads\/2023\/09\/jair-rodrigues.png 1001w, https:\/\/projetocineb.com.br\/wp-content\/uploads\/2023\/09\/jair-rodrigues-300x196.png 300w, https:\/\/projetocineb.com.br\/wp-content\/uploads\/2023\/09\/jair-rodrigues-768x502.png 768w\" sizes=\"(max-width: 1001px) 100vw, 1001px\" \/><\/figure>\n\n\n\n<p>O <strong>CineB Solar <\/strong>\u00e9 um projeto vivo, al\u00e9m de exibi\u00e7\u00f5es p\u00fablicas em bairros, ruas, pra\u00e7as e entidades comunit\u00e1rias, realiza sess\u00f5es gratuitas de filmes brasileiros dentro de universidades. A ideia \u00e9 utilizar a estrutura que elas j\u00e1 possuem, como audit\u00f3rios equipados com projetor data show e som, e transformar esses locais em salas de exibi\u00e7\u00e3o gratuita de filmes do seu bairro. E ap\u00f3s a exibi\u00e7\u00e3o sempre acontece um debate com diretores, atores, produtores ou professores.<\/p>\n\n\n\n<p>Esse \u00e9 um resumo sobre o<strong> CineB Universidade<\/strong>. E neste m\u00eas de setembro, o filme em cartaz \u00e9 o document\u00e1rio \u201cJair Rodrigues &#8211; Deixa que Digam\u201d.&nbsp;<\/p>\n\n\n\n<p>O filme se dedica a explorar a trajet\u00f3ria art\u00edstica e pessoal de Jair Rodrigues. Jair foi um m\u00fasico e cantor brasileiro, considerado por muitos, um precursor do g\u00eanero que viria a ser conhecido como rap, por ter lan\u00e7ado, ainda nos anos 1960, o samba &#8220;Deixa isso pra l\u00e1&#8221;, com versos mais falados do que cantados. Suas performances tamb\u00e9m foram popularizadas gra\u00e7as \u00e0 sua coreografia com as m\u00e3os.<\/p>\n\n\n\n<p>O document\u00e1rio aborda a constru\u00e7\u00e3o de seu estilo \u00fanico. Desde os primeiros passos no samba, at\u00e9 a consagra\u00e7\u00e3o por &#8220;Disparada&#8221;, o filme tamb\u00e9m explora a rela\u00e7\u00e3o do artista com a pol\u00edtica nacional. Jair Rodrigues faleceu em 2014.&nbsp;<\/p>\n\n\n\n<p><strong>Classifica\u00e7\u00e3o:<\/strong> 10 anos&nbsp;<\/p>\n\n\n\n<figure class=\"wp-block-embed is-type-video is-provider-youtube wp-block-embed-youtube wp-embed-aspect-16-9 wp-has-aspect-ratio\"><div class=\"wp-block-embed__wrapper\">\n<iframe title=\"Jair Rodrigues | Deixa que Digam : TRAILER OFICIAL\" width=\"840\" height=\"473\" src=\"https:\/\/www.youtube.com\/embed\/CZu5FgNChWg?feature=oembed\" frameborder=\"0\" allow=\"accelerometer; autoplay; clipboard-write; encrypted-media; gyroscope; picture-in-picture; web-share\" allowfullscreen><\/iframe>\n<\/div><\/figure>\n\n\n\n<p>Ao todo ser\u00e3o quatro sess\u00f5es do filme \u201cJair Rodrigues &#8211; Deixa que Digam\u201d. O diretor Rubens Rewald comparecer\u00e1 \u00e0 exibi\u00e7\u00e3o e debate do dia 22 na Universidade S\u00e3o Judas &#8211; Campos Butant\u00e3. O produtor e roteirista Rodolfo Castilho Moreno j\u00e1 confirmou a presen\u00e7a na primeira sess\u00e3o que ser\u00e1 realizada no dia 15 na Unisa &#8211; Universidade Santo Amaro.<\/p>\n\n\n<div class=\"wp-block-image\">\n<figure class=\"aligncenter size-medium is-resized\"><img decoding=\"async\" src=\"https:\/\/projetocineb.com.br\/wp-content\/uploads\/2023\/09\/diretor-jair-200x300.jpeg\" alt=\"\" class=\"wp-image-19818\" width=\"394\" height=\"592\" srcset=\"https:\/\/projetocineb.com.br\/wp-content\/uploads\/2023\/09\/diretor-jair-200x300.jpeg 200w, https:\/\/projetocineb.com.br\/wp-content\/uploads\/2023\/09\/diretor-jair-683x1024.jpeg 683w, https:\/\/projetocineb.com.br\/wp-content\/uploads\/2023\/09\/diretor-jair-768x1152.jpeg 768w, https:\/\/projetocineb.com.br\/wp-content\/uploads\/2023\/09\/diretor-jair.jpeg 800w\" sizes=\"(max-width: 394px) 100vw, 394px\" \/><figcaption class=\"wp-element-caption\">diretor Rubens Rewald<\/figcaption><\/figure><\/div>\n\n<div class=\"wp-block-image\">\n<figure class=\"aligncenter size-medium is-resized\"><img decoding=\"async\" src=\"https:\/\/projetocineb.com.br\/wp-content\/uploads\/2023\/09\/produtor-jair-257x300.jpeg\" alt=\"\" class=\"wp-image-19808\" width=\"325\" height=\"379\" srcset=\"https:\/\/projetocineb.com.br\/wp-content\/uploads\/2023\/09\/produtor-jair-257x300.jpeg 257w, https:\/\/projetocineb.com.br\/wp-content\/uploads\/2023\/09\/produtor-jair-877x1024.jpeg 877w, https:\/\/projetocineb.com.br\/wp-content\/uploads\/2023\/09\/produtor-jair-768x897.jpeg 768w, https:\/\/projetocineb.com.br\/wp-content\/uploads\/2023\/09\/produtor-jair-1315x1536.jpeg 1315w, https:\/\/projetocineb.com.br\/wp-content\/uploads\/2023\/09\/produtor-jair.jpeg 1370w\" sizes=\"(max-width: 325px) 100vw, 325px\" \/><figcaption class=\"wp-element-caption\">produtor e roteirista Rodolfo Castilho Moreno<\/figcaption><\/figure><\/div>\n\n\n<p><\/p>\n\n\n\n<p><\/p>\n\n\n\n<p class=\"has-text-align-center\">Veja o cronograma do <strong>CineB Universidade<\/strong> no m\u00eas de setembro<\/p>\n\n\n\n<p><\/p>\n\n\n\n<p><\/p>\n\n\n\n<p><\/p>\n\n\n\n<p><strong>CINEMA BRASILEIRO NA UNISA &#8211; UNIVERSIDADE SANTO AMARO<\/strong><strong><br><\/strong><strong><br><\/strong>Dia: 15&nbsp; (sexta-feira)<\/p>\n\n\n\n<p>Hor\u00e1rio: 19h<br>Local: Unisa &#8211; Universidade Santo Amaro &#8211; Campus Metr\u00f4 Adolfo Pinheiro<\/p>\n\n\n\n<p>Endere\u00e7o: Rua Isabel Schmidt, 349 (Santo Amaro)<\/p>\n\n\n\n<p>Retirada de Convites: na secretaria da universidade<\/p>\n\n\n\n<p><strong>CINEMA BRASILEIRO NA UNIVERSIDADE S\u00c3O JUDAS &#8211; Campus Mooca<\/strong><\/p>\n\n\n\n<p>Dia: 19&nbsp;&nbsp;(ter\u00e7a-feira)<\/p>\n\n\n\n<p>Hor\u00e1rio: 9h30 <br>Local: Audit\u00f3rio do T\u00e9rreo da Universidade S\u00e3o Judas Campus Mooca<\/p>\n\n\n\n<p>Endere\u00e7o: Rua Taquari,546 (Mooca)<\/p>\n\n\n\n<p>Retirada de Convites: na recep\u00e7\u00e3o da sala dos professores , e no dia da sess\u00e3o no balc\u00e3o da entrada do audit\u00f3rio do t\u00e9rreo<strong><br><\/strong><br><strong>CINEMA BRASILEIRO&nbsp; NA UNIVERSIDADE S\u00c3O JUDAS- Campus Mooca<\/strong><\/p>\n\n\n\n<p>Dia: 19 (ter\u00e7a-feira)&nbsp;<\/p>\n\n\n\n<p>Hor\u00e1rio: 19h<\/p>\n\n\n\n<p>Local: Audit\u00f3rio do T\u00e9rreo da Universidade S\u00e3o Judas Campus Mooca<\/p>\n\n\n\n<p>Endere\u00e7o: Rua Taquari,546 (Mooca)<\/p>\n\n\n\n<p>Retirada de Convites: na recep\u00e7\u00e3o da sala dos professores , e no dia da sess\u00e3o no balc\u00e3o da entrada do audit\u00f3rio do t\u00e9rreo<strong><br><\/strong><\/p>\n\n\n\n<p><strong>CINEMA BRASILEIRO&nbsp; NA UNIVERSIDADE S\u00c3O JUDAS \u2013 Campus Butant\u00e3<br><br><\/strong>Dia: 22 (sexta-feira)Hor\u00e1rio: 19h<\/p>\n\n\n\n<p>Local: Campus Butant\u00e3 (Audit\u00f3rio)<\/p>\n\n\n\n<p>Endere\u00e7o: &nbsp; Avenida Vital Brasil, 1000 (Butant\u00e3)<\/p>\n\n\n\n<p><strong>Nas redes<\/strong><\/p>\n\n\n\n<p>Voc\u00ea j\u00e1 curtiu as nossas redes sociais do Projeto <strong>CineB Solar<\/strong> ?<\/p>\n\n\n\n<p>Instagram https<a href=\"\/\/instagram.com\/projeto_cinebsolar\" data-type=\"URL\" data-id=\"\/\/instagram.com\/projeto_cinebsolar\" target=\"_blank\" rel=\"noreferrer noopener\">:\/\/instagram.com\/projeto_cinebsolar<\/a><\/p>\n\n\n\n<p>Tiktok: https:<a href=\"https:\/\/www.tiktok.com\/@cineb.solar\" data-type=\"URL\" data-id=\"https:\/\/www.tiktok.com\/@cineb.solar\" target=\"_blank\" rel=\"noreferrer noopener\">\/\/www.tiktok.com\/@cineb.solar<\/a><\/p>\n\n\n\n<p>Facebook: https:<a href=\"\/\/www.facebook.com\/@cinebsolar\" data-type=\"URL\" data-id=\"\/\/www.facebook.com\/@cinebsolar\" target=\"_blank\" rel=\"noreferrer noopener\">\/\/www.facebook.com\/@cinebsolar<\/a><\/p>\n\n\n\n<p>Youtube:<a href=\"https:\/\/projetocineb.com.br\/?page_id=19674\" data-type=\"page\" data-id=\"19674\"> <\/a><a rel=\"noreferrer noopener\" href=\"https:\/\/www.youtube.com\/@CineBSolar\" data-type=\"URL\" data-id=\"https:\/\/www.youtube.com\/@CineBSolar\" target=\"_blank\">youtube.com.br\/cinebsolar INSCREVA no nosso canal<\/a><\/p>\n\n\n\n<p><\/p>\n","protected":false},"excerpt":{"rendered":"<p>O CineB Solar \u00e9 um projeto vivo, al\u00e9m de exibi\u00e7\u00f5es p\u00fablicas em bairros, ruas, pra\u00e7as e entidades comunit\u00e1rias, realiza sess\u00f5es[&#8230;]<\/p>\n","protected":false},"author":4,"featured_media":19796,"comment_status":"open","ping_status":"open","sticky":false,"template":"","format":"standard","meta":[],"categories":[2,6,7],"tags":[],"_links":{"self":[{"href":"https:\/\/projetocineb.com.br\/index.php?rest_route=\/wp\/v2\/posts\/19794"}],"collection":[{"href":"https:\/\/projetocineb.com.br\/index.php?rest_route=\/wp\/v2\/posts"}],"about":[{"href":"https:\/\/projetocineb.com.br\/index.php?rest_route=\/wp\/v2\/types\/post"}],"author":[{"embeddable":true,"href":"https:\/\/projetocineb.com.br\/index.php?rest_route=\/wp\/v2\/users\/4"}],"replies":[{"embeddable":true,"href":"https:\/\/projetocineb.com.br\/index.php?rest_route=%2Fwp%2Fv2%2Fcomments&post=19794"}],"version-history":[{"count":15,"href":"https:\/\/projetocineb.com.br\/index.php?rest_route=\/wp\/v2\/posts\/19794\/revisions"}],"predecessor-version":[{"id":19825,"href":"https:\/\/projetocineb.com.br\/index.php?rest_route=\/wp\/v2\/posts\/19794\/revisions\/19825"}],"wp:featuredmedia":[{"embeddable":true,"href":"https:\/\/projetocineb.com.br\/index.php?rest_route=\/wp\/v2\/media\/19796"}],"wp:attachment":[{"href":"https:\/\/projetocineb.com.br\/index.php?rest_route=%2Fwp%2Fv2%2Fmedia&parent=19794"}],"wp:term":[{"taxonomy":"category","embeddable":true,"href":"https:\/\/projetocineb.com.br\/index.php?rest_route=%2Fwp%2Fv2%2Fcategories&post=19794"},{"taxonomy":"post_tag","embeddable":true,"href":"https:\/\/projetocineb.com.br\/index.php?rest_route=%2Fwp%2Fv2%2Ftags&post=19794"}],"curies":[{"name":"wp","href":"https:\/\/api.w.org\/{rel}","templated":true}]}}