{"id":1987,"date":"2011-04-14T10:37:39","date_gmt":"2011-04-14T13:37:39","guid":{"rendered":"http:\/\/projetocineb.com.br\/?p=1987"},"modified":"2011-04-14T10:37:39","modified_gmt":"2011-04-14T13:37:39","slug":"pre-estreia-do-filme-amor","status":"publish","type":"post","link":"https:\/\/projetocineb.com.br\/?p=1987","title":{"rendered":"PR\u00c9-ESTREIA DO FILME AMOR?"},"content":{"rendered":"<p><span style=\"color: #ff6600;\">Cine B realizou ontem a pr\u00e9-estreia do filme <em>Amor?<\/em>, de Jo\u00e3o Jardim, na Regional Paulista do Sindicato dos Banc\u00e1rios<\/span> <span style=\"color: #ff6600;\">de S\u00e3o Paulo, Osasco e Regi\u00e3o, em parceria com a Brazucah Produ\u00e7\u00f5es<\/span>, que est\u00e1 fazendo a campanha de lan\u00e7amento deste longa-metragem que <span style=\"color: #ff6600;\">estreia nos cinemas dia 15 de abril<\/span>.<\/p>\n<figure id=\"attachment_2004\" aria-describedby=\"caption-attachment-2004\" style=\"width: 384px\" class=\"wp-caption aligncenter\"><a href=\"http:\/\/projetocineb.com.br\/wp-content\/uploads\/2011\/04\/DSC02150web1.jpg\"><img fetchpriority=\"high\" decoding=\"async\" class=\"size-full wp-image-2004  \" title=\"150 pessoas assistiram antes de chegar no cinema o filme Amor?, pelo projeto Cine B\" src=\"http:\/\/projetocineb.com.br\/wp-content\/uploads\/2011\/04\/DSC02150web1.jpg\" alt=\"150 pessoas assistiram antes de chegar no cinema o filme Amor?, pelo projeto Cine B\" width=\"384\" height=\"256\" \/><\/a><figcaption id=\"caption-attachment-2004\" class=\"wp-caption-text\">Pr\u00e9-estreia do filme Amor?, realizada pelo Cine B teve a presen\u00e7a de 100 espectadores que no final, responderam a uma pesquisa de opini\u00e3o tanto do filme, quanto do nosso projeto<\/figcaption><\/figure>\n<p><span style=\"color: #ff6600;\">\u201c\u00c9 muito gratificante para o Sindicato fazer esse tipo de evento, e poder ver aqui nos cartazes todos os \u00f3timos filmes brasileiros que j\u00e1 foram exibidos pelo Cine B\u201d, disse a dirigente do Sindicato, Marta Soares dos Santos.<\/span><\/p>\n<p><span style=\"color: #ff6600;\">\u201cAcreditamos que este projeto \u00e9 fundamental para a forma\u00e7\u00e3o de publico e divulga\u00e7\u00e3o dos filmes brasileiros. Muitos filmes entram em cartaz e ningu\u00e9m \u00e0s vezes n\u00e3o ficamos sabendo, porque os filmes estrangeiros vem com muito mais dinheiro para fazer divulga\u00e7\u00e3o. Ent\u00e3o acabamos nem assistindo nossos pr\u00f3prios filmes\u201d, disse Cynthia Alario, diretora da Brazucah Produ\u00e7\u00f5es.<\/span><\/p>\n<p>\u201cQuem n\u00e3o se apropria da pr\u00f3pria cultura, fica dominado\u201d, disse o funcion\u00e1rio do Sindicato dos Banc\u00e1rios, Jos\u00e9 Am\u00e9rico, mais conhecido como Alem\u00e3o.<\/p>\n<figure id=\"attachment_1997\" aria-describedby=\"caption-attachment-1997\" style=\"width: 384px\" class=\"wp-caption aligncenter\"><a href=\"http:\/\/projetocineb.com.br\/wp-content\/uploads\/2011\/04\/DSC02159web.jpg\"><img decoding=\"async\" class=\"size-full wp-image-1997  \" title=\"Na abertura, ao microfone a dirigente sindical\" src=\"http:\/\/projetocineb.com.br\/wp-content\/uploads\/2011\/04\/DSC02159web.jpg\" alt=\"Na abertura, ao microfone a dirigente sindical\" width=\"384\" height=\"256\" \/><\/a><figcaption id=\"caption-attachment-1997\" class=\"wp-caption-text\">Na abertura, ao microfone a dirigente do Sindicato, Marta Soares dos Santos, ao seu lado Jos\u00e9 Am\u00e9rico, o Alem\u00e3o, e com o microfone na m\u00e3o, Cid\u00e1lio Vieira Santos da Brazucah Produ\u00e7\u00f5es<\/figcaption><\/figure>\n<p>Mas \u00e9 bom saber que h\u00e1 comunidades interessadas em participar desse movimento que, como o Alem\u00e3o bem disse, nos torna mais genu\u00ednos em nossa cultura. Nesta pr\u00e9-estreia <span style=\"color: #ff6600;\">Gilberto Morais trouxe o pessoal da comunidade de<\/span> <span style=\"color: #ff6600;\"><a href=\"http:\/\/projetocineb.com.br\/?p=1954\" target=\"_blank\">Itapecerica da Serra<\/a><\/span> esteve presente, bem como o banc\u00e1rio <span style=\"color: #ff6600;\">Isaac do <a href=\"http:\/\/projetocineb.com.br\/?p=1552\" target=\"_blank\">Parque Vila Silvia<\/a><\/span>, o pessoal da<a href=\"http:\/\/projetocineb.com.br\/?p=1151\" target=\"_blank\"> <span style=\"color: #ff6600;\">ONG JUNTOS<\/span><\/a> que faz um trabalho maravilhoso na <span style=\"color: #ff6600;\">zona leste de S\u00e3o Paulo<\/span>. E falando em zona leste, n\u00e3o posso esquecer da <span style=\"color: #ff6600;\">Bia Moreno l\u00e1 da comunidade <a href=\"http:\/\/projetocineb.com.br\/?p=1515\" target=\"_blank\">Vila Rica<\/a><\/span>. Conversei tamb\u00e9m com um pessoal de <span style=\"color: #ff6600;\"><a href=\"http:\/\/projetocineb.com.br\/?p=1779\" target=\"_blank\">Ermelino Matarazzo<\/a><\/span> que conheceu o projeto pela primeira vez. E tamb\u00e9m bati um papo r\u00e1pido com <span style=\"color: #ff6600;\">Cristina Maciel, do <a href=\"http:\/\/projetocineb.com.br\/?p=1759\" target=\"_blank\">Jardim Eliana<\/a><\/span>. Tamb\u00e9m estavam presente na exibi\u00e7\u00e3o, o <span style=\"color: #ff6600;\">diretor do Sindicato dos Banc\u00e1rios Hugo Tom\u00e9 Aquino e funcion\u00e1rios do Sindicato<\/span>. N\u00f3s, da equipe do Cine B, a<span style=\"color: #ff6600;\">gradecemos a presen\u00e7a e participa\u00e7\u00e3o de todas essas comunidades, e ao Sindicato dos Banc\u00e1rios pelo apoio sempre fiel em divulgar o melhor do cinema brasileiro!<\/span><\/p>\n<h2><span style=\"color: #008000;\">AMOR?<\/span><\/h2>\n<p>Voc\u00ea pode n\u00e3o ter vivido uma <span style=\"color: #ff6600;\">hist\u00f3ria de amor que envolve viol\u00eancia<\/span>. Mas com certeza j\u00e1 conhece algu\u00e9m que tenha passado por isso. Neste novo longa de Jo\u00e3o Jardim, 8 atores encenam depoimentos de pessoas reais que mantiveram-se presos a relacionamentos violentos.<\/p>\n<figure id=\"attachment_1998\" aria-describedby=\"caption-attachment-1998\" style=\"width: 384px\" class=\"wp-caption aligncenter\"><a href=\"http:\/\/projetocineb.com.br\/wp-content\/uploads\/2011\/04\/DSC02161web.jpg\"><img decoding=\"async\" class=\"size-full wp-image-1998  \" title=\"A atriz Julia Lemmertz num dos depoimentos mais emocionantes do filme Amor?\" src=\"http:\/\/projetocineb.com.br\/wp-content\/uploads\/2011\/04\/DSC02161web.jpg\" alt=\"A atriz Julia Lemmertz num dos depoimentos mais emocionantes do filme Amor?\" width=\"384\" height=\"256\" \/><\/a><figcaption id=\"caption-attachment-1998\" class=\"wp-caption-text\">A atriz Julia Lemmertz num dos depoimentos mais emocionantes do filme Amor?<\/figcaption><\/figure>\n<p><span style=\"color: #ff6600;\">\u201cO filme deixa bem claro que nessas situa\u00e7\u00f5es, a pessoa agredida se acostuma com a agress\u00e3o e com baixa auto-estima, n\u00e3o toma atitude alguma, porque n\u00e3o enxerga que isso n\u00e3o \u00e9 normal. Isso n\u00e3o \u00e9 amor\u201d, disse a banc\u00e1ria e psic\u00f3loga, Val\u00e9ria Souza.<\/span><\/p>\n<p>Para o morador da comunidade de Pedreira, zona sul de S\u00e3o Paulo, Thiago Martins, o filme \u201cservir\u00e1 de alerta para aqueles que est\u00e3o passando por esse tipo de situa\u00e7\u00e3o, por isso indico esse filme, gostei muito\u201d.<\/p>\n<p>Segundo o diretor Jo\u00e3o Jardim, a escolha de atores famosos pelo papel n\u00e3o foi por acaso. <span style=\"color: #ff6600;\">\u201cEu queria que as pessoas vissem aqueles atores conhecidos e pensasse por alguns instantes que essas hist\u00f3rias podiam ser deles. Para mostrar ao espectador que isso pode acontecer com qualquer pessoa, em qualquer relacionamento\u201d, disse o cineasta<\/span>.<\/p>\n<p>E as atua\u00e7\u00f5es est\u00e3o brilhantes. Julia Lemmertz consegue chegar a um n\u00edvel de realismo que o depoimento emociona o espectador mais sens\u00edvel. Para homens ou mulheres, vale a pena conferir este novo filme brasileiro!<\/p>\n<figure id=\"attachment_1999\" aria-describedby=\"caption-attachment-1999\" style=\"width: 384px\" class=\"wp-caption aligncenter\"><a href=\"http:\/\/projetocineb.com.br\/wp-content\/uploads\/2011\/04\/DSC02162web.jpg\"><img loading=\"lazy\" decoding=\"async\" class=\"size-full wp-image-1999  \" title=\"&quot;N\u00e3o sabia que o filme eram somente depoimentos, mas achei muito interessante a forma que o diretor passou esses depoimentos&quot;, disse o banc\u00e1rio do City Bank, Eduardo dos Santos\" src=\"http:\/\/projetocineb.com.br\/wp-content\/uploads\/2011\/04\/DSC02162web.jpg\" alt=\"&quot;N\u00e3o sabia que o filme eram somente depoimentos, mas achei muito interessante a forma que o diretor passou esses depoimentos&quot;, disse o banc\u00e1rio do City Bank, Eduardo dos Santos\" width=\"384\" height=\"256\" \/><\/a><figcaption id=\"caption-attachment-1999\" class=\"wp-caption-text\">&quot;N\u00e3o sabia que o filme era todo com depoimentos, mas achei muito interessante a forma que o diretor passou esses depoimentos&quot;, disse o banc\u00e1rio do City Bank, Eduardo dos Santos<\/figcaption><\/figure>\n<p><span style=\"color: #ff6600;\">E n\u00e3o perca nossas pr\u00f3ximas pr\u00e9-estreias. Fique de olho!<\/span><\/p>\n<h2><span style=\"color: #008000;\">CLICKS<\/span><\/h2>\n<figure id=\"attachment_1989\" aria-describedby=\"caption-attachment-1989\" style=\"width: 384px\" class=\"wp-caption aligncenter\"><a href=\"http:\/\/projetocineb.com.br\/wp-content\/uploads\/2011\/04\/DSC02170web.jpg\"><img loading=\"lazy\" decoding=\"async\" class=\"size-full wp-image-1989  \" title=\"Bia Moreno trouxe todos que conseguiu de sua comunidade Vila Rica, zona leste de S\u00e3o Paulo\" src=\"http:\/\/projetocineb.com.br\/wp-content\/uploads\/2011\/04\/DSC02170web.jpg\" alt=\"Bia Moreno trouxe todos que conseguiu de sua comunidade Vila Rica, zona leste de S\u00e3o Paulo\" width=\"384\" height=\"256\" \/><\/a><figcaption id=\"caption-attachment-1989\" class=\"wp-caption-text\">Bia Moreno trouxe todos que conseguiu de sua comunidade Vila Rica, zona leste de S\u00e3o Paulo<\/figcaption><\/figure>\n<figure id=\"attachment_1995\" aria-describedby=\"caption-attachment-1995\" style=\"width: 384px\" class=\"wp-caption aligncenter\"><a href=\"http:\/\/projetocineb.com.br\/wp-content\/uploads\/2011\/04\/DSC02150web.jpg\"><img loading=\"lazy\" decoding=\"async\" class=\"size-full wp-image-1995  \" title=\"Depois do filme, o publico preencheu a uma pesquisa de opini\u00e3o, tanto sobre o filme, quanto do Cine B\" src=\"http:\/\/projetocineb.com.br\/wp-content\/uploads\/2011\/04\/DSC02150web.jpg\" alt=\"Depois do filme, o publico preencheu a uma pesquisa de opini\u00e3o, tanto sobre o filme, quanto do Cine B\" width=\"384\" height=\"256\" \/><\/a><figcaption id=\"caption-attachment-1995\" class=\"wp-caption-text\">Depois do filme, o publico preencheu a uma pesquisa de opini\u00e3o, tanto sobre o filme, quanto do Cine B<\/figcaption><\/figure>\n<figure id=\"attachment_1994\" aria-describedby=\"caption-attachment-1994\" style=\"width: 384px\" class=\"wp-caption aligncenter\"><a href=\"http:\/\/projetocineb.com.br\/wp-content\/uploads\/2011\/04\/DSC02147web.jpg\"><img loading=\"lazy\" decoding=\"async\" class=\"size-full wp-image-1994  \" title=\"O pessoal da ONG Juntos, que atua na zona leste de S\u00e3o Paulo, \" src=\"http:\/\/projetocineb.com.br\/wp-content\/uploads\/2011\/04\/DSC02147web.jpg\" alt=\"O pessoal da ONG Juntos, que atua na zona leste de S\u00e3o Paulo, \" width=\"384\" height=\"256\" \/><\/a><figcaption id=\"caption-attachment-1994\" class=\"wp-caption-text\">O pessoal da ONG Juntos, que atua na zona leste de S\u00e3o Paulo, Humberto Canavezi com sua filha Luciana Canavezi, Douglas Carvalho e Daniel Frutuoso<\/figcaption><\/figure>\n<figure id=\"attachment_1993\" aria-describedby=\"caption-attachment-1993\" style=\"width: 384px\" class=\"wp-caption aligncenter\"><a href=\"http:\/\/projetocineb.com.br\/wp-content\/uploads\/2011\/04\/DSC02145web.jpg\"><img loading=\"lazy\" decoding=\"async\" class=\"size-full wp-image-1993  \" title=\"Gen\u00e9sio dos Santos e Denise de Paula merecem carteirinha de s\u00f3cios do Cine B! J\u00e1 perdi a conta de quantas vezes os fotografei! E espero fotografar mais vezes!\" src=\"http:\/\/projetocineb.com.br\/wp-content\/uploads\/2011\/04\/DSC02145web.jpg\" alt=\"Gen\u00e9sio dos Santos e Denise de Paula merecem carteirinha de s\u00f3cios do Cine B! J\u00e1 perdi a conta de quantas vezes os fotografei! E espero fotografar mais vezes!\" width=\"384\" height=\"256\" \/><\/a><figcaption id=\"caption-attachment-1993\" class=\"wp-caption-text\">Gen\u00e9sio dos Santos e Denise de Paula merecem carteirinha de s\u00f3cios do Cine B! S\u00e3o espectadores modelo rss. J\u00e1 perdi a conta de quantas vezes os fotografei, e espero fotografar ainda mais!<\/figcaption><\/figure>\n<figure id=\"attachment_1990\" aria-describedby=\"caption-attachment-1990\" style=\"width: 384px\" class=\"wp-caption aligncenter\"><a href=\"http:\/\/projetocineb.com.br\/wp-content\/uploads\/2011\/04\/DSC02141web.jpg\"><img loading=\"lazy\" decoding=\"async\" class=\"size-full wp-image-1990  \" title=\"O banc\u00e1rio aposentado Izaias Wingter e sua esposa Diva Francisca Wingter\" src=\"http:\/\/projetocineb.com.br\/wp-content\/uploads\/2011\/04\/DSC02141web.jpg\" alt=\"O banc\u00e1rio aposentado Izaias Wingter e sua esposa Diva Francisca Wingter\" width=\"384\" height=\"256\" \/><\/a><figcaption id=\"caption-attachment-1990\" class=\"wp-caption-text\">O banc\u00e1rio aposentado Izaias Wingter e sua esposa Diva Francisca Wingter<\/figcaption><\/figure>\n<figure id=\"attachment_1988\" aria-describedby=\"caption-attachment-1988\" style=\"width: 384px\" class=\"wp-caption aligncenter\"><a href=\"http:\/\/projetocineb.com.br\/wp-content\/uploads\/2011\/04\/DSC02168web.jpg\"><img loading=\"lazy\" decoding=\"async\" class=\"size-full wp-image-1988  \" title=\"Gilberto com sua fam\u00edlia e amigos de Itapecerica da Serra\" src=\"http:\/\/projetocineb.com.br\/wp-content\/uploads\/2011\/04\/DSC02168web.jpg\" alt=\"Gilberto com sua fam\u00edlia e amigos de Itapecerica da Serra\" width=\"384\" height=\"256\" \/><\/a><figcaption id=\"caption-attachment-1988\" class=\"wp-caption-text\">Gilberto Morais com sua fam\u00edlia e amigos de Itapecerica da Serra<\/figcaption><\/figure>\n<figure id=\"attachment_1992\" aria-describedby=\"caption-attachment-1992\" style=\"width: 384px\" class=\"wp-caption aligncenter\"><a href=\"http:\/\/projetocineb.com.br\/wp-content\/uploads\/2011\/04\/DSC02144web.jpg\"><img loading=\"lazy\" decoding=\"async\" class=\"size-full wp-image-1992  \" title=\"Nivaldo dos Santos Lobato com sua esposa, a educadora do MOVA de Ermelino Matarazzo, Jacira Hirose Lobato, que veio pela primeira vez num Cine B e aprovou o projeto\" src=\"http:\/\/projetocineb.com.br\/wp-content\/uploads\/2011\/04\/DSC02144web.jpg\" alt=\"Nivaldo dos Santos Lobato com sua esposa, a educadora do MOVA de Ermelino Matarazzo, Jacira Hirose Lobato, que veio pela primeira vez num Cine B e aprovou o projeto\" width=\"384\" height=\"256\" \/><\/a><figcaption id=\"caption-attachment-1992\" class=\"wp-caption-text\">Nivaldo dos Santos Lobato com sua esposa, a educadora do MOVA de Ermelino Matarazzo, Jacira Hirose Lobato, que veio pela primeira vez num Cine B e aprovou o projeto<\/figcaption><\/figure>\n<figure id=\"attachment_1991\" aria-describedby=\"caption-attachment-1991\" style=\"width: 384px\" class=\"wp-caption aligncenter\"><a href=\"http:\/\/projetocineb.com.br\/wp-content\/uploads\/2011\/04\/DSC02142web.jpg\"><img loading=\"lazy\" decoding=\"async\" class=\"size-full wp-image-1991  \" title=\"&quot;Passamos aqui em frente e resolvemos vir assistir&quot;, disseram Rafaela Luz e Eva Cordeiro\" src=\"http:\/\/projetocineb.com.br\/wp-content\/uploads\/2011\/04\/DSC02142web.jpg\" alt=\"&quot;Passamos aqui em frente e resolvemos vir assistir&quot;, disseram Rafaela Luz e Eva Cordeiro\" width=\"384\" height=\"256\" \/><\/a><figcaption id=\"caption-attachment-1991\" class=\"wp-caption-text\">&quot;Passamos aqui em frente e resolvemos vir assistir&quot;, disseram Rafaela Luz e Eva Cordeiro<\/figcaption><\/figure>\n<figure id=\"attachment_1996\" aria-describedby=\"caption-attachment-1996\" style=\"width: 384px\" class=\"wp-caption aligncenter\"><a href=\"http:\/\/projetocineb.com.br\/wp-content\/uploads\/2011\/04\/DSC02156web.jpg\"><img loading=\"lazy\" decoding=\"async\" class=\"size-full wp-image-1996  \" title=\"Cynthia Alario da Brazucah Produ\u00e7\u00f5es, faz abertura ao lado de Cid\u00e1lio\" src=\"http:\/\/projetocineb.com.br\/wp-content\/uploads\/2011\/04\/DSC02156web.jpg\" alt=\"Cynthia Alario da Brazucah Produ\u00e7\u00f5es, faz abertura ao lado de Cid\u00e1lio\" width=\"384\" height=\"256\" \/><\/a><figcaption id=\"caption-attachment-1996\" class=\"wp-caption-text\">Cynthia Alario da Brazucah Produ\u00e7\u00f5es, faz abertura ao lado de Cid\u00e1lio<\/figcaption><\/figure>\n<p><span style=\"color: #008000;\"> <\/span><\/p>\n<figure id=\"attachment_2000\" aria-describedby=\"caption-attachment-2000\" style=\"width: 384px\" class=\"wp-caption aligncenter\"><a href=\"http:\/\/projetocineb.com.br\/wp-content\/uploads\/2011\/04\/DSC02166web.jpg\"><img loading=\"lazy\" decoding=\"async\" class=\"size-full wp-image-2000  \" title=\"S\u00f3 o Cine B faz uma pr\u00e9-estreia que no final ainda tem sorteio de brindes!\" src=\"http:\/\/projetocineb.com.br\/wp-content\/uploads\/2011\/04\/DSC02166web.jpg\" alt=\"S\u00f3 o Cine B faz uma pr\u00e9-estreia que no final ainda tem sorteio de brindes!\" width=\"384\" height=\"256\" \/><\/a><figcaption id=\"caption-attachment-2000\" class=\"wp-caption-text\">S\u00f3 o Cine B faz uma pr\u00e9-estreia que no final ainda tem sorteio de brindes!<\/figcaption><\/figure>\n","protected":false},"excerpt":{"rendered":"<p>Cine B realizou ontem a pr\u00e9-estreia do filme Amor?, de Jo\u00e3o Jardim, na Regional Paulista do Sindicato dos Banc\u00e1rios de[&#8230;]<\/p>\n","protected":false},"author":2,"featured_media":0,"comment_status":"open","ping_status":"open","sticky":false,"template":"","format":"standard","meta":[],"categories":[2],"tags":[68,154,214,242,263,266,700,897,983,1049,1095],"_links":{"self":[{"href":"https:\/\/projetocineb.com.br\/index.php?rest_route=\/wp\/v2\/posts\/1987"}],"collection":[{"href":"https:\/\/projetocineb.com.br\/index.php?rest_route=\/wp\/v2\/posts"}],"about":[{"href":"https:\/\/projetocineb.com.br\/index.php?rest_route=\/wp\/v2\/types\/post"}],"author":[{"embeddable":true,"href":"https:\/\/projetocineb.com.br\/index.php?rest_route=\/wp\/v2\/users\/2"}],"replies":[{"embeddable":true,"href":"https:\/\/projetocineb.com.br\/index.php?rest_route=%2Fwp%2Fv2%2Fcomments&post=1987"}],"version-history":[{"count":0,"href":"https:\/\/projetocineb.com.br\/index.php?rest_route=\/wp\/v2\/posts\/1987\/revisions"}],"wp:attachment":[{"href":"https:\/\/projetocineb.com.br\/index.php?rest_route=%2Fwp%2Fv2%2Fmedia&parent=1987"}],"wp:term":[{"taxonomy":"category","embeddable":true,"href":"https:\/\/projetocineb.com.br\/index.php?rest_route=%2Fwp%2Fv2%2Fcategories&post=1987"},{"taxonomy":"post_tag","embeddable":true,"href":"https:\/\/projetocineb.com.br\/index.php?rest_route=%2Fwp%2Fv2%2Ftags&post=1987"}],"curies":[{"name":"wp","href":"https:\/\/api.w.org\/{rel}","templated":true}]}}