{"id":20053,"date":"2023-10-17T22:27:18","date_gmt":"2023-10-18T01:27:18","guid":{"rendered":"https:\/\/projetocineb.com.br\/?p=20053"},"modified":"2024-07-20T21:54:37","modified_gmt":"2024-07-21T00:54:37","slug":"cine-b-solar-realiza-sessoes-gratuitas-de-cinema-movido-a-energia-solar-dos-filmes-curtas-infantis-e-jair-rodrigues-deixa-que-digam","status":"publish","type":"post","link":"https:\/\/projetocineb.com.br\/?p=20053","title":{"rendered":"CINE B Solar realiza sess\u00f5es gratuitas de cinema movido a energia solar, dos filmes: \u201cCURTAS NACIONAIS\u201d e \u201cJAIR RODRIGUES-DEIXA QUE DIGAM\u201d"},"content":{"rendered":"\n<p><em>Sess\u00e3o na Centro Universit\u00e1rio das Am\u00e9ricas \u2013 FAM ter\u00e1 debate com o produtor e roteirista Rodolfo Moreno &#8211; do document\u00e1rio sobre o cantor Jair Rodrigues<\/em><\/p>\n\n\n\n<figure class=\"wp-block-image size-full\"><img fetchpriority=\"high\" decoding=\"async\" width=\"944\" height=\"614\" src=\"https:\/\/projetocineb.com.br\/wp-content\/uploads\/2023\/10\/jair-outubro-2.png\" alt=\"\" class=\"wp-image-20062\" srcset=\"https:\/\/projetocineb.com.br\/wp-content\/uploads\/2023\/10\/jair-outubro-2.png 944w, https:\/\/projetocineb.com.br\/wp-content\/uploads\/2023\/10\/jair-outubro-2-300x195.png 300w, https:\/\/projetocineb.com.br\/wp-content\/uploads\/2023\/10\/jair-outubro-2-768x500.png 768w\" sizes=\"(max-width: 944px) 100vw, 944px\" \/><\/figure>\n\n\n\n<p><\/p>\n\n\n\n<p>No m\u00eas de outubro comemorando o m\u00eas da crian\u00e7a\u00a0 o <strong>CineB Solar<\/strong> far\u00e1\u00a0 duas sess\u00f5es com a exibi\u00e7\u00e3o de filmes: &#8220;CURTAS NACIONAIS&#8221;, uma no dia 22 de outubro \u00e0s 19h, na cidade de Embu das Artes, na Grande S\u00e3o Paulo \u2013 ao ar livre , e a outra no dia 27 de outubro \u00e0s 19h, no bairro da Penha &#8211; ao ar livre no estacionamento do Cingapura \u2013 zona leste de SP.<\/p>\n\n\n\n<figure class=\"wp-block-image size-large\"><img decoding=\"async\" width=\"1024\" height=\"863\" src=\"http:\/\/projetocineb.com.br\/wp-content\/uploads\/2023\/10\/ivone-1024x863.jpeg\" alt=\"\" class=\"wp-image-20073\" srcset=\"https:\/\/projetocineb.com.br\/wp-content\/uploads\/2023\/10\/ivone-1024x863.jpeg 1024w, https:\/\/projetocineb.com.br\/wp-content\/uploads\/2023\/10\/ivone-300x253.jpeg 300w, https:\/\/projetocineb.com.br\/wp-content\/uploads\/2023\/10\/ivone-768x648.jpeg 768w, https:\/\/projetocineb.com.br\/wp-content\/uploads\/2023\/10\/ivone-1536x1295.jpeg 1536w, https:\/\/projetocineb.com.br\/wp-content\/uploads\/2023\/10\/ivone.jpeg 1600w\" sizes=\"(max-width: 1024px) 100vw, 1024px\" \/><figcaption class=\"wp-element-caption\">coordenador do projeto CineB Solar, Cid\u00e1lio Vieira e Ivone Silva<\/figcaption><\/figure>\n\n\n\n<p>O CineB Solar nasceu quando a vice-presidente da CUT SP- Ivone Silva era secret\u00e1ria de finan\u00e7as do Sindicato dos Banc\u00e1rios de S\u00e3o Paulo, Osasco e regi\u00e3o. E o deputado estadual do PT, Luiz Cl\u00e1udio Marcolino ocupava a presid\u00eancia do Sindicato dos Banc\u00e1rios de S\u00e3o Paulo, Osasco e regi\u00e3o.<\/p>\n\n\n\n<p>\u201cEste \u00e9 um projeto que nos orgulha muito realizar, pois acreditamos que o cinema une as pessoas , e os filmes brasileiros nos ajuda a nos conhecermos melhor como cidad\u00e3o\u201d; destaca Ivone.<\/p>\n\n\n\n<p><strong>Jair Rodrigues &#8211; Deixa Que Digam<\/strong><\/p>\n\n\n\n<p>O filme \u201cJAIR RODRIGUES \u2013 DEIXA QUE DIGAM\u201c, neste m\u00eas de outubro, al\u00e9m das sess\u00f5es em uma faculdade e uma universidade ser\u00e1 exibido tamb\u00e9m em duas comunidades: uma sess\u00e3o no dia 25 de outubro \u00e0s 19h no Jardim Peri e a outra no dia 31 de outubro no Jardim Vivan. E com o <strong>CineB Universidade<\/strong>, as exibi\u00e7\u00f5es ser\u00e3o: dia 24 de outubro &#8211; ter\u00e7a-feira &#8211; \u00e0s 9h na Faculdade C\u00e1sper L\u00edbero e dia 30 de outubro \u2013 segunda-feira \u00e0s 19h no Centro Universit\u00e1rio das Am\u00e9ricas \u2013 FAM com a presen\u00e7a do produtor do filme : Rodolfo Moreno para participar do debate com os alunos. Entrada gratuita!<\/p>\n\n\n\n<figure class=\"wp-block-image size-large\"><img decoding=\"async\" width=\"892\" height=\"1024\" src=\"http:\/\/projetocineb.com.br\/wp-content\/uploads\/2023\/09\/IMG_1012-4-892x1024.jpg\" alt=\"\" class=\"wp-image-19833\" srcset=\"https:\/\/projetocineb.com.br\/wp-content\/uploads\/2023\/09\/IMG_1012-4-892x1024.jpg 892w, https:\/\/projetocineb.com.br\/wp-content\/uploads\/2023\/09\/IMG_1012-4-261x300.jpg 261w, https:\/\/projetocineb.com.br\/wp-content\/uploads\/2023\/09\/IMG_1012-4-768x882.jpg 768w, https:\/\/projetocineb.com.br\/wp-content\/uploads\/2023\/09\/IMG_1012-4-1338x1536.jpg 1338w, https:\/\/projetocineb.com.br\/wp-content\/uploads\/2023\/09\/IMG_1012-4-1783x2048.jpg 1783w\" sizes=\"(max-width: 892px) 100vw, 892px\" \/><\/figure>\n\n\n\n<p>A sess\u00e3o em Embu das Artes ser\u00e1 na Associa\u00e7\u00e3o Amigos de Bairro Jardim Novo Campo Limpo, ao ar livre; organizada pelo diretor do sindicato dos banc\u00e1rios e morador da cidade: Amauri Silva.<\/p>\n\n\n\n<p>Depois de muito sucesso nas Universidades e atendendo aos pedidos das comunidades,&nbsp; o <strong>CineB Solar<\/strong> ir\u00e1 levar o filme: \u201cJAIR RODRIGUES \u2013 DEIXA QUE DIGAM\u201d para o Jardim Peri \u2013 no Centro Comunit\u00e1rio Nossa Senhora Aparecida, onde estar\u00e3o presentes os alunos do MOVA- Movimento de Alfabetiza\u00e7\u00e3o de Jovens e Adultos; e&nbsp; no Jardim Vivan, a sess\u00e3o ser\u00e1 &nbsp; na escola Escola Professor Luiz Davi Sobrinho, onde os alunos dessas escolas ir\u00e3o&nbsp; assistir ao filme e recordar Jair Rodrigues, um dos melhores cantores e representante da MPB. Nestas duas sess\u00f5es&nbsp; teremos apresenta\u00e7\u00f5es culturais antes da exibi\u00e7\u00e3o do filme.<\/p>\n\n\n\n<p>Sobre os filmes :<br><\/p>\n\n\n\n<p><strong>JAIR RODRIGUES \u2013 DEIXA QUE DIGAM<\/strong>:<\/p>\n\n\n\n<figure class=\"wp-block-image size-large\"><img loading=\"lazy\" decoding=\"async\" width=\"724\" height=\"1024\" src=\"https:\/\/projetocineb.com.br\/wp-content\/uploads\/2023\/10\/jair-poster-724x1024.jpeg\" alt=\"\" class=\"wp-image-20057\" srcset=\"https:\/\/projetocineb.com.br\/wp-content\/uploads\/2023\/10\/jair-poster-724x1024.jpeg 724w, https:\/\/projetocineb.com.br\/wp-content\/uploads\/2023\/10\/jair-poster-212x300.jpeg 212w, https:\/\/projetocineb.com.br\/wp-content\/uploads\/2023\/10\/jair-poster-768x1086.jpeg 768w, https:\/\/projetocineb.com.br\/wp-content\/uploads\/2023\/10\/jair-poster-1086x1536.jpeg 1086w, https:\/\/projetocineb.com.br\/wp-content\/uploads\/2023\/10\/jair-poster.jpeg 1131w\" sizes=\"(max-width: 724px) 100vw, 724px\" \/><\/figure>\n\n\n\n<p>SINOPSE: O document\u00e1rio &#8220;Jair Rodrigues: Deixa Que Digam&#8221; se dedica a explorar a trajet\u00f3ria art\u00edstica e pessoal de Jair Rodrigues. Jair foi um m\u00fasico e cantor brasileiro, considerado por muitos, um precursor do g\u00eanero que viria a ser conhecido como rap, por ter lan\u00e7ado, ainda nos anos 1960, o samba &#8220;Deixa isso pra l\u00e1&#8221;, com versos mais falados do que cantados. Suas performances tamb\u00e9m foram popularizadas gra\u00e7as \u00e0 sua coreografia com as m\u00e3os. O filme aborda a constru\u00e7\u00e3o de seu estilo \u00fanico. Desde os primeiros passos no samba, at\u00e9 a consagra\u00e7\u00e3o por &#8220;Disparada&#8221;, o filme tamb\u00e9m explora a rela\u00e7\u00e3o do artista com a pol\u00edtica nacional. Jair Rodrigues faleceu em 2014.<\/p>\n\n\n\n<p>Classifica\u00e7\u00e3o: 10 anos<\/p>\n\n\n\n<p>Dura\u00e7\u00e3o: 1h 30min<\/p>\n\n\n\n<p><\/p>\n\n\n\n<figure class=\"wp-block-embed is-type-video is-provider-youtube wp-block-embed-youtube wp-embed-aspect-16-9 wp-has-aspect-ratio\"><div class=\"wp-block-embed__wrapper\">\n<iframe title=\"Jair Rodrigues | Deixa que Digam : TRAILER OFICIAL\" width=\"840\" height=\"473\" src=\"https:\/\/www.youtube.com\/embed\/CZu5FgNChWg?feature=oembed\" frameborder=\"0\" allow=\"accelerometer; autoplay; clipboard-write; encrypted-media; gyroscope; picture-in-picture; web-share\" allowfullscreen><\/iframe>\n<\/div><\/figure>\n\n\n\n<p><strong>CURTAS NACIONAIS<\/strong>:<\/p>\n\n\n\n<p>Classifica\u00e7\u00e3o: LIVRE<\/p>\n\n\n\n<p><strong>MEU NOME E MAALUM<\/strong><\/p>\n\n\n\n<p>Conta a hist\u00f3ria de Maalum, uma menina negra brasileira, que se depara com as zoeiras de seus colegas pelo seu nome de origem africana. Dura\u00e7\u00e3o: 7m<\/p>\n\n\n\n<p><strong>SOBRE AMIZADE E BICICLETAS<\/strong><\/p>\n\n\n\n<p>Por causa de sua condi\u00e7\u00e3o f\u00edsica, Thiago n\u00e3o consegue andar de bicicleta e \u00e9 alvo de chacotas pelo grupo das outras crian\u00e7as da vizinhan\u00e7a. Dura\u00e7\u00e3o: 12m<\/p>\n\n\n\n<p><strong>GENTE GRANDE<\/strong><\/p>\n\n\n\n<p>Sobre a import\u00e2ncia da responsabilidade ambiental em pequenas atitudes. Dura\u00e7\u00e3o: 1m<\/p>\n\n\n\n<p><strong>UM RIO<\/strong><\/p>\n\n\n\n<p>Curta&nbsp; apresenta a import\u00e2ncia do rio e sua mem\u00f3ria afetiva. Dura\u00e7\u00e3o: 4m8s<\/p>\n\n\n\n<p><strong>O GIGANTE<\/strong><\/p>\n\n\n\n<p>Uma hist\u00f3ria de uma menina que mora no cora\u00e7\u00e3o de um gigante. Dura\u00e7\u00e3o: 10m34s<\/p>\n\n\n\n<p><strong>BRINQUEDO NOVO<\/strong><\/p>\n\n\n\n<p>Curta sobre consumo consciente. Dura\u00e7\u00e3o: 6m24s<\/p>\n\n\n\n<p><strong>DISQUE&nbsp; QUILOMBOLA<\/strong><\/p>\n\n\n\n<p>Crian\u00e7as do Esp\u00edrito Santo conversam de um jeito divertido sobre como \u00e9 a vida em uma comunidade quilombola e em um morro na cidade de Vit\u00f3ria. Dura\u00e7\u00e3o: 13m<\/p>\n\n\n\n<figure class=\"is-layout-flex wp-block-gallery-1 wp-block-gallery has-nested-images columns-default is-cropped\">\n<figure class=\"wp-block-image size-large\"><img loading=\"lazy\" decoding=\"async\" width=\"707\" height=\"1000\" data-id=\"20058\"  src=\"https:\/\/projetocineb.com.br\/wp-content\/uploads\/2023\/10\/curtas-cartaz.jpeg\" alt=\"\" class=\"wp-image-20058\" srcset=\"https:\/\/projetocineb.com.br\/wp-content\/uploads\/2023\/10\/curtas-cartaz.jpeg 707w, https:\/\/projetocineb.com.br\/wp-content\/uploads\/2023\/10\/curtas-cartaz-212x300.jpeg 212w\" sizes=\"(max-width: 707px) 100vw, 707px\" \/><\/figure>\n<\/figure>\n\n\n\n<p><strong>Nas redes<\/strong><\/p>\n\n\n\n<p>Voc\u00ea j\u00e1 curtiu as nossas redes sociais do Projeto CineB Solar ?<\/p>\n\n\n\n<p>Instagram https<a href=\"https:\/\/instagram.com\/projeto_cinebsolar\">:\/\/instagram.com\/projeto_cinebsolar<\/a><\/p>\n\n\n\n<p>Tiktok: https:<a href=\"https:\/\/www.tiktok.com\/@cineb.solar\">\/\/www.tiktok.com\/@cineb.solar<\/a><\/p>\n\n\n\n<p>Facebook: https:<a href=\"https:\/\/www.facebook.com\/@cinebsolar\">\/\/www.facebook.com\/@cinebsolar<\/a><\/p>\n\n\n\n<p>Youtube:<a href=\"https:\/\/www.youtube.com\/@CineBSolar\"> youtube.com.br\/cinebsolar INSCREVA no nosso canal<\/a><\/p>\n","protected":false},"excerpt":{"rendered":"<p>Sess\u00e3o na Centro Universit\u00e1rio das Am\u00e9ricas \u2013 FAM ter\u00e1 debate com o produtor e roteirista Rodolfo Moreno &#8211; do document\u00e1rio[&#8230;]<\/p>\n","protected":false},"author":4,"featured_media":20062,"comment_status":"open","ping_status":"open","sticky":false,"template":"","format":"standard","meta":[],"categories":[2,6,7],"tags":[],"_links":{"self":[{"href":"https:\/\/projetocineb.com.br\/index.php?rest_route=\/wp\/v2\/posts\/20053"}],"collection":[{"href":"https:\/\/projetocineb.com.br\/index.php?rest_route=\/wp\/v2\/posts"}],"about":[{"href":"https:\/\/projetocineb.com.br\/index.php?rest_route=\/wp\/v2\/types\/post"}],"author":[{"embeddable":true,"href":"https:\/\/projetocineb.com.br\/index.php?rest_route=\/wp\/v2\/users\/4"}],"replies":[{"embeddable":true,"href":"https:\/\/projetocineb.com.br\/index.php?rest_route=%2Fwp%2Fv2%2Fcomments&post=20053"}],"version-history":[{"count":16,"href":"https:\/\/projetocineb.com.br\/index.php?rest_route=\/wp\/v2\/posts\/20053\/revisions"}],"predecessor-version":[{"id":20076,"href":"https:\/\/projetocineb.com.br\/index.php?rest_route=\/wp\/v2\/posts\/20053\/revisions\/20076"}],"wp:featuredmedia":[{"embeddable":true,"href":"https:\/\/projetocineb.com.br\/index.php?rest_route=\/wp\/v2\/media\/20062"}],"wp:attachment":[{"href":"https:\/\/projetocineb.com.br\/index.php?rest_route=%2Fwp%2Fv2%2Fmedia&parent=20053"}],"wp:term":[{"taxonomy":"category","embeddable":true,"href":"https:\/\/projetocineb.com.br\/index.php?rest_route=%2Fwp%2Fv2%2Fcategories&post=20053"},{"taxonomy":"post_tag","embeddable":true,"href":"https:\/\/projetocineb.com.br\/index.php?rest_route=%2Fwp%2Fv2%2Ftags&post=20053"}],"curies":[{"name":"wp","href":"https:\/\/api.w.org\/{rel}","templated":true}]}}