{"id":2014,"date":"2011-04-13T11:52:18","date_gmt":"2011-04-13T14:52:18","guid":{"rendered":"http:\/\/projetocineb.com.br\/?p=2014"},"modified":"2011-04-13T11:52:18","modified_gmt":"2011-04-13T14:52:18","slug":"sao-mateus","status":"publish","type":"post","link":"https:\/\/projetocineb.com.br\/?p=2014","title":{"rendered":"S\u00c3O MATEUS"},"content":{"rendered":"<p>S\u00e1bado de noite a <span style=\"color: #ff6600;\">c<\/span><span style=\"color: #ff6600;\">omunidade de S\u00e3o Mateus<\/span> assistiu na <span style=\"color: #ff6600;\">Associa\u00e7\u00e3o Conjunto Habitacional S\u00e3o Francisco V<\/span>, ao curta-metragem <em>Uma hist\u00f3ria de futebo<\/em>l, de Paulo Machline e o longa <em>Quincas Berro D\u2019\u00e1gua<\/em>, de S\u00e9rgio Machado, atrav\u00e9s do projeto Cine B. Foi a <span style=\"color: #ff6600;\">segunda vez que nosso projeto visita a comunidade que fica na zona leste, h\u00e1 35km do Centro de S\u00e3o Paulo<\/span>.<\/p>\n<p><span style=\"color: #ff6600;\"> <\/span><\/p>\n<figure id=\"attachment_2021\" aria-describedby=\"caption-attachment-2021\" style=\"width: 384px\" class=\"wp-caption aligncenter\"><a href=\"http:\/\/projetocineb.com.br\/wp-content\/uploads\/2011\/04\/DSC02115web.jpg\"><img fetchpriority=\"high\" decoding=\"async\" class=\"size-full wp-image-2021  \" title=\"Exibi\u00e7\u00e3o na comunidade S\u00e3o Mateus\" src=\"http:\/\/projetocineb.com.br\/wp-content\/uploads\/2011\/04\/DSC02115web.jpg\" alt=\"Exibi\u00e7\u00e3o na comunidade S\u00e3o Mateus\" width=\"384\" height=\"256\" \/><\/a><figcaption id=\"caption-attachment-2021\" class=\"wp-caption-text\">Exibi\u00e7\u00e3o na comunidade S\u00e3o Mateus<\/figcaption><\/figure>\n<p>Para os moradores da regi\u00e3o, o cinema mais pr\u00f3ximo fica no shopping Aricanduva, uns 40 minutos de \u00f4nibus. <span style=\"color: #ff6600;\">O valor da soma do transporte publico (que anda muito caro) e o ingresso de cinema, n\u00e3o ajuda, ent\u00e3o muitos moradores de S\u00e3o mateus nunca foram ao cinema.<\/span> \u00c9 o caso da auxiliar de enfermagem Ellen Batista dos Santos, que tem 24 anos e, assim como seus tr\u00eas filhos, nunca viu um filme na grande tela.<\/p>\n<figure id=\"attachment_2018\" aria-describedby=\"caption-attachment-2018\" style=\"width: 384px\" class=\"wp-caption aligncenter\"><a href=\"http:\/\/projetocineb.com.br\/wp-content\/uploads\/2011\/04\/DSC02107web.jpg\"><img decoding=\"async\" class=\"size-full wp-image-2018  \" title=\"\u201cQueria muito ir, mas como voltei a trabalhar, chego cansada em casa e n\u00e3o tenho vontade de sair\u201d, disse Ellen\" src=\"http:\/\/projetocineb.com.br\/wp-content\/uploads\/2011\/04\/DSC02107web.jpg\" alt=\"\u201cQueria muito ir, mas como voltei a trabalhar, chego cansada em casa e n\u00e3o tenho vontade de sair\u201d, disse Ellen\" width=\"384\" height=\"256\" \/><\/a><figcaption id=\"caption-attachment-2018\" class=\"wp-caption-text\">\u201cQueria muito ir, mas como voltei a trabalhar, chego cansada em casa e n\u00e3o tenho vontade de sair\u201d, disse Ellen e suas filhas suas filhas Gabrielly de 6, Drielly de 2 e Camily Vitoria dos Santos de 8 anos<\/figcaption><\/figure>\n<p><span style=\"color: #ff6600;\">\u201cPelo pouco que ganham, n\u00e3o d\u00e1 para ir ao cinema, o pessoal n\u00e3o tem acesso, por isso sempre convido o Cine B em nosso bairro\u201d, disse o banc\u00e1rio Valdo Lopes, que articulou o Cine B nas duas vezes que o projeto esteve em S\u00e3o Mateus.<\/span><\/p>\n<p>\u201cEu ia trabalhar hoje, mas n\u00e3o fui porque \u00e9 muito importante pra mim ver a carinha das pessoas, est\u00e3o todos animados com essa exibi\u00e7\u00e3o. H\u00e1 crian\u00e7as aqui que nunca sequer pisaram num shopping center\u201d, disse a presidente da Associa\u00e7\u00e3o, Magali Alves de Andrade.<\/p>\n<figure id=\"attachment_2023\" aria-describedby=\"caption-attachment-2023\" style=\"width: 384px\" class=\"wp-caption aligncenter\"><a href=\"http:\/\/projetocineb.com.br\/wp-content\/uploads\/2011\/04\/DSC02125web.jpg\"><img decoding=\"async\" class=\"size-full wp-image-2023  \" title=\"Na abertura do Cine B\" src=\"http:\/\/projetocineb.com.br\/wp-content\/uploads\/2011\/04\/DSC02125web.jpg\" alt=\"Na abertura do Cine B\" width=\"384\" height=\"256\" \/><\/a><figcaption id=\"caption-attachment-2023\" class=\"wp-caption-text\">Na abertura do Cine B, ao microfone, o banc\u00e1rio Valdo Lopes, tia Rita, Cid\u00e1lio Vieira Santos da Brazucah Produ\u00e7\u00f5es e Magali Alves de Andrade, presidente da Associa\u00e7\u00e3o<\/figcaption><\/figure>\n<h2><span style=\"color: #008000;\">CLICKS<\/span><\/h2>\n<figure id=\"attachment_2017\" aria-describedby=\"caption-attachment-2017\" style=\"width: 384px\" class=\"wp-caption aligncenter\"><a href=\"http:\/\/projetocineb.com.br\/wp-content\/uploads\/2011\/04\/DSC02054web.jpg\"><img loading=\"lazy\" decoding=\"async\" class=\"size-full wp-image-2017  \" title=\"Ficha de pesquisa respondida por um dos espectadores presentes\" src=\"http:\/\/projetocineb.com.br\/wp-content\/uploads\/2011\/04\/DSC02054web.jpg\" alt=\"Ficha de pesquisa respondida por um dos espectadores presentes\" width=\"384\" height=\"288\" \/><\/a><figcaption id=\"caption-attachment-2017\" class=\"wp-caption-text\">Ficha de pesquisa respondida por um dos espectadores presentes<\/figcaption><\/figure>\n<p>Tamb\u00e9m pela primeira vez no cinema, Juliana Santiago com seus filhos, Nemilly Beatriz, de 3 anos, Thiago Santiago carvalho de 6, Matheus Santiago de 8 Yan Santiago Cruz e Gabriel Ferreira Carvalho de 8 anos<\/p>\n<figure id=\"attachment_2019\" aria-describedby=\"caption-attachment-2019\" style=\"width: 384px\" class=\"wp-caption aligncenter\"><a href=\"http:\/\/projetocineb.com.br\/wp-content\/uploads\/2011\/04\/DSC02110web.jpg\"><img loading=\"lazy\" decoding=\"async\" class=\"size-full wp-image-2019  \" title=\"Magali Alves de Andrade e seu marido Marco Antonio Scaglione\" src=\"http:\/\/projetocineb.com.br\/wp-content\/uploads\/2011\/04\/DSC02110web.jpg\" alt=\"Magali Alves de Andrade e seu marido Marco Antonio Scaglione\" width=\"384\" height=\"256\" \/><\/a><figcaption id=\"caption-attachment-2019\" class=\"wp-caption-text\">Magali Alves de Andrade e seu marido Marco Antonio Scaglione e Rog\u00e9rio Dantas<\/figcaption><\/figure>\n<figure id=\"attachment_2022\" aria-describedby=\"caption-attachment-2022\" style=\"width: 384px\" class=\"wp-caption aligncenter\"><a href=\"http:\/\/projetocineb.com.br\/wp-content\/uploads\/2011\/04\/DSC02119web.jpg\"><img loading=\"lazy\" decoding=\"async\" class=\"size-full wp-image-2022  \" title=\"Sabrina de Souza da Silva com seu namorado Felipe Lopes, Maria de F\u00e1tima Polli e Cesar Rafael de Oliveira, que disse\u201cde tr\u00eas anos pra c\u00e1, o cinema brasileiro vem melhorando bastante, os filmes tem mais conte\u00fado\u201d\" src=\"http:\/\/projetocineb.com.br\/wp-content\/uploads\/2011\/04\/DSC02119web.jpg\" alt=\"Sabrina de Souza da Silva com seu namorado Felipe Lopes, Maria de F\u00e1tima Polli e Cesar Rafael de Oliveira, que disse\u201cde tr\u00eas anos pra c\u00e1, o cinema brasileiro vem melhorando bastante, os filmes tem mais conte\u00fado\u201d\" width=\"384\" height=\"256\" \/><\/a><figcaption id=\"caption-attachment-2022\" class=\"wp-caption-text\">Sabrina de Souza da Silva com seu namorado Felipe Lopes, Maria de F\u00e1tima Polli e Cesar Rafael de Oliveira, que disse\u201cde tr\u00eas anos pra c\u00e1, o cinema brasileiro vem melhorando bastante, os filmes tem mais conte\u00fado\u201d<\/figcaption><\/figure>\n<figure id=\"attachment_2025\" aria-describedby=\"caption-attachment-2025\" style=\"width: 384px\" class=\"wp-caption aligncenter\"><a href=\"http:\/\/projetocineb.com.br\/wp-content\/uploads\/2011\/04\/DSC02108web.jpg\"><img loading=\"lazy\" decoding=\"async\" class=\"size-full wp-image-2025  \" title=\"A espectadora\" src=\"http:\/\/projetocineb.com.br\/wp-content\/uploads\/2011\/04\/DSC02108web.jpg\" alt=\"A espectadora\" width=\"384\" height=\"256\" \/><\/a><figcaption id=\"caption-attachment-2025\" class=\"wp-caption-text\">Tamb\u00e9m pela primeira vez no cinema, a moradora Juliana Santiago, Nemilly Beatriz, de 3 anos, Thiago Santiago carvalho de 6, Matheus Santiago de 8 Yan Santiago Cruz e Gabriel Ferreira Carvalho de 8 anos<\/figcaption><\/figure>\n<figure id=\"attachment_2015\" aria-describedby=\"caption-attachment-2015\" style=\"width: 384px\" class=\"wp-caption aligncenter\"><a href=\"http:\/\/projetocineb.com.br\/wp-content\/uploads\/2011\/04\/DSC02126web.jpg\"><img loading=\"lazy\" decoding=\"async\" class=\"size-full wp-image-2015  \" title=\"Cid\u00e1lio ao lado da esposa de Valdo, Maria Jos\u00e9 Brito e os filhos do casal, Priscila e Felipe Lopes\" src=\"http:\/\/projetocineb.com.br\/wp-content\/uploads\/2011\/04\/DSC02126web.jpg\" alt=\"Cid\u00e1lio ao lado da esposa de Valdo, Maria Jos\u00e9 Brito e os filhos do casal, Priscila e Felipe Lopes\" width=\"384\" height=\"256\" \/><\/a><figcaption id=\"caption-attachment-2015\" class=\"wp-caption-text\">Cid\u00e1lio ao lado da esposa de Valdo, Maria Jos\u00e9 Brito e os filhos do casal, Priscila e Felipe Lopes<\/figcaption><\/figure>\n<figure id=\"attachment_2016\" aria-describedby=\"caption-attachment-2016\" style=\"width: 384px\" class=\"wp-caption aligncenter\"><a href=\"http:\/\/projetocineb.com.br\/wp-content\/uploads\/2011\/04\/DSC02128web.jpg\"><img loading=\"lazy\" decoding=\"async\" class=\"size-full wp-image-2016   \" title=\"Os sortudosdesta exibi\u00e7\u00e3o, que levaram para casa camisetas do Cine B\" src=\"http:\/\/projetocineb.com.br\/wp-content\/uploads\/2011\/04\/DSC02128web.jpg\" alt=\"Os sortudosdesta exibi\u00e7\u00e3o, que levaram para casa camisetas do Cine B\" width=\"384\" height=\"256\" \/><\/a><figcaption id=\"caption-attachment-2016\" class=\"wp-caption-text\">Os sortudos desta exibi\u00e7\u00e3o, que levaram para casa camisetas do Cine B<\/figcaption><\/figure>\n","protected":false},"excerpt":{"rendered":"<p>S\u00e1bado de noite a comunidade de S\u00e3o Mateus assistiu na Associa\u00e7\u00e3o Conjunto Habitacional S\u00e3o Francisco V, ao curta-metragem Uma hist\u00f3ria[&#8230;]<\/p>\n","protected":false},"author":2,"featured_media":0,"comment_status":"open","ping_status":"open","sticky":false,"template":"","format":"standard","meta":[],"categories":[2],"tags":[107,154,242,266,1094,1095,1132,1247],"_links":{"self":[{"href":"https:\/\/projetocineb.com.br\/index.php?rest_route=\/wp\/v2\/posts\/2014"}],"collection":[{"href":"https:\/\/projetocineb.com.br\/index.php?rest_route=\/wp\/v2\/posts"}],"about":[{"href":"https:\/\/projetocineb.com.br\/index.php?rest_route=\/wp\/v2\/types\/post"}],"author":[{"embeddable":true,"href":"https:\/\/projetocineb.com.br\/index.php?rest_route=\/wp\/v2\/users\/2"}],"replies":[{"embeddable":true,"href":"https:\/\/projetocineb.com.br\/index.php?rest_route=%2Fwp%2Fv2%2Fcomments&post=2014"}],"version-history":[{"count":0,"href":"https:\/\/projetocineb.com.br\/index.php?rest_route=\/wp\/v2\/posts\/2014\/revisions"}],"wp:attachment":[{"href":"https:\/\/projetocineb.com.br\/index.php?rest_route=%2Fwp%2Fv2%2Fmedia&parent=2014"}],"wp:term":[{"taxonomy":"category","embeddable":true,"href":"https:\/\/projetocineb.com.br\/index.php?rest_route=%2Fwp%2Fv2%2Fcategories&post=2014"},{"taxonomy":"post_tag","embeddable":true,"href":"https:\/\/projetocineb.com.br\/index.php?rest_route=%2Fwp%2Fv2%2Ftags&post=2014"}],"curies":[{"name":"wp","href":"https:\/\/api.w.org\/{rel}","templated":true}]}}