{"id":20256,"date":"2023-11-10T23:15:42","date_gmt":"2023-11-11T02:15:42","guid":{"rendered":"https:\/\/projetocineb.com.br\/?p=20256"},"modified":"2024-07-20T21:53:46","modified_gmt":"2024-07-21T00:53:46","slug":"no-cineb-solar-quadra-esportiva-de-escola-vira-uma-verdadeira-sala-de-cinema","status":"publish","type":"post","link":"https:\/\/projetocineb.com.br\/?p=20256","title":{"rendered":"No CineB Solar, quadra esportiva de escola vira uma verdadeira sala de cinema"},"content":{"rendered":"\n<p><em>o evento contou com uma exibi\u00e7\u00e3o cultural do cantor e compositor Fernando Braga<\/em><\/p>\n\n\n\n<figure class=\"wp-block-image size-large\"><img fetchpriority=\"high\" decoding=\"async\" width=\"1024\" height=\"576\" src=\"http:\/\/projetocineb.com.br\/wp-content\/uploads\/2023\/11\/WhatsApp-Image-2023-11-10-at-20.49.46-1024x576.jpeg\" alt=\"\" class=\"wp-image-20272\" srcset=\"https:\/\/projetocineb.com.br\/wp-content\/uploads\/2023\/11\/WhatsApp-Image-2023-11-10-at-20.49.46-1024x576.jpeg 1024w, https:\/\/projetocineb.com.br\/wp-content\/uploads\/2023\/11\/WhatsApp-Image-2023-11-10-at-20.49.46-300x169.jpeg 300w, https:\/\/projetocineb.com.br\/wp-content\/uploads\/2023\/11\/WhatsApp-Image-2023-11-10-at-20.49.46-768x432.jpeg 768w, https:\/\/projetocineb.com.br\/wp-content\/uploads\/2023\/11\/WhatsApp-Image-2023-11-10-at-20.49.46-1536x864.jpeg 1536w, https:\/\/projetocineb.com.br\/wp-content\/uploads\/2023\/11\/WhatsApp-Image-2023-11-10-at-20.49.46.jpeg 1600w\" sizes=\"(max-width: 1024px) 100vw, 1024px\" \/><\/figure>\n\n\n\n<p><strong>Sess\u00e3o exibida no dia: 31 de outubro 2023<\/strong><\/p>\n\n\n\n<p>Pela primeira vez, a EMEF Professor Luiz David Sobrinho, no Jardim Vivan, na zona norte da Capital, recebeu o CineB Solar. O p\u00fablico de 120 pessoas, entre alunos, professores e membros da comunidade receberam o projeto de bra\u00e7os abertos e puderam curtir o filme \u201cJair Rodrigues &#8211; Deixa que Digam\u201d, de Rubens Rewald. A sess\u00e3o aconteceu dentro da quadra da escola, que foi transformada em uma sala de cinema.&nbsp;<\/p>\n\n\n\n<p>A sess\u00e3o foi indicada pela diretora do sindicato dos Banc\u00e1rios de S\u00e3o Paulo,&nbsp; Beatriz Fugante e&nbsp; moradora do bairro, junto com o diretor da escola, Pl\u00ednio Pereira de Sousa, e o professor de Artes, F\u00e1bio Rodrigues dos Santos.<\/p>\n\n\n\n<figure class=\"wp-block-video\"><video controls src=\"http:\/\/projetocineb.com.br\/wp-content\/uploads\/2023\/11\/beatriz.mp4\"><\/video><figcaption class=\"wp-element-caption\">                                    diretora do sindicato dos Banc\u00e1rios de S\u00e3o Paulo,&nbsp; Beatriz Fugante <\/figcaption><\/figure>\n\n\n\n<p>A abertura do evento teve a participa\u00e7\u00e3o de Beatriz, Pl\u00ednio e do coordenador do CineB Solar, Cid\u00e1lio Vieira Santos.<\/p>\n\n\n\n<p>Veja abaixo o depoimento do diretor da EMEF:<\/p>\n\n\n\n<figure class=\"wp-block-video\"><video controls src=\"http:\/\/projetocineb.com.br\/wp-content\/uploads\/2023\/11\/plinio-2.mp4\"><\/video><figcaption class=\"wp-element-caption\">                                                                O diretor da escola, Pl\u00ednio Pereira de Sousa<\/figcaption><\/figure>\n\n\n\n<p>O p\u00fablico lotou a quadra esportiva da EMEF para assistir ao document\u00e1rio de Jair Rodrigues. <\/p>\n\n\n\n<figure class=\"wp-block-image size-large\"><img decoding=\"async\" width=\"1024\" height=\"768\" src=\"http:\/\/projetocineb.com.br\/wp-content\/uploads\/2023\/11\/WhatsApp-Image-2023-11-10-at-20.49.48-1024x768.jpeg\" alt=\"\" class=\"wp-image-20275\" srcset=\"https:\/\/projetocineb.com.br\/wp-content\/uploads\/2023\/11\/WhatsApp-Image-2023-11-10-at-20.49.48-1024x768.jpeg 1024w, https:\/\/projetocineb.com.br\/wp-content\/uploads\/2023\/11\/WhatsApp-Image-2023-11-10-at-20.49.48-300x225.jpeg 300w, https:\/\/projetocineb.com.br\/wp-content\/uploads\/2023\/11\/WhatsApp-Image-2023-11-10-at-20.49.48-768x576.jpeg 768w, https:\/\/projetocineb.com.br\/wp-content\/uploads\/2023\/11\/WhatsApp-Image-2023-11-10-at-20.49.48-1536x1152.jpeg 1536w, https:\/\/projetocineb.com.br\/wp-content\/uploads\/2023\/11\/WhatsApp-Image-2023-11-10-at-20.49.48.jpeg 1600w\" sizes=\"(max-width: 1024px) 100vw, 1024px\" \/><\/figure>\n\n\n\n<p>Em seguida, o cantor e compositor Fernando Braga fez uma apresenta\u00e7\u00e3o cultural cantando m\u00fasicas de Jair Rodrigues e animando o p\u00fablico.<\/p>\n\n\n\n<figure class=\"wp-block-image size-large\"><img decoding=\"async\" width=\"1024\" height=\"683\" src=\"http:\/\/projetocineb.com.br\/wp-content\/uploads\/2023\/11\/WhatsApp-Image-2023-11-10-at-20.40.45-1024x683.jpeg\" alt=\"\" class=\"wp-image-20268\" srcset=\"https:\/\/projetocineb.com.br\/wp-content\/uploads\/2023\/11\/WhatsApp-Image-2023-11-10-at-20.40.45-1024x683.jpeg 1024w, https:\/\/projetocineb.com.br\/wp-content\/uploads\/2023\/11\/WhatsApp-Image-2023-11-10-at-20.40.45-300x200.jpeg 300w, https:\/\/projetocineb.com.br\/wp-content\/uploads\/2023\/11\/WhatsApp-Image-2023-11-10-at-20.40.45-768x512.jpeg 768w, https:\/\/projetocineb.com.br\/wp-content\/uploads\/2023\/11\/WhatsApp-Image-2023-11-10-at-20.40.45-840x560.jpeg 840w, https:\/\/projetocineb.com.br\/wp-content\/uploads\/2023\/11\/WhatsApp-Image-2023-11-10-at-20.40.45-120x80.jpeg 120w, https:\/\/projetocineb.com.br\/wp-content\/uploads\/2023\/11\/WhatsApp-Image-2023-11-10-at-20.40.45-360x240.jpeg 360w, https:\/\/projetocineb.com.br\/wp-content\/uploads\/2023\/11\/WhatsApp-Image-2023-11-10-at-20.40.45-600x400.jpeg 600w, https:\/\/projetocineb.com.br\/wp-content\/uploads\/2023\/11\/WhatsApp-Image-2023-11-10-at-20.40.45.jpeg 1500w\" sizes=\"(max-width: 1024px) 100vw, 1024px\" \/><figcaption class=\"wp-element-caption\">O cantor e compositor Fernando Braga<\/figcaption><\/figure>\n\n\n\n<p>P\u00fablico formado por estudantes, professores e pessoas da comunidade. Uma das fam\u00edlias que estiveram na sess\u00e3o elogiou o projeto.<\/p>\n\n\n\n<figure class=\"wp-block-video\"><video controls src=\"http:\/\/projetocineb.com.br\/wp-content\/uploads\/2023\/11\/familia.mp4\"><\/video><\/figure>\n\n\n\n<p>O document\u00e1rio &#8220;Jair Rodrigues: Deixa Que Digam&#8221; se dedica a explorar a trajet\u00f3ria art\u00edstica e pessoal de Jair Rodrigues. Jair foi um m\u00fasico e cantor brasileiro, considerado por muitos, um precursor do g\u00eanero que viria a ser conhecido como rap, por ter lan\u00e7ado, ainda nos anos 1960, o samba &#8220;Deixa isso pra l\u00e1&#8221;, com versos mais falados do que cantados.<\/p>\n\n\n\n<p>Suas performances tamb\u00e9m foram popularizadas gra\u00e7as \u00e0 sua coreografia com as m\u00e3os. O filme aborda a constru\u00e7\u00e3o de seu estilo \u00fanico. Desde os primeiros passos no samba, at\u00e9 a consagra\u00e7\u00e3o por &#8220;Disparada&#8221;, o filme tamb\u00e9m explora a rela\u00e7\u00e3o do artista com a pol\u00edtica nacional. Jair Rodrigues faleceu em 2014.<\/p>\n\n\n\n<p><strong>Agradecimentos<\/strong><\/p>\n\n\n\n<p>Aos professores, Rosana, Fabiana(coordenadora) , Rafael, Gilberto e&nbsp; aos dirigentes sindicais da&nbsp; Intersindical,&nbsp; Am\u00e9lia Assis Andrade, Alexandre Caso e Manoel Elidio Rosa (Man\u00e9 Gabeira)<\/p>\n\n\n\n<p><strong>Sobre o projeto<\/strong><\/p>\n\n\n\n<p>A <strong>CineB Solar<\/strong> \u00e9 um circuito itinerante de cinema realizado pelo Sindicato dos Banc\u00e1rios de S\u00e3o Paulo, Osasco e Regi\u00e3o e pela Brazucah Produ\u00e7\u00f5es. Desde 2007, o projeto j\u00e1 atingiu um p\u00fablico de 87 mil espectadores em mais de 684 sess\u00f5es gratuitas realizadas em comunidades e universidades de S\u00e3o Paulo.<\/p>\n\n\n\n<p>Percorremos cerca de 162 bairros da cidade de S\u00e3o Paulo e 23 cidades fora de S\u00e3o Paulo. J\u00e1 foram exibidos na tela do <strong>CineB Solar<\/strong> 169 longas-metragens e 104 curtas-metragens, sendo tamb\u00e9m realizadas pr\u00e9-estreias exclusivas.<\/p>\n\n\n\n<p><strong>Nas redes<\/strong><\/p>\n\n\n\n<p>Voc\u00ea j\u00e1 curtiu as nossas redes sociais do Projeto CineB Solar ?<\/p>\n\n\n\n<p>Instagram https<a href=\"https:\/\/instagram.com\/projeto_cinebsolar\">:\/\/instagram.com\/projeto_cinebsolar<\/a><\/p>\n\n\n\n<p>Tiktok: https:<a href=\"https:\/\/www.tiktok.com\/@cineb.solar\">\/\/www.tiktok.com\/@cineb.solar<\/a><\/p>\n\n\n\n<p>Facebook: https:<a href=\"https:\/\/www.facebook.com\/@cinebsolar\">\/\/www.facebook.com\/@cinebsolar<\/a><\/p>\n\n\n\n<p>Youtube:<a href=\"https:\/\/projetocineb.com.br\/?page_id=19674\"> <\/a><a href=\"https:\/\/www.youtube.com\/@CineBSolar\">youtube.com.br\/cinebsolar INSCREVA no nosso canal<\/a><\/p>\n\n\n\n<figure class=\"is-layout-flex wp-block-gallery-1 wp-block-gallery has-nested-images columns-default is-cropped\">\n<figure class=\"wp-block-image size-large\"><img loading=\"lazy\" decoding=\"async\" width=\"1024\" height=\"768\" data-id=\"20279\"  src=\"https:\/\/projetocineb.com.br\/wp-content\/uploads\/2023\/11\/WhatsApp-Image-2023-11-10-at-20.49.50-2-1024x768.jpeg\" alt=\"\" class=\"wp-image-20279\" srcset=\"https:\/\/projetocineb.com.br\/wp-content\/uploads\/2023\/11\/WhatsApp-Image-2023-11-10-at-20.49.50-2-1024x768.jpeg 1024w, https:\/\/projetocineb.com.br\/wp-content\/uploads\/2023\/11\/WhatsApp-Image-2023-11-10-at-20.49.50-2-300x225.jpeg 300w, https:\/\/projetocineb.com.br\/wp-content\/uploads\/2023\/11\/WhatsApp-Image-2023-11-10-at-20.49.50-2-768x576.jpeg 768w, https:\/\/projetocineb.com.br\/wp-content\/uploads\/2023\/11\/WhatsApp-Image-2023-11-10-at-20.49.50-2-1536x1152.jpeg 1536w, https:\/\/projetocineb.com.br\/wp-content\/uploads\/2023\/11\/WhatsApp-Image-2023-11-10-at-20.49.50-2.jpeg 1600w\" sizes=\"(max-width: 1024px) 100vw, 1024px\" \/><\/figure>\n\n\n\n<figure class=\"wp-block-image size-large\"><img loading=\"lazy\" decoding=\"async\" width=\"1024\" height=\"768\" data-id=\"20278\"  src=\"https:\/\/projetocineb.com.br\/wp-content\/uploads\/2023\/11\/WhatsApp-Image-2023-11-10-at-20.49.50-1-1024x768.jpeg\" alt=\"\" class=\"wp-image-20278\" srcset=\"https:\/\/projetocineb.com.br\/wp-content\/uploads\/2023\/11\/WhatsApp-Image-2023-11-10-at-20.49.50-1-1024x768.jpeg 1024w, https:\/\/projetocineb.com.br\/wp-content\/uploads\/2023\/11\/WhatsApp-Image-2023-11-10-at-20.49.50-1-300x225.jpeg 300w, https:\/\/projetocineb.com.br\/wp-content\/uploads\/2023\/11\/WhatsApp-Image-2023-11-10-at-20.49.50-1-768x576.jpeg 768w, https:\/\/projetocineb.com.br\/wp-content\/uploads\/2023\/11\/WhatsApp-Image-2023-11-10-at-20.49.50-1-1536x1152.jpeg 1536w, https:\/\/projetocineb.com.br\/wp-content\/uploads\/2023\/11\/WhatsApp-Image-2023-11-10-at-20.49.50-1.jpeg 1600w\" sizes=\"(max-width: 1024px) 100vw, 1024px\" \/><\/figure>\n\n\n\n<figure class=\"wp-block-image size-large\"><img loading=\"lazy\" decoding=\"async\" width=\"1024\" height=\"768\" data-id=\"20277\"  src=\"https:\/\/projetocineb.com.br\/wp-content\/uploads\/2023\/11\/WhatsApp-Image-2023-11-10-at-20.49.49-1024x768.jpeg\" alt=\"\" class=\"wp-image-20277\" srcset=\"https:\/\/projetocineb.com.br\/wp-content\/uploads\/2023\/11\/WhatsApp-Image-2023-11-10-at-20.49.49-1024x768.jpeg 1024w, https:\/\/projetocineb.com.br\/wp-content\/uploads\/2023\/11\/WhatsApp-Image-2023-11-10-at-20.49.49-300x225.jpeg 300w, https:\/\/projetocineb.com.br\/wp-content\/uploads\/2023\/11\/WhatsApp-Image-2023-11-10-at-20.49.49-768x576.jpeg 768w, https:\/\/projetocineb.com.br\/wp-content\/uploads\/2023\/11\/WhatsApp-Image-2023-11-10-at-20.49.49-1536x1152.jpeg 1536w, https:\/\/projetocineb.com.br\/wp-content\/uploads\/2023\/11\/WhatsApp-Image-2023-11-10-at-20.49.49.jpeg 1600w\" sizes=\"(max-width: 1024px) 100vw, 1024px\" \/><\/figure>\n\n\n\n<figure class=\"wp-block-image size-large\"><img loading=\"lazy\" decoding=\"async\" width=\"1024\" height=\"768\" data-id=\"20276\"  src=\"https:\/\/projetocineb.com.br\/wp-content\/uploads\/2023\/11\/WhatsApp-Image-2023-11-10-at-20.49.49-1-1024x768.jpeg\" alt=\"\" class=\"wp-image-20276\" srcset=\"https:\/\/projetocineb.com.br\/wp-content\/uploads\/2023\/11\/WhatsApp-Image-2023-11-10-at-20.49.49-1-1024x768.jpeg 1024w, https:\/\/projetocineb.com.br\/wp-content\/uploads\/2023\/11\/WhatsApp-Image-2023-11-10-at-20.49.49-1-300x225.jpeg 300w, https:\/\/projetocineb.com.br\/wp-content\/uploads\/2023\/11\/WhatsApp-Image-2023-11-10-at-20.49.49-1-768x576.jpeg 768w, https:\/\/projetocineb.com.br\/wp-content\/uploads\/2023\/11\/WhatsApp-Image-2023-11-10-at-20.49.49-1-1536x1152.jpeg 1536w, https:\/\/projetocineb.com.br\/wp-content\/uploads\/2023\/11\/WhatsApp-Image-2023-11-10-at-20.49.49-1.jpeg 1600w\" sizes=\"(max-width: 1024px) 100vw, 1024px\" \/><\/figure>\n\n\n\n<figure class=\"wp-block-image size-large\"><img loading=\"lazy\" decoding=\"async\" width=\"1024\" height=\"768\" data-id=\"20273\"  src=\"https:\/\/projetocineb.com.br\/wp-content\/uploads\/2023\/11\/WhatsApp-Image-2023-11-10-at-20.49.47-1024x768.jpeg\" alt=\"\" class=\"wp-image-20273\" srcset=\"https:\/\/projetocineb.com.br\/wp-content\/uploads\/2023\/11\/WhatsApp-Image-2023-11-10-at-20.49.47-1024x768.jpeg 1024w, https:\/\/projetocineb.com.br\/wp-content\/uploads\/2023\/11\/WhatsApp-Image-2023-11-10-at-20.49.47-300x225.jpeg 300w, https:\/\/projetocineb.com.br\/wp-content\/uploads\/2023\/11\/WhatsApp-Image-2023-11-10-at-20.49.47-768x576.jpeg 768w, https:\/\/projetocineb.com.br\/wp-content\/uploads\/2023\/11\/WhatsApp-Image-2023-11-10-at-20.49.47-1536x1152.jpeg 1536w, https:\/\/projetocineb.com.br\/wp-content\/uploads\/2023\/11\/WhatsApp-Image-2023-11-10-at-20.49.47.jpeg 1600w\" sizes=\"(max-width: 1024px) 100vw, 1024px\" \/><\/figure>\n\n\n\n<figure class=\"wp-block-image size-large\"><img loading=\"lazy\" decoding=\"async\" width=\"1024\" height=\"576\" data-id=\"20272\"  src=\"https:\/\/projetocineb.com.br\/wp-content\/uploads\/2023\/11\/WhatsApp-Image-2023-11-10-at-20.49.46-1024x576.jpeg\" alt=\"\" class=\"wp-image-20272\" srcset=\"https:\/\/projetocineb.com.br\/wp-content\/uploads\/2023\/11\/WhatsApp-Image-2023-11-10-at-20.49.46-1024x576.jpeg 1024w, https:\/\/projetocineb.com.br\/wp-content\/uploads\/2023\/11\/WhatsApp-Image-2023-11-10-at-20.49.46-300x169.jpeg 300w, https:\/\/projetocineb.com.br\/wp-content\/uploads\/2023\/11\/WhatsApp-Image-2023-11-10-at-20.49.46-768x432.jpeg 768w, https:\/\/projetocineb.com.br\/wp-content\/uploads\/2023\/11\/WhatsApp-Image-2023-11-10-at-20.49.46-1536x864.jpeg 1536w, https:\/\/projetocineb.com.br\/wp-content\/uploads\/2023\/11\/WhatsApp-Image-2023-11-10-at-20.49.46.jpeg 1600w\" sizes=\"(max-width: 1024px) 100vw, 1024px\" \/><\/figure>\n\n\n\n<figure class=\"wp-block-image size-large\"><img loading=\"lazy\" decoding=\"async\" width=\"1024\" height=\"683\" data-id=\"20268\"  src=\"https:\/\/projetocineb.com.br\/wp-content\/uploads\/2023\/11\/WhatsApp-Image-2023-11-10-at-20.40.45-1024x683.jpeg\" alt=\"\" class=\"wp-image-20268\" srcset=\"https:\/\/projetocineb.com.br\/wp-content\/uploads\/2023\/11\/WhatsApp-Image-2023-11-10-at-20.40.45-1024x683.jpeg 1024w, https:\/\/projetocineb.com.br\/wp-content\/uploads\/2023\/11\/WhatsApp-Image-2023-11-10-at-20.40.45-300x200.jpeg 300w, https:\/\/projetocineb.com.br\/wp-content\/uploads\/2023\/11\/WhatsApp-Image-2023-11-10-at-20.40.45-768x512.jpeg 768w, https:\/\/projetocineb.com.br\/wp-content\/uploads\/2023\/11\/WhatsApp-Image-2023-11-10-at-20.40.45-840x560.jpeg 840w, https:\/\/projetocineb.com.br\/wp-content\/uploads\/2023\/11\/WhatsApp-Image-2023-11-10-at-20.40.45-120x80.jpeg 120w, https:\/\/projetocineb.com.br\/wp-content\/uploads\/2023\/11\/WhatsApp-Image-2023-11-10-at-20.40.45-360x240.jpeg 360w, https:\/\/projetocineb.com.br\/wp-content\/uploads\/2023\/11\/WhatsApp-Image-2023-11-10-at-20.40.45-600x400.jpeg 600w, https:\/\/projetocineb.com.br\/wp-content\/uploads\/2023\/11\/WhatsApp-Image-2023-11-10-at-20.40.45.jpeg 1500w\" sizes=\"(max-width: 1024px) 100vw, 1024px\" \/><\/figure>\n\n\n\n<figure class=\"wp-block-image size-large\"><img loading=\"lazy\" decoding=\"async\" width=\"1024\" height=\"576\" data-id=\"20271\"  src=\"https:\/\/projetocineb.com.br\/wp-content\/uploads\/2023\/11\/WhatsApp-Image-2023-11-10-at-20.49.46-1-1024x576.jpeg\" alt=\"\" class=\"wp-image-20271\" srcset=\"https:\/\/projetocineb.com.br\/wp-content\/uploads\/2023\/11\/WhatsApp-Image-2023-11-10-at-20.49.46-1-1024x576.jpeg 1024w, https:\/\/projetocineb.com.br\/wp-content\/uploads\/2023\/11\/WhatsApp-Image-2023-11-10-at-20.49.46-1-300x169.jpeg 300w, https:\/\/projetocineb.com.br\/wp-content\/uploads\/2023\/11\/WhatsApp-Image-2023-11-10-at-20.49.46-1-768x432.jpeg 768w, https:\/\/projetocineb.com.br\/wp-content\/uploads\/2023\/11\/WhatsApp-Image-2023-11-10-at-20.49.46-1-1536x864.jpeg 1536w, https:\/\/projetocineb.com.br\/wp-content\/uploads\/2023\/11\/WhatsApp-Image-2023-11-10-at-20.49.46-1.jpeg 1600w\" sizes=\"(max-width: 1024px) 100vw, 1024px\" \/><\/figure>\n\n\n\n<figure class=\"wp-block-image size-large\"><img loading=\"lazy\" decoding=\"async\" width=\"1024\" height=\"768\" data-id=\"20270\"  src=\"https:\/\/projetocineb.com.br\/wp-content\/uploads\/2023\/11\/WhatsApp-Image-2023-11-10-at-20.49.50-1024x768.jpeg\" alt=\"\" class=\"wp-image-20270\" srcset=\"https:\/\/projetocineb.com.br\/wp-content\/uploads\/2023\/11\/WhatsApp-Image-2023-11-10-at-20.49.50-1024x768.jpeg 1024w, https:\/\/projetocineb.com.br\/wp-content\/uploads\/2023\/11\/WhatsApp-Image-2023-11-10-at-20.49.50-300x225.jpeg 300w, https:\/\/projetocineb.com.br\/wp-content\/uploads\/2023\/11\/WhatsApp-Image-2023-11-10-at-20.49.50-768x576.jpeg 768w, https:\/\/projetocineb.com.br\/wp-content\/uploads\/2023\/11\/WhatsApp-Image-2023-11-10-at-20.49.50-1536x1152.jpeg 1536w, https:\/\/projetocineb.com.br\/wp-content\/uploads\/2023\/11\/WhatsApp-Image-2023-11-10-at-20.49.50.jpeg 1600w\" sizes=\"(max-width: 1024px) 100vw, 1024px\" \/><\/figure>\n\n\n\n<figure class=\"wp-block-image size-large\"><img loading=\"lazy\" decoding=\"async\" width=\"1024\" height=\"576\" data-id=\"20274\"  src=\"https:\/\/projetocineb.com.br\/wp-content\/uploads\/2023\/11\/WhatsApp-Image-2023-11-10-at-20.49.48-1-1024x576.jpeg\" alt=\"\" class=\"wp-image-20274\" srcset=\"https:\/\/projetocineb.com.br\/wp-content\/uploads\/2023\/11\/WhatsApp-Image-2023-11-10-at-20.49.48-1-1024x576.jpeg 1024w, https:\/\/projetocineb.com.br\/wp-content\/uploads\/2023\/11\/WhatsApp-Image-2023-11-10-at-20.49.48-1-300x169.jpeg 300w, https:\/\/projetocineb.com.br\/wp-content\/uploads\/2023\/11\/WhatsApp-Image-2023-11-10-at-20.49.48-1-768x432.jpeg 768w, https:\/\/projetocineb.com.br\/wp-content\/uploads\/2023\/11\/WhatsApp-Image-2023-11-10-at-20.49.48-1-1536x864.jpeg 1536w, https:\/\/projetocineb.com.br\/wp-content\/uploads\/2023\/11\/WhatsApp-Image-2023-11-10-at-20.49.48-1.jpeg 1600w\" sizes=\"(max-width: 1024px) 100vw, 1024px\" \/><\/figure>\n<\/figure>\n","protected":false},"excerpt":{"rendered":"<p>o evento contou com uma exibi\u00e7\u00e3o cultural do cantor e compositor Fernando Braga Sess\u00e3o exibida no dia: 31 de outubro[&#8230;]<\/p>\n","protected":false},"author":4,"featured_media":20272,"comment_status":"open","ping_status":"open","sticky":false,"template":"","format":"standard","meta":[],"categories":[2,6,7],"tags":[],"_links":{"self":[{"href":"https:\/\/projetocineb.com.br\/index.php?rest_route=\/wp\/v2\/posts\/20256"}],"collection":[{"href":"https:\/\/projetocineb.com.br\/index.php?rest_route=\/wp\/v2\/posts"}],"about":[{"href":"https:\/\/projetocineb.com.br\/index.php?rest_route=\/wp\/v2\/types\/post"}],"author":[{"embeddable":true,"href":"https:\/\/projetocineb.com.br\/index.php?rest_route=\/wp\/v2\/users\/4"}],"replies":[{"embeddable":true,"href":"https:\/\/projetocineb.com.br\/index.php?rest_route=%2Fwp%2Fv2%2Fcomments&post=20256"}],"version-history":[{"count":6,"href":"https:\/\/projetocineb.com.br\/index.php?rest_route=\/wp\/v2\/posts\/20256\/revisions"}],"predecessor-version":[{"id":20327,"href":"https:\/\/projetocineb.com.br\/index.php?rest_route=\/wp\/v2\/posts\/20256\/revisions\/20327"}],"wp:featuredmedia":[{"embeddable":true,"href":"https:\/\/projetocineb.com.br\/index.php?rest_route=\/wp\/v2\/media\/20272"}],"wp:attachment":[{"href":"https:\/\/projetocineb.com.br\/index.php?rest_route=%2Fwp%2Fv2%2Fmedia&parent=20256"}],"wp:term":[{"taxonomy":"category","embeddable":true,"href":"https:\/\/projetocineb.com.br\/index.php?rest_route=%2Fwp%2Fv2%2Fcategories&post=20256"},{"taxonomy":"post_tag","embeddable":true,"href":"https:\/\/projetocineb.com.br\/index.php?rest_route=%2Fwp%2Fv2%2Ftags&post=20256"}],"curies":[{"name":"wp","href":"https:\/\/api.w.org\/{rel}","templated":true}]}}