{"id":20297,"date":"2023-11-14T21:41:14","date_gmt":"2023-11-15T00:41:14","guid":{"rendered":"https:\/\/projetocineb.com.br\/?p=20297"},"modified":"2024-07-20T21:53:36","modified_gmt":"2024-07-21T00:53:36","slug":"cineb-solar-leva-pela-segunda-vez-sessao-de-curtas-nacionais-para-o-cingapura-chaparral-2","status":"publish","type":"post","link":"https:\/\/projetocineb.com.br\/?p=20297","title":{"rendered":"CineB Solar leva pela segunda vez sess\u00e3o de curtas nacionais para o Cingapura Chaparral"},"content":{"rendered":"\n<p><em>Mais de 80 pessoas, a maioria crian\u00e7as, prestigiaram a sess\u00e3o de cinema<\/em><\/p>\n\n\n\n<figure class=\"wp-block-image size-large\"><img fetchpriority=\"high\" decoding=\"async\" width=\"1024\" height=\"683\" src=\"http:\/\/projetocineb.com.br\/wp-content\/uploads\/2023\/11\/WhatsApp-Image-2023-11-09-at-09.47.08-1024x683.jpeg\" alt=\"\" class=\"wp-image-20291\" srcset=\"https:\/\/projetocineb.com.br\/wp-content\/uploads\/2023\/11\/WhatsApp-Image-2023-11-09-at-09.47.08-1024x683.jpeg 1024w, https:\/\/projetocineb.com.br\/wp-content\/uploads\/2023\/11\/WhatsApp-Image-2023-11-09-at-09.47.08-300x200.jpeg 300w, https:\/\/projetocineb.com.br\/wp-content\/uploads\/2023\/11\/WhatsApp-Image-2023-11-09-at-09.47.08-768x512.jpeg 768w, https:\/\/projetocineb.com.br\/wp-content\/uploads\/2023\/11\/WhatsApp-Image-2023-11-09-at-09.47.08-840x560.jpeg 840w, https:\/\/projetocineb.com.br\/wp-content\/uploads\/2023\/11\/WhatsApp-Image-2023-11-09-at-09.47.08-120x80.jpeg 120w, https:\/\/projetocineb.com.br\/wp-content\/uploads\/2023\/11\/WhatsApp-Image-2023-11-09-at-09.47.08-360x240.jpeg 360w, https:\/\/projetocineb.com.br\/wp-content\/uploads\/2023\/11\/WhatsApp-Image-2023-11-09-at-09.47.08-600x400.jpeg 600w, https:\/\/projetocineb.com.br\/wp-content\/uploads\/2023\/11\/WhatsApp-Image-2023-11-09-at-09.47.08.jpeg 1500w\" sizes=\"(max-width: 1024px) 100vw, 1024px\" \/><\/figure>\n\n\n\n<p><strong>Sess\u00e3o exibida em: 27 de outubro de 2023<\/strong><\/p>\n\n\n\n<p>CineB Solar apresentou um festival de curtas-metragens para um p\u00fablico de mais de 80 pessoas na Associa\u00e7\u00e3o de Moradores do Cingapura Chaparral, na Penha, zona leste de S\u00e3o Paulo. Na sess\u00e3o, teve muita pipoca.<\/p>\n\n\n\n<p>Uma tarde com muita chuva, a sess\u00e3o que era para ser dentro da quadra do Cingapura, foi transferida para Associa\u00e7\u00e3o dos Moradores,&nbsp; local que foi transformado em uma sala de cinema.<\/p>\n\n\n\n<figure class=\"is-layout-flex wp-block-gallery-1 wp-block-gallery has-nested-images columns-default is-cropped\">\n<figure class=\"wp-block-image size-large\"><img decoding=\"async\" width=\"1024\" height=\"683\" data-id=\"20300\"  src=\"https:\/\/projetocineb.com.br\/wp-content\/uploads\/2023\/11\/image3-1024x683.png\" alt=\"\" class=\"wp-image-20300\" srcset=\"https:\/\/projetocineb.com.br\/wp-content\/uploads\/2023\/11\/image3-1024x683.png 1024w, https:\/\/projetocineb.com.br\/wp-content\/uploads\/2023\/11\/image3-300x200.png 300w, https:\/\/projetocineb.com.br\/wp-content\/uploads\/2023\/11\/image3-768x512.png 768w, https:\/\/projetocineb.com.br\/wp-content\/uploads\/2023\/11\/image3-840x560.png 840w, https:\/\/projetocineb.com.br\/wp-content\/uploads\/2023\/11\/image3-120x80.png 120w, https:\/\/projetocineb.com.br\/wp-content\/uploads\/2023\/11\/image3-360x240.png 360w, https:\/\/projetocineb.com.br\/wp-content\/uploads\/2023\/11\/image3-600x400.png 600w, https:\/\/projetocineb.com.br\/wp-content\/uploads\/2023\/11\/image3.png 1500w\" sizes=\"(max-width: 1024px) 100vw, 1024px\" \/><\/figure>\n\n\n\n<figure class=\"wp-block-image size-large\"><img decoding=\"async\" width=\"1024\" height=\"683\" data-id=\"20301\"  src=\"https:\/\/projetocineb.com.br\/wp-content\/uploads\/2023\/11\/image1-1024x683.png\" alt=\"\" class=\"wp-image-20301\" srcset=\"https:\/\/projetocineb.com.br\/wp-content\/uploads\/2023\/11\/image1-1024x683.png 1024w, https:\/\/projetocineb.com.br\/wp-content\/uploads\/2023\/11\/image1-300x200.png 300w, https:\/\/projetocineb.com.br\/wp-content\/uploads\/2023\/11\/image1-768x512.png 768w, https:\/\/projetocineb.com.br\/wp-content\/uploads\/2023\/11\/image1-840x560.png 840w, https:\/\/projetocineb.com.br\/wp-content\/uploads\/2023\/11\/image1-120x80.png 120w, https:\/\/projetocineb.com.br\/wp-content\/uploads\/2023\/11\/image1-360x240.png 360w, https:\/\/projetocineb.com.br\/wp-content\/uploads\/2023\/11\/image1-600x400.png 600w, https:\/\/projetocineb.com.br\/wp-content\/uploads\/2023\/11\/image1.png 1500w\" sizes=\"(max-width: 1024px) 100vw, 1024px\" \/><\/figure>\n\n\n\n<figure class=\"wp-block-image size-large\"><img loading=\"lazy\" decoding=\"async\" width=\"1024\" height=\"683\" data-id=\"20302\"  src=\"https:\/\/projetocineb.com.br\/wp-content\/uploads\/2023\/11\/image2-1024x683.png\" alt=\"\" class=\"wp-image-20302\" srcset=\"https:\/\/projetocineb.com.br\/wp-content\/uploads\/2023\/11\/image2-1024x683.png 1024w, https:\/\/projetocineb.com.br\/wp-content\/uploads\/2023\/11\/image2-300x200.png 300w, https:\/\/projetocineb.com.br\/wp-content\/uploads\/2023\/11\/image2-768x512.png 768w, https:\/\/projetocineb.com.br\/wp-content\/uploads\/2023\/11\/image2-840x560.png 840w, https:\/\/projetocineb.com.br\/wp-content\/uploads\/2023\/11\/image2-120x80.png 120w, https:\/\/projetocineb.com.br\/wp-content\/uploads\/2023\/11\/image2-360x240.png 360w, https:\/\/projetocineb.com.br\/wp-content\/uploads\/2023\/11\/image2-600x400.png 600w, https:\/\/projetocineb.com.br\/wp-content\/uploads\/2023\/11\/image2.png 1500w\" sizes=\"(max-width: 1024px) 100vw, 1024px\" \/><\/figure>\n<\/figure>\n\n\n\n<p><strong>Projeto Unidos Para o Bem Chaparral<\/strong><\/p>\n\n\n\n<p>A sess\u00e3o&nbsp; contou com o apoio e articula\u00e7\u00e3o das integrantes do Projeto Unidos Para o Bem Chaparral, Daiana, Marilene, Daniele e Amanda. A organiza\u00e7\u00e3o vem atuando na comunidade h\u00e1 13 anos com entrega de cestas b\u00e1sicas e festas para as crian\u00e7as.<\/p>\n\n\n\n<figure class=\"wp-block-image size-large\"><img loading=\"lazy\" decoding=\"async\" width=\"1024\" height=\"683\" src=\"http:\/\/projetocineb.com.br\/wp-content\/uploads\/2023\/11\/image5-1024x683.png\" alt=\"\" class=\"wp-image-20303\" srcset=\"https:\/\/projetocineb.com.br\/wp-content\/uploads\/2023\/11\/image5-1024x683.png 1024w, https:\/\/projetocineb.com.br\/wp-content\/uploads\/2023\/11\/image5-300x200.png 300w, https:\/\/projetocineb.com.br\/wp-content\/uploads\/2023\/11\/image5-768x512.png 768w, https:\/\/projetocineb.com.br\/wp-content\/uploads\/2023\/11\/image5-840x560.png 840w, https:\/\/projetocineb.com.br\/wp-content\/uploads\/2023\/11\/image5-120x80.png 120w, https:\/\/projetocineb.com.br\/wp-content\/uploads\/2023\/11\/image5-360x240.png 360w, https:\/\/projetocineb.com.br\/wp-content\/uploads\/2023\/11\/image5-600x400.png 600w, https:\/\/projetocineb.com.br\/wp-content\/uploads\/2023\/11\/image5.png 1500w\" sizes=\"(max-width: 1024px) 100vw, 1024px\" \/><\/figure>\n\n\n\n<p>Abertura da sess\u00e3o contou com a diretoria do projeto Unidos Para o Bem Chaparral, o coordenador do <strong>CineB Solar<\/strong>, Cid\u00e1lio Vieira Santos e do assessor parlamentar Luiz Almeida, que trabalha no gabinete do Deputado Estadual Luiz Cl\u00e1udio Marcolino (PT-SP), idealizador do projeto de cinema.<\/p>\n\n\n\n<figure class=\"is-layout-flex wp-block-gallery-3 wp-block-gallery has-nested-images columns-default is-cropped\">\n<figure class=\"wp-block-image size-large\"><img loading=\"lazy\" decoding=\"async\" width=\"1024\" height=\"683\" data-id=\"20304\"  src=\"https:\/\/projetocineb.com.br\/wp-content\/uploads\/2023\/11\/image9-1024x683.png\" alt=\"\" class=\"wp-image-20304\" srcset=\"https:\/\/projetocineb.com.br\/wp-content\/uploads\/2023\/11\/image9-1024x683.png 1024w, https:\/\/projetocineb.com.br\/wp-content\/uploads\/2023\/11\/image9-300x200.png 300w, https:\/\/projetocineb.com.br\/wp-content\/uploads\/2023\/11\/image9-768x512.png 768w, https:\/\/projetocineb.com.br\/wp-content\/uploads\/2023\/11\/image9-840x560.png 840w, https:\/\/projetocineb.com.br\/wp-content\/uploads\/2023\/11\/image9-120x80.png 120w, https:\/\/projetocineb.com.br\/wp-content\/uploads\/2023\/11\/image9-360x240.png 360w, https:\/\/projetocineb.com.br\/wp-content\/uploads\/2023\/11\/image9-600x400.png 600w, https:\/\/projetocineb.com.br\/wp-content\/uploads\/2023\/11\/image9.png 1500w\" sizes=\"(max-width: 1024px) 100vw, 1024px\" \/><\/figure>\n\n\n\n<figure class=\"wp-block-image size-large\"><img loading=\"lazy\" decoding=\"async\" width=\"1024\" height=\"683\" data-id=\"20305\"  src=\"https:\/\/projetocineb.com.br\/wp-content\/uploads\/2023\/11\/image6-1024x683.png\" alt=\"\" class=\"wp-image-20305\" srcset=\"https:\/\/projetocineb.com.br\/wp-content\/uploads\/2023\/11\/image6-1024x683.png 1024w, https:\/\/projetocineb.com.br\/wp-content\/uploads\/2023\/11\/image6-300x200.png 300w, https:\/\/projetocineb.com.br\/wp-content\/uploads\/2023\/11\/image6-768x512.png 768w, https:\/\/projetocineb.com.br\/wp-content\/uploads\/2023\/11\/image6-840x560.png 840w, https:\/\/projetocineb.com.br\/wp-content\/uploads\/2023\/11\/image6-120x80.png 120w, https:\/\/projetocineb.com.br\/wp-content\/uploads\/2023\/11\/image6-360x240.png 360w, https:\/\/projetocineb.com.br\/wp-content\/uploads\/2023\/11\/image6-600x400.png 600w, https:\/\/projetocineb.com.br\/wp-content\/uploads\/2023\/11\/image6.png 1500w\" sizes=\"(max-width: 1024px) 100vw, 1024px\" \/><\/figure>\n\n\n\n<figure class=\"wp-block-image size-large\"><img loading=\"lazy\" decoding=\"async\" width=\"1024\" height=\"683\" data-id=\"20306\"  src=\"https:\/\/projetocineb.com.br\/wp-content\/uploads\/2023\/11\/image7-1024x683.png\" alt=\"\" class=\"wp-image-20306\" srcset=\"https:\/\/projetocineb.com.br\/wp-content\/uploads\/2023\/11\/image7-1024x683.png 1024w, https:\/\/projetocineb.com.br\/wp-content\/uploads\/2023\/11\/image7-300x200.png 300w, https:\/\/projetocineb.com.br\/wp-content\/uploads\/2023\/11\/image7-768x512.png 768w, https:\/\/projetocineb.com.br\/wp-content\/uploads\/2023\/11\/image7-840x560.png 840w, https:\/\/projetocineb.com.br\/wp-content\/uploads\/2023\/11\/image7-120x80.png 120w, https:\/\/projetocineb.com.br\/wp-content\/uploads\/2023\/11\/image7-360x240.png 360w, https:\/\/projetocineb.com.br\/wp-content\/uploads\/2023\/11\/image7-600x400.png 600w, https:\/\/projetocineb.com.br\/wp-content\/uploads\/2023\/11\/image7.png 1500w\" sizes=\"(max-width: 1024px) 100vw, 1024px\" \/><\/figure>\n\n\n\n<figure class=\"wp-block-image size-large\"><img loading=\"lazy\" decoding=\"async\" width=\"1024\" height=\"683\" data-id=\"20307\"  src=\"https:\/\/projetocineb.com.br\/wp-content\/uploads\/2023\/11\/image8-1024x683.png\" alt=\"\" class=\"wp-image-20307\" srcset=\"https:\/\/projetocineb.com.br\/wp-content\/uploads\/2023\/11\/image8-1024x683.png 1024w, https:\/\/projetocineb.com.br\/wp-content\/uploads\/2023\/11\/image8-300x200.png 300w, https:\/\/projetocineb.com.br\/wp-content\/uploads\/2023\/11\/image8-768x512.png 768w, https:\/\/projetocineb.com.br\/wp-content\/uploads\/2023\/11\/image8-840x560.png 840w, https:\/\/projetocineb.com.br\/wp-content\/uploads\/2023\/11\/image8-120x80.png 120w, https:\/\/projetocineb.com.br\/wp-content\/uploads\/2023\/11\/image8-360x240.png 360w, https:\/\/projetocineb.com.br\/wp-content\/uploads\/2023\/11\/image8-600x400.png 600w, https:\/\/projetocineb.com.br\/wp-content\/uploads\/2023\/11\/image8.png 1500w\" sizes=\"(max-width: 1024px) 100vw, 1024px\" \/><\/figure>\n<\/figure>\n\n\n\n<p>A sess\u00e3o contou com mais de 80 crian\u00e7as e adultos da comunidade, distribui\u00e7\u00e3o de pipocas com embalagens personalizadas do <strong>CineB Solar<\/strong>, sendo distribu\u00eddas mais de 200.<\/p>\n\n\n\n<p><strong>Agradecimentos<\/strong><\/p>\n\n\n\n<p>Agradecemos a todos da comunidade do bairro Penha que estiveram presentes na sess\u00e3o, \u00e0s integrantes do Projeto Unidos Para o Bem Chaparral, Daiana, Marilene, Daniele e Amanda.<\/p>\n\n\n\n<p>Veja abaixo, o depoimento de Daiana e Madalena sobre o <strong>CineB Solar<\/strong>:<\/p>\n\n\n\n<figure class=\"wp-block-video\"><video controls src=\"http:\/\/projetocineb.com.br\/wp-content\/uploads\/2023\/11\/01-4.mp4\"><\/video><\/figure>\n\n\n\n<p><strong>Mais sobre o CineB Solar<\/strong><\/p>\n\n\n\n<p><strong>CineB Solar<\/strong> \u00e9 um circuito itinerante de cinema realizado pelo Sindicato dos Banc\u00e1rios de S\u00e3o Paulo, Osasco e Regi\u00e3o e pela&nbsp;Brazucah&nbsp;Produ\u00e7\u00f5es. Desde 2007, o projeto j\u00e1 atingiu um p\u00fablico de&nbsp;85&nbsp;mil espectadores em mais de&nbsp;653&nbsp;sess\u00f5es gratuitas realizadas em comunidades e universidades de S\u00e3o Paulo. Percorremos&nbsp;cerca de&nbsp;160&nbsp;bairros&nbsp;da cidade de S\u00e3o Paulo&nbsp; e&nbsp;23 cidades&nbsp;fora de S\u00e3o Paulo.<\/p>\n\n\n\n<p>Ao longo destes 15 anos criamos o&nbsp;Selo&nbsp;<strong>CineB&nbsp;<\/strong>do cinema brasileiro , com&nbsp;4 DVDs&nbsp;que cont\u00e9m no total 18 curtas&nbsp; mais bem avaliados pelo projeto. No&nbsp;Pr\u00eamio&nbsp;CineB&nbsp;Solar do Cinema Brasileiro&nbsp;premiamos com trof\u00e9u&nbsp;&nbsp;217&nbsp; entidades&nbsp;e&nbsp;156 diretores dos filmes&nbsp;exibidos. A iniciativa busca democratizar o acesso ao cinema nacional e divulgar os filmes produzidos no Brasil.<\/p>\n\n\n\n<p>&nbsp;J\u00e1 foram exibidos na tela do <strong>Cineb Solar&nbsp;<\/strong>&nbsp;155&nbsp;longas-metragens e&nbsp;105&nbsp;curtas-metragens, al\u00e9m da realiza\u00e7\u00e3o de pr\u00e9-estreias exclusivas. Nesse momento de isolamento, para evitar aglomera\u00e7\u00f5es, nos reinventamos e preparamos novos projetos:&nbsp;<strong>CineB&nbsp;on-line<\/strong>,&nbsp;<strong>CineB&nbsp;Solar na Janela<\/strong> e&nbsp;<strong>CineBAutorama<\/strong>, a\u00e7\u00f5es para que todos possam ficar em casa e se divertir com uma sess\u00e3o de cinema.<\/p>\n\n\n\n<p><strong>Nas redes<\/strong><\/p>\n\n\n\n<p>Voc\u00ea j\u00e1 curtiu as nossas redes sociais do Projeto CineB Solar ?<\/p>\n\n\n\n<p>Instagram https<a href=\"https:\/\/instagram.com\/projeto_cinebsolar\">:\/\/instagram.com\/projeto_cinebsolar<\/a><\/p>\n\n\n\n<p>Tiktok: https:<a href=\"https:\/\/www.tiktok.com\/@cineb.solar\">\/\/www.tiktok.com\/@cineb.solar<\/a><\/p>\n\n\n\n<p>Facebook: https:<a href=\"https:\/\/www.facebook.com\/@cinebsolar\">\/\/www.facebook.com\/@cinebsolar<\/a><\/p>\n\n\n\n<p>Youtube:<a href=\"https:\/\/projetocineb.com.br\/?page_id=19674\"> <\/a><a href=\"https:\/\/www.youtube.com\/@CineBSolar\">youtube.com.br\/cinebsolar INSCREVA no nosso canal<\/a><\/p>\n\n\n\n<p><\/p>\n","protected":false},"excerpt":{"rendered":"<p>Mais de 80 pessoas, a maioria crian\u00e7as, prestigiaram a sess\u00e3o de cinema Sess\u00e3o exibida em: 27 de outubro de 2023[&#8230;]<\/p>\n","protected":false},"author":4,"featured_media":20291,"comment_status":"open","ping_status":"open","sticky":false,"template":"","format":"standard","meta":[],"categories":[2,6,7],"tags":[],"_links":{"self":[{"href":"https:\/\/projetocineb.com.br\/index.php?rest_route=\/wp\/v2\/posts\/20297"}],"collection":[{"href":"https:\/\/projetocineb.com.br\/index.php?rest_route=\/wp\/v2\/posts"}],"about":[{"href":"https:\/\/projetocineb.com.br\/index.php?rest_route=\/wp\/v2\/types\/post"}],"author":[{"embeddable":true,"href":"https:\/\/projetocineb.com.br\/index.php?rest_route=\/wp\/v2\/users\/4"}],"replies":[{"embeddable":true,"href":"https:\/\/projetocineb.com.br\/index.php?rest_route=%2Fwp%2Fv2%2Fcomments&post=20297"}],"version-history":[{"count":6,"href":"https:\/\/projetocineb.com.br\/index.php?rest_route=\/wp\/v2\/posts\/20297\/revisions"}],"predecessor-version":[{"id":20312,"href":"https:\/\/projetocineb.com.br\/index.php?rest_route=\/wp\/v2\/posts\/20297\/revisions\/20312"}],"wp:featuredmedia":[{"embeddable":true,"href":"https:\/\/projetocineb.com.br\/index.php?rest_route=\/wp\/v2\/media\/20291"}],"wp:attachment":[{"href":"https:\/\/projetocineb.com.br\/index.php?rest_route=%2Fwp%2Fv2%2Fmedia&parent=20297"}],"wp:term":[{"taxonomy":"category","embeddable":true,"href":"https:\/\/projetocineb.com.br\/index.php?rest_route=%2Fwp%2Fv2%2Fcategories&post=20297"},{"taxonomy":"post_tag","embeddable":true,"href":"https:\/\/projetocineb.com.br\/index.php?rest_route=%2Fwp%2Fv2%2Ftags&post=20297"}],"curies":[{"name":"wp","href":"https:\/\/api.w.org\/{rel}","templated":true}]}}