{"id":2031,"date":"2011-04-17T22:24:31","date_gmt":"2011-04-18T01:24:31","guid":{"rendered":"http:\/\/projetocineb.com.br\/?p=2031"},"modified":"2011-04-17T22:24:31","modified_gmt":"2011-04-18T01:24:31","slug":"sindicato-lanca-curta-metragem-ao-vivo-no-cafe-dos-bancarios","status":"publish","type":"post","link":"https:\/\/projetocineb.com.br\/?p=2031","title":{"rendered":"Sindicato lan\u00e7a curta-metragem ao vivo no Caf\u00e9 dos Banc\u00e1rios"},"content":{"rendered":"<p><span style=\"color: #ff6600;\">O Sindicato dos Banc\u00e1rios de S\u00e3o Paulo, Osasco e Regi\u00e3o completa no dia 16 de abril 88 anos de hist\u00f3ria.<\/span> Para comemorar a data, a entidade preparou uma s\u00e9rie de atividades como o <span style=\"color: #ff6600;\">lan\u00e7amento de curta-metragem, reinaugura\u00e7\u00e3o do Centro de Forma\u00e7\u00e3o Profissional, lan\u00e7amento do novo site, Quiz Sindical com direito a pr\u00eamios e\u00a0o III Desafio dos Trabalhadores de Osasco, corrida que acontece no dia 1\u00ba de Maio.<\/span><\/p>\n<p><strong>Curta-metragem \u2013<\/strong> <span style=\"color: #ff6600;\">Para retratar a import\u00e2ncia dos direitos da categoria no dia a dia dos banc\u00e1rios, o Sindicato produziu uma fic\u00e7\u00e3o<\/span> de poucos mais de tr\u00eas minutos em comemora\u00e7\u00e3o aos 88 anos de anivers\u00e1rio da entidade. O Curta-metragem <span style=\"color: #ff6600;\">elaborado pelo Sindicato e produzido pela ViaTv<\/span>, ser\u00e1 lan\u00e7ado, nesta <span style=\"color: #ff6600;\">segunda-feira 18, a partir das 20h<\/span>, no Momento Banc\u00e1rio em Debate, programa de webtv apresentado pela presidenta do Sindicato Juvandia Moreira.<\/p>\n<p><span style=\"color: #ff6600;\">Confira making o curta dos 88 anos do Sindicato:<\/span> <a href=\"http:\/\/www.youtube.com\/watch?v=wAHLcBfWnmI\" target=\"_blank\">http:\/\/www.youtube.com\/watch?v=wAHLcBfWnmI<\/a><\/p>\n<p>Em edi\u00e7\u00e3o comemorativa ao anivers\u00e1rio da entidade, <span style=\"color: #ff6600;\">o Momento Banc\u00e1rio em Debate ser\u00e1 realizado diretamente do Gr\u00eamio Recreativo Caf\u00e9 dos Banc\u00e1rios, e transmitido ao vivo, no site do <a href=\"www.spbancarios.com.br\" target=\"_blank\">Sindicato<\/a><\/span>.<\/p>\n<p><strong>Quiz Sindical<\/strong> \u2013 Por meio dessa iniciativa o Sindicato j\u00e1 <span style=\"color: #000000;\">sorteou ingresso dos shows do U2, Zeca Pagodinho e Maria Rita<\/span>. O instrumento de Combate ao Ass\u00e9dio Moral, conquistado ano passado, \u00e9 o tema do quarto quiz de comemora\u00e7\u00e3o. <span style=\"color: #ff6600;\">Os sindicalizados que acertarem a resposta concorrer\u00e3o a um par de ingressos para o show de Nando Reis, no Credicard Hall<\/span>.<\/p>\n<p><span style=\"color: #ff6600;\">O segundo pr\u00eamio \u00e9 uma entrada VIP no Caf\u00e9 dos Banc\u00e1rios, com consuma\u00e7\u00e3o de R$ 100 para o sindicalizado<\/span>, que poder\u00e1 levar convidados. <span style=\"color: #ff6600;\">O terceiro \u00e9 um par de ingressos para um dos parques de divers\u00f5es que o Sindicato tem conv\u00eanio, e o quarto e quinto pr\u00eamios s\u00e3o pares de ingressos para o Cinemark.<\/span><\/p>\n<p>O <span style=\"color: #ff6600;\">sorteio ser\u00e1 na segunda-feira 18<\/span>, ao vivo, durante o <span style=\"color: #ff6600;\">programa Momento Banc\u00e1rio em Debate<\/span> especial dos 88 anos, a partir das 20h. Resultado poder\u00e1 se visto pelo\u00a0<a href=\"http:\/\/www.spbancarios.com.br\/\" target=\"_blank\">www.spbancarios.com.br<\/a> .<\/p>\n<p>Para participar, o banc\u00e1rio deve mandar um mensagem para\u00a0<a href=\"http:\/\/www.spbancarios.com.br\/fale.asp?s=188\" target=\"_blank\">http:\/\/www.spbancarios.com.br\/fale.asp?s=188<\/a> preenchendo o formul\u00e1rio com nome completo, matr\u00edcula sindical e telefone para contato. Colocar a palavra \u201cQuiz\u201d no campo \u201cassunto\u201d.<\/p>\n<p>A pergunta da vez \u00e9: <span style=\"color: #ff6600;\">&#8220;Est\u00e1 garantido o sigilo do banc\u00e1rio que denunciar irregularidades ao Programa de Combate ao Ass\u00e9dio Moral, recente conquistado dos banc\u00e1rios?&#8221;<\/span><\/p>\n<p>a) Sim, est\u00e1 garantido o sigilo total e o banco n\u00e3o tem como saber o nome do denunciante.<\/p>\n<p>b) N\u00e3o, o banc\u00e1rio que faz a den\u00fancia deve identificar-se ao Sindicato e ao banco.<\/p>\n<p>c) N\u00e3o, o banc\u00e1rio que faz a den\u00fancia deve identificar-se ao banco.<br \/>\n<strong>Corrida &#8211; <\/strong>Tamb\u00e9m est\u00e1 na agenda de comemora\u00e7\u00f5es, o <span style=\"color: #ff6600;\">III Desafio dos Trabalhadores de Osasco<\/span><span style=\"color: #ff6600;\">, corrida que acontece no dia 1\u00ba de Maio<\/span>. O Sindicato reservou <span style=\"color: #ff6600;\">500 vagas gratuitas para os sindicalizados e outras 1.500 vagas para n\u00e3o s\u00f3cios e p\u00fablico geral com inscri\u00e7\u00f5es no valor de R$ 40<\/span>.<\/p>\n<p>Os participantes <span style=\"color: #ff6600;\">poder\u00e3o escolher o percurso, 4 km e 8 km para corrida e, 4 km para caminhada<\/span>. Haver\u00e1 premia\u00e7\u00e3o geral e para os banc\u00e1rios participantes, kits, medalhas, sorteio de brindes dentre outros. <span style=\"color: #ff6600;\">A largada ser\u00e1 \u00e0s 9h em frente \u00e0 Prefeitura<\/span>.<\/p>\n","protected":false},"excerpt":{"rendered":"<p>O Sindicato dos Banc\u00e1rios de S\u00e3o Paulo, Osasco e Regi\u00e3o completa no dia 16 de abril 88 anos de hist\u00f3ria.[&#8230;]<\/p>\n","protected":false},"author":2,"featured_media":0,"comment_status":"open","ping_status":"open","sticky":false,"template":"","format":"standard","meta":[],"categories":[10],"tags":[24,349,1132],"_links":{"self":[{"href":"https:\/\/projetocineb.com.br\/index.php?rest_route=\/wp\/v2\/posts\/2031"}],"collection":[{"href":"https:\/\/projetocineb.com.br\/index.php?rest_route=\/wp\/v2\/posts"}],"about":[{"href":"https:\/\/projetocineb.com.br\/index.php?rest_route=\/wp\/v2\/types\/post"}],"author":[{"embeddable":true,"href":"https:\/\/projetocineb.com.br\/index.php?rest_route=\/wp\/v2\/users\/2"}],"replies":[{"embeddable":true,"href":"https:\/\/projetocineb.com.br\/index.php?rest_route=%2Fwp%2Fv2%2Fcomments&post=2031"}],"version-history":[{"count":0,"href":"https:\/\/projetocineb.com.br\/index.php?rest_route=\/wp\/v2\/posts\/2031\/revisions"}],"wp:attachment":[{"href":"https:\/\/projetocineb.com.br\/index.php?rest_route=%2Fwp%2Fv2%2Fmedia&parent=2031"}],"wp:term":[{"taxonomy":"category","embeddable":true,"href":"https:\/\/projetocineb.com.br\/index.php?rest_route=%2Fwp%2Fv2%2Fcategories&post=2031"},{"taxonomy":"post_tag","embeddable":true,"href":"https:\/\/projetocineb.com.br\/index.php?rest_route=%2Fwp%2Fv2%2Ftags&post=2031"}],"curies":[{"name":"wp","href":"https:\/\/api.w.org\/{rel}","templated":true}]}}