{"id":20315,"date":"2023-11-16T20:24:31","date_gmt":"2023-11-16T23:24:31","guid":{"rendered":"https:\/\/projetocineb.com.br\/?p=20315"},"modified":"2024-07-20T21:53:19","modified_gmt":"2024-07-21T00:53:19","slug":"cineb-solar-realiza-sessoes-gratuitas-com-exibicao-de-curtas-infantis-com-o-tema-da-consciencia-negra-e-do-filme-o-auto-da-boa-mentira","status":"publish","type":"post","link":"https:\/\/projetocineb.com.br\/?p=20315","title":{"rendered":"CineB Solar realiza sess\u00f5es gratuitas\u00a0 com exibi\u00e7\u00e3o de \u201cCURTAS INFANTIS, com o tema da consci\u00eancia negra e do filme\u00a0 \u201cO AUTO DA BOA MENTIRA\u201d"},"content":{"rendered":"\n<p><em>Novembro \u00e9 m\u00eas da Consci\u00eancia Negra e o CineB Solar est\u00e1 antenado<\/em><\/p>\n\n\n\n<figure class=\"wp-block-image size-large\"><img fetchpriority=\"high\" decoding=\"async\" width=\"1024\" height=\"526\" src=\"https:\/\/projetocineb.com.br\/wp-content\/uploads\/2023\/11\/CN-cineb-1024x526.jpeg\" alt=\"\" class=\"wp-image-20316\" srcset=\"https:\/\/projetocineb.com.br\/wp-content\/uploads\/2023\/11\/CN-cineb-1024x526.jpeg 1024w, https:\/\/projetocineb.com.br\/wp-content\/uploads\/2023\/11\/CN-cineb-300x154.jpeg 300w, https:\/\/projetocineb.com.br\/wp-content\/uploads\/2023\/11\/CN-cineb-768x395.jpeg 768w, https:\/\/projetocineb.com.br\/wp-content\/uploads\/2023\/11\/CN-cineb-1536x790.jpeg 1536w, https:\/\/projetocineb.com.br\/wp-content\/uploads\/2023\/11\/CN-cineb.jpeg 1599w\" sizes=\"(max-width: 1024px) 100vw, 1024px\" \/><\/figure>\n\n\n\n<p><\/p>\n\n\n\n<p>O <strong>CineB Solar<\/strong>, um projeto de cinema itinerante realizado pelo Sindicato dos Banc\u00e1rios de S\u00e3o Paulo Osasco e Regi\u00e3o, realizar\u00e1, no m\u00eas de novembro, diversas sess\u00f5es de filmes brasileiros em bairros da capital de S\u00e3o Paulo. Comemorando o m\u00eas da Consci\u00eancia Negra exibindo curtas-metragens que abordam o tema.<\/p>\n\n\n\n<p>As sess\u00f5es s\u00e3o gratuitas. E a pipoca tamb\u00e9m!<\/p>\n\n\n\n<p>Ser\u00e3o 4 sess\u00f5es. Duas com \u201cCurtas Infantis\u201d \u2013 em homenagem ao m\u00eas das Consci\u00eancia Negra no Jardim Celeste, na zona Oeste de S\u00e3o Paulo (dia 24) e no Parque Nove Mundo, zona Norte de S\u00e3o Paulo (dia 25).&nbsp;<\/p>\n\n\n\n<p>E outras duas com o filme \u201cO Auto da Boa Mentira\u201d na E.E. Professor Leopoldo Santana, na zona Sul de S\u00e3o Paulo (dia 23) e no Jardim Peri, zona Norte de S\u00e3o Paulo (dia 29).<\/p>\n\n\n\n<p><strong>Sobre os filmes<\/strong> :<\/p>\n\n\n\n<p>\u201cO Auto da Boa Mentira\u201d<\/p>\n\n\n\n<figure class=\"wp-block-image size-large\"><img decoding=\"async\" width=\"706\" height=\"1024\" src=\"https:\/\/projetocineb.com.br\/wp-content\/uploads\/2023\/11\/auto-da-boa-706x1024.jpeg\" alt=\"\" class=\"wp-image-20319\" srcset=\"https:\/\/projetocineb.com.br\/wp-content\/uploads\/2023\/11\/auto-da-boa-706x1024.jpeg 706w, https:\/\/projetocineb.com.br\/wp-content\/uploads\/2023\/11\/auto-da-boa-207x300.jpeg 207w, https:\/\/projetocineb.com.br\/wp-content\/uploads\/2023\/11\/auto-da-boa-768x1114.jpeg 768w, https:\/\/projetocineb.com.br\/wp-content\/uploads\/2023\/11\/auto-da-boa.jpeg 942w\" sizes=\"(max-width: 706px) 100vw, 706px\" \/><\/figure>\n\n\n\n<p>Baseado na obra do aclamado escritor Ariano Suassuna, o Auto da Boa Mentira \u00e9 um filme sobre a mentira. Em quatro contos do autor, conhecemos um subgerente de RH (Leandro Hassum) que \u00e9 confundido com um comediante, um jovem que n\u00e3o acredita em nada, mas fica intrigado quando ouve um mist\u00e9rio circense envolvendo sua m\u00e3e, um gringo que inventa que foi assaltado para se livrar de ir a uma festa e o preconceito com quem nunca foi \u00e0 Disney.<\/p>\n\n\n\n<p>classifica\u00e7\u00e3o: 12 anos<\/p>\n\n\n\n<figure class=\"wp-block-embed is-type-video is-provider-youtube wp-block-embed-youtube wp-embed-aspect-16-9 wp-has-aspect-ratio\"><div class=\"wp-block-embed__wrapper\">\n<iframe title=\"O Auto da Boa Mentira | Trailer Oficial\" width=\"840\" height=\"473\" src=\"https:\/\/www.youtube.com\/embed\/6pKvuKQ2pIg?start=22&#038;feature=oembed\" frameborder=\"0\" allow=\"accelerometer; autoplay; clipboard-write; encrypted-media; gyroscope; picture-in-picture; web-share\" allowfullscreen><\/iframe>\n<\/div><\/figure>\n\n\n\n<p><\/p>\n\n\n\n<p><strong>Os Curtas Infantis<\/strong><\/p>\n\n\n\n<figure class=\"wp-block-image size-large\"><img decoding=\"async\" width=\"691\" height=\"1024\" src=\"https:\/\/projetocineb.com.br\/wp-content\/uploads\/2023\/11\/curtas-691x1024.jpeg\" alt=\"\" class=\"wp-image-20324\" srcset=\"https:\/\/projetocineb.com.br\/wp-content\/uploads\/2023\/11\/curtas-691x1024.jpeg 691w, https:\/\/projetocineb.com.br\/wp-content\/uploads\/2023\/11\/curtas-203x300.jpeg 203w, https:\/\/projetocineb.com.br\/wp-content\/uploads\/2023\/11\/curtas-768x1138.jpeg 768w, https:\/\/projetocineb.com.br\/wp-content\/uploads\/2023\/11\/curtas-1037x1536.jpeg 1037w, https:\/\/projetocineb.com.br\/wp-content\/uploads\/2023\/11\/curtas.jpeg 1080w\" sizes=\"(max-width: 691px) 100vw, 691px\" \/><\/figure>\n\n\n\n<p>Classifica\u00e7\u00e3o dos filmes : LIVRE<\/p>\n\n\n\n<p>1-Dud\u00fa e o L\u00e1pis Cor da Pele<\/p>\n\n\n\n<p>Dura\u00e7\u00e3o: 19m<\/p>\n\n\n\n<p>Sinopse: Dudu \u00e9 um garoto negro, inteligente e imaginativo, estudante de um col\u00e9gio particular da classe m\u00e9dia de S\u00e3o Paulo. Durante uma aula de educa\u00e7\u00e3o art\u00edstica, sua professora, S\u00f4nia, diz a ele que utilize o que ela chama de &#8220;l\u00e1pis cor da pele&#8221; para pintar um desenho. A frase desperta em Dudu uma crise de identidade.<\/p>\n\n\n\n<figure class=\"wp-block-embed is-type-video is-provider-youtube wp-block-embed-youtube wp-embed-aspect-16-9 wp-has-aspect-ratio\"><div class=\"wp-block-embed__wrapper\">\n<iframe title=\"Teaser &quot;D\u00fad\u00fa e o L\u00e1pis Cor da Pele&quot;\" width=\"840\" height=\"473\" src=\"https:\/\/www.youtube.com\/embed\/MSH3O3YpmfM?feature=oembed\" frameborder=\"0\" allow=\"accelerometer; autoplay; clipboard-write; encrypted-media; gyroscope; picture-in-picture; web-share\" allowfullscreen><\/iframe>\n<\/div><\/figure>\n\n\n\n<p>2- &nbsp; &nbsp; 5 FITAS<\/p>\n\n\n\n<p>Dura\u00e7\u00e3o : 15m<\/p>\n\n\n\n<p>Sinopse:Em Salvador (Brasil), todo ano acontece a grande e tradicional festa para Senhor do Bonfim, onde fi\u00e9is, turistas e foli\u00f5es, peregrinam at\u00e9 a famosa igreja para amarrar fitas e fazer pedidos.<\/p>\n\n\n\n<figure class=\"wp-block-embed is-type-video is-provider-youtube wp-block-embed-youtube wp-embed-aspect-4-3 wp-has-aspect-ratio\"><div class=\"wp-block-embed__wrapper\">\n<iframe title=\"[Trailer] 5 fitas - Heraldo de Deus e Vilma Martins\" width=\"840\" height=\"630\" src=\"https:\/\/www.youtube.com\/embed\/SHuCEOsebaU?feature=oembed\" frameborder=\"0\" allow=\"accelerometer; autoplay; clipboard-write; encrypted-media; gyroscope; picture-in-picture; web-share\" allowfullscreen><\/iframe>\n<\/div><\/figure>\n\n\n\n<p><\/p>\n\n\n\n<p>3- O MENINO DA GAMBOA<\/p>\n\n\n\n<p>Dura\u00e7\u00e3o:&nbsp; 14m<\/p>\n\n\n\n<p>Sinopse: Gum \u00e9 uma crian\u00e7a de 9 anos nativa da praia da Gamboa. Ele nutre profunda admira\u00e7\u00e3o por seu irm\u00e3o mais velho, carregador de malas dos turistas. De um jeito particular, ele inventa uma maneira de ser como seu irm\u00e3o.<\/p>\n\n\n\n<figure class=\"wp-block-embed is-type-video is-provider-youtube wp-block-embed-youtube wp-embed-aspect-16-9 wp-has-aspect-ratio\"><div class=\"wp-block-embed__wrapper\">\n<iframe title=\"[Making of] Menino da Gamboa  - Pedro Perazzo e Rodrigo Luna\" width=\"840\" height=\"473\" src=\"https:\/\/www.youtube.com\/embed\/K5sWv0_gsO4?feature=oembed\" frameborder=\"0\" allow=\"accelerometer; autoplay; clipboard-write; encrypted-media; gyroscope; picture-in-picture; web-share\" allowfullscreen><\/iframe>\n<\/div><\/figure>\n\n\n\n<p><\/p>\n\n\n\n<p>4- Lily&#8217;s Hair<\/p>\n\n\n\n<p>Dura\u00e7\u00e3o: 14m<\/p>\n\n\n\n<p>Sinopse: Lily \u00e9 uma garota negra que n\u00e3o gosta de seus cabelos. Com a ajuda de Caio, seu amigo cadeirante, tenta ter os cabelos do jeito que sempre sonhou.<\/p>\n\n\n\n<figure class=\"wp-block-embed is-type-video is-provider-youtube wp-block-embed-youtube wp-embed-aspect-16-9 wp-has-aspect-ratio\"><div class=\"wp-block-embed__wrapper\">\n <iframe title=\"[Trailer] Lily&#039;s Hair  - Raphael Gustavo da Silva\" width=\"840\" height=\"473\" src=\"https:\/\/www.youtube.com\/embed\/wggdAgQKG2o?feature=oembed\" frameborder=\"0\" allow=\"accelerometer; autoplay; clipboard-write; encrypted-media; gyroscope; picture-in-picture; web-share\" allowfullscreen><\/iframe>\n<\/div><\/figure>\n\n\n\n<p>5- Garotas espertas<\/p>\n\n\n\n<p>Dura\u00e7\u00e3o: 5m21<\/p>\n\n\n\n<p>Sinopse: Voc\u00ea \u00e9 boa de Matem\u00e1tica? Saiba ent\u00e3o que Katherine Johnson foi simplesmente a maior calculista da NASA durante o in\u00edcio da jornada espacial.<\/p>\n\n\n\n<figure class=\"wp-block-embed is-type-video is-provider-youtube wp-block-embed-youtube wp-embed-aspect-16-9 wp-has-aspect-ratio\"><div class=\"wp-block-embed__wrapper\">\n<iframe title=\"Garotas Espertas - Temporada 1 - Trailer\" width=\"840\" height=\"473\" src=\"https:\/\/www.youtube.com\/embed\/lYdDoUt-1ms?feature=oembed\" frameborder=\"0\" allow=\"accelerometer; autoplay; clipboard-write; encrypted-media; gyroscope; picture-in-picture; web-share\" allowfullscreen><\/iframe>\n<\/div><\/figure>\n\n\n\n<p>6- F\u00e1bula de V\u00f3 Ita<\/p>\n\n\n\n<p>Dura\u00e7\u00e3o: 5m5<\/p>\n\n\n\n<p>Sinopse: Gisa tem um cabelo cheio de vida e personalidade, mas seus colegas da escola vivem debochando dela por conta disso.<\/p>\n\n\n\n<figure class=\"wp-block-embed is-type-video is-provider-youtube wp-block-embed-youtube wp-embed-aspect-16-9 wp-has-aspect-ratio\"><div class=\"wp-block-embed__wrapper\">\n<iframe title=\"CATARSE \/ FABULA DE V\u00d3 ITA\" width=\"840\" height=\"473\" src=\"https:\/\/www.youtube.com\/embed\/uXiAJ2OkEEM?feature=oembed\" frameborder=\"0\" allow=\"accelerometer; autoplay; clipboard-write; encrypted-media; gyroscope; picture-in-picture; web-share\" allowfullscreen><\/iframe>\n<\/div><\/figure>\n\n\n\n<p>7- Dela<\/p>\n\n\n\n<p>Dura\u00e7\u00e3o: 8m15<\/p>\n\n\n\n<p>Sinopse: Dela mora na Ilha de Itaparica com seu pai, Agenor. Na escola nova, os colegas acham seu nome estranho e seu cabelo esquisito.<\/p>\n\n\n\n<figure class=\"wp-block-embed is-type-video is-provider-youtube wp-block-embed-youtube wp-embed-aspect-16-9 wp-has-aspect-ratio\"><div class=\"wp-block-embed__wrapper\">\n<iframe title=\"Dela (Vers\u00e3o com Audiodescri\u00e7\u00e3o)\" width=\"840\" height=\"473\" src=\"https:\/\/www.youtube.com\/embed\/7kx8w2yzW6s?feature=oembed\" frameborder=\"0\" allow=\"accelerometer; autoplay; clipboard-write; encrypted-media; gyroscope; picture-in-picture; web-share\" allowfullscreen><\/iframe>\n<\/div><\/figure>\n\n\n\n<p><strong>Mais sobre o CineB Solar<\/strong><\/p>\n\n\n\n<p>O<strong> CineB Solar<\/strong> \u00e9 um circuito itinerante de cinema realizado pelo Sindicato dos Banc\u00e1rios de S\u00e3o Paulo, Osasco e Regi\u00e3o e pela Brazucah Produ\u00e7\u00f5es. Desde 2007, o projeto j\u00e1 atingiu um p\u00fablico de 88 mil espectadores em mais de 697 sess\u00f5es gratuitas realizadas em comunidades e universidades de S\u00e3o Paulo. Percorremos cerca de 164 bairros da cidade de S\u00e3o Paulo&nbsp; e 23 cidades fora de S\u00e3o Paulo. J\u00e1 foram exibidos na tela do <strong>CineB Solar<\/strong> 163 longas-metragens e 109 curtas-metragens, sendo tamb\u00e9m realizadas pr\u00e9-estreias exclusivas.<\/p>\n\n\n\n<p><strong>Servi\u00e7o:<\/strong><\/p>\n\n\n\n<p><strong>CINEMA BRASILEIRO NO E.E.PROFESSOR LEOPOLDO SANTANA<\/strong><\/p>\n\n\n\n<p>DIA: 23&nbsp; DE NOVEMBRO \u2013&nbsp; QUINTA- FEIRA &#8211;&nbsp; \u00c0S 19H<\/p>\n\n\n\n<p>LOCAL : NO P\u00c1TIO DA ESCOLA<\/p>\n\n\n\n<p>ENDERE\u00c7O: RUA MANUEL DUARTE DE OLIVEIRA,151 \u2013 Cap\u00e3o Redondo<\/p>\n\n\n\n<p>RETIRADA DE CONVITES: na secretaria da escola<\/p>\n\n\n\n<p>INFORMA\u00c7\u00d5ES: e-mail:producaocineb@brazucah.com.br<\/p>\n\n\n\n<p><strong>CINEMA BRASILEIRO NO JARDIM CELESTE<\/strong><\/p>\n\n\n\n<p>DIA: 24&nbsp; DE NOVEMBRO \u2013&nbsp; SEXTA-FEIRA &#8211;&nbsp; \u00c0S 19H<\/p>\n\n\n\n<p>LOCAL: Associa\u00e7\u00e3o Comunit\u00e1ria Amigos do Gelo\u2002\u2002<\/p>\n\n\n\n<p>&nbsp;ENDERE\u00c7O: Rua Sebasti\u00e3o Ant\u00f4nio 350<\/p>\n\n\n\n<p>RETIRADA DE CONVITES: com Gorete<\/p>\n\n\n\n<p>INFORMA\u00c7\u00d5ES: e-mail:producaocineb@brazucah.com.br<\/p>\n\n\n\n<p><strong>CINEMA BRASILEIRO NO PQ. NOVO MUNDO<\/strong><\/p>\n\n\n\n<p>DIA: 25 DE NOVEMBRO S\u00c1BADO &#8211; \u00c0S 19HS<\/p>\n\n\n\n<p>LOCAL: AO AR LIVRE&nbsp; Rua Giuseppe Marino, 180<\/p>\n\n\n\n<p>RETIRADA DE CONVITES: Maeli,Sirlene ou Regiane<\/p>\n\n\n\n<p>Caso chova a sess\u00e3o ser\u00e1 dentro da escola C\u00e9lia Regina, na Rua Giuseppe Marino 177, Parque Novo Mundo<\/p>\n\n\n\n<p><strong>CINEMA BRASILEIRO NO JARDIM PERI<\/strong><\/p>\n\n\n\n<p>DIA:&nbsp; 29&nbsp; DE NOVEMBRO &#8211;&nbsp; QUARTA-FEIRA &#8211;&nbsp; \u00c0S 19H<\/p>\n\n\n\n<p>LOCAL: Par\u00f3quia Nossa Senhora da Penha<\/p>\n\n\n\n<p>ENDERE\u00c7O:&nbsp; Pra\u00e7a Helv\u00e9cio Gomes de Oliveira,n.2- Jardim Peri<\/p>\n\n\n\n<p>RETIRADA DE CONVITES: Falar com a Professora Gra\u00e7a<\/p>\n\n\n\n<p><strong>Nas redes&nbsp;<\/strong><\/p>\n\n\n\n<p>Voc\u00ea j\u00e1 curtiu as nossas redes sociais do Projeto CineB Solar?<\/p>\n\n\n\n<p> <p>Instagram https<a href=\"https:\/\/instagram.com\/projeto_cinebsolar\">:\/\/instagram.com\/projeto_cinebsolar<\/a><\/p>   <p>Tiktok: https:<a href=\"https:\/\/www.tiktok.com\/@cineb.solar\">\/\/www.tiktok.com\/@cineb.solar<\/a><\/p>   <p>Facebook: https:<a href=\"https:\/\/www.facebook.com\/@cinebsolar\">\/\/www.facebook.com\/@cinebsolar<\/a><\/p>   <p>Youtube:<a href=\"https:\/\/projetocineb.com.br\/?page_id=19674\"> <\/a><a href=\"https:\/\/www.youtube.com\/@CineBSolar\">youtube.com.br\/cinebsolar INSCREVA no nosso canal<\/a><\/p> <\/p>\n\n\n\n<p><\/p>\n","protected":false},"excerpt":{"rendered":"<p>Novembro \u00e9 m\u00eas da Consci\u00eancia Negra e o CineB Solar est\u00e1 antenado O CineB Solar, um projeto de cinema itinerante[&#8230;]<\/p>\n","protected":false},"author":4,"featured_media":20316,"comment_status":"open","ping_status":"open","sticky":false,"template":"","format":"standard","meta":[],"categories":[2,1288,6,7],"tags":[],"_links":{"self":[{"href":"https:\/\/projetocineb.com.br\/index.php?rest_route=\/wp\/v2\/posts\/20315"}],"collection":[{"href":"https:\/\/projetocineb.com.br\/index.php?rest_route=\/wp\/v2\/posts"}],"about":[{"href":"https:\/\/projetocineb.com.br\/index.php?rest_route=\/wp\/v2\/types\/post"}],"author":[{"embeddable":true,"href":"https:\/\/projetocineb.com.br\/index.php?rest_route=\/wp\/v2\/users\/4"}],"replies":[{"embeddable":true,"href":"https:\/\/projetocineb.com.br\/index.php?rest_route=%2Fwp%2Fv2%2Fcomments&post=20315"}],"version-history":[{"count":7,"href":"https:\/\/projetocineb.com.br\/index.php?rest_route=\/wp\/v2\/posts\/20315\/revisions"}],"predecessor-version":[{"id":20326,"href":"https:\/\/projetocineb.com.br\/index.php?rest_route=\/wp\/v2\/posts\/20315\/revisions\/20326"}],"wp:featuredmedia":[{"embeddable":true,"href":"https:\/\/projetocineb.com.br\/index.php?rest_route=\/wp\/v2\/media\/20316"}],"wp:attachment":[{"href":"https:\/\/projetocineb.com.br\/index.php?rest_route=%2Fwp%2Fv2%2Fmedia&parent=20315"}],"wp:term":[{"taxonomy":"category","embeddable":true,"href":"https:\/\/projetocineb.com.br\/index.php?rest_route=%2Fwp%2Fv2%2Fcategories&post=20315"},{"taxonomy":"post_tag","embeddable":true,"href":"https:\/\/projetocineb.com.br\/index.php?rest_route=%2Fwp%2Fv2%2Ftags&post=20315"}],"curies":[{"name":"wp","href":"https:\/\/api.w.org\/{rel}","templated":true}]}}