{"id":20329,"date":"2023-11-21T19:28:54","date_gmt":"2023-11-21T22:28:54","guid":{"rendered":"https:\/\/projetocineb.com.br\/?p=20329"},"modified":"2024-07-20T21:53:04","modified_gmt":"2024-07-21T00:53:04","slug":"cineb-universidade-exibe-filme-jair-rodrigues-deixa-que-digam-na-fam","status":"publish","type":"post","link":"https:\/\/projetocineb.com.br\/?p=20329","title":{"rendered":"CineB Universidade exibe filme \u201cJair Rodrigues &#8211; Deixa que Digam\u201d na FAM"},"content":{"rendered":"\n<p><em>Alunos e professores da universidade prestigiaram o evento&nbsp;<\/em><\/p>\n\n\n\n<figure class=\"wp-block-image size-large\"><img fetchpriority=\"high\" decoding=\"async\" width=\"1024\" height=\"683\" src=\"http:\/\/projetocineb.com.br\/wp-content\/uploads\/2023\/11\/WhatsApp-Image-2023-11-14-at-22.45.23-1024x683.jpeg\" alt=\"\" class=\"wp-image-20330\" srcset=\"https:\/\/projetocineb.com.br\/wp-content\/uploads\/2023\/11\/WhatsApp-Image-2023-11-14-at-22.45.23-1024x683.jpeg 1024w, https:\/\/projetocineb.com.br\/wp-content\/uploads\/2023\/11\/WhatsApp-Image-2023-11-14-at-22.45.23-300x200.jpeg 300w, https:\/\/projetocineb.com.br\/wp-content\/uploads\/2023\/11\/WhatsApp-Image-2023-11-14-at-22.45.23-768x512.jpeg 768w, https:\/\/projetocineb.com.br\/wp-content\/uploads\/2023\/11\/WhatsApp-Image-2023-11-14-at-22.45.23-840x560.jpeg 840w, https:\/\/projetocineb.com.br\/wp-content\/uploads\/2023\/11\/WhatsApp-Image-2023-11-14-at-22.45.23-120x80.jpeg 120w, https:\/\/projetocineb.com.br\/wp-content\/uploads\/2023\/11\/WhatsApp-Image-2023-11-14-at-22.45.23-360x240.jpeg 360w, https:\/\/projetocineb.com.br\/wp-content\/uploads\/2023\/11\/WhatsApp-Image-2023-11-14-at-22.45.23-600x400.jpeg 600w, https:\/\/projetocineb.com.br\/wp-content\/uploads\/2023\/11\/WhatsApp-Image-2023-11-14-at-22.45.23.jpeg 1500w\" sizes=\"(max-width: 1024px) 100vw, 1024px\" \/><\/figure>\n\n\n\n<p><strong>Sess\u00e3o exibida em:<\/strong> <strong>30 de outubro de 2023<\/strong><\/p>\n\n\n\n<p>A universidade come\u00e7ou em 1999, quando surgiu como Faculdade das Am\u00e9ricas, nome que deu origem \u00e0 sigla FAM e se tornou centro universit\u00e1rio com autonomia acad\u00eamica e vasta expans\u00e3o no Brasil, abriu as portas para o<strong> CineB Solar<\/strong> que levou a sess\u00e3o de cinema gratuita com o filme \u201cJair Rodrigues \u2013 Deixa que Digam\u201d.<\/p>\n\n\n\n<p>O centro universit\u00e1rio est\u00e1 localizado na rua da Consola\u00e7\u00e3o, local onde foi fundado o Teatro Demerval Gon\u00e7alves antigamente chamado de Teatro Record, na \u00e9poca, foi palco dos tradicionais musicais, mais notoriamente os festivais da MPB dos anos 1960 que inclusive recebeu espet\u00e1culos do Jair Rodrigues homenageado em document\u00e1rio onde traz o filho de Jair Rodrigues, Jairzinho, interpretando o pai em diversas passagens importantes para o filme.<\/p>\n\n\n\n<p>Os alunos presentes que estudam na institui\u00e7\u00e3o cursam Jornalismo, Comunica\u00e7\u00e3o e Produ\u00e7\u00e3o Audiovisual. O professor de Comunica\u00e7\u00e3o Jo\u00e3o Liberato e a professora de cinema Camila Cattai realizaram os convites para as turmas e\u00a0 divulga\u00e7\u00e3o do evento.<\/p>\n\n\n\n<p><\/p>\n\n\n\n<figure class=\"wp-block-video\"><video controls src=\"https:\/\/projetocineb.com.br\/wp-content\/uploads\/2023\/11\/WhatsApp-Video-2023-11-14-at-22.45.22.mp4\"><\/video><\/figure>\n\n\n\n<p>Veja abaixo o depoimento do professor Jo\u00e3o Liberato:<\/p>\n\n\n\n<figure class=\"wp-block-video\"><video controls src=\"https:\/\/projetocineb.com.br\/wp-content\/uploads\/2023\/11\/fam-profa.mp4\"><\/video><\/figure>\n\n\n\n<p>Veja abaixo o depoimento da professora Camila Cattai:<\/p>\n\n\n\n<figure class=\"wp-block-video\"><video controls src=\"https:\/\/projetocineb.com.br\/wp-content\/uploads\/2023\/11\/04.mp4\"><\/video><\/figure>\n\n\n\n<p>O document\u00e1rio \u201cJair Rodrigues: Deixa que Digam\u201d se dedica a explorar a trajet\u00f3ria art\u00edstica e pessoal de Jair Rodrigues. Jair foi um m\u00fasico e cantor brasileiro, considerado por muitos, um precursor do g\u00eanero que viria a ser conhecido como rap, por ter lan\u00e7ado, ainda nos anos 1960, o samba \u201cDeixa isso pra l\u00e1\u201d, com versos mais falados do que cantados.<\/p>\n\n\n\n<p>Veja abaixo o depoimento do aluno do curso de Jornalismo, Max Latacz: <\/p>\n\n\n\n<figure class=\"wp-block-video\"><video controls src=\"https:\/\/projetocineb.com.br\/wp-content\/uploads\/2023\/11\/fam-aluno.mp4\"><\/video><\/figure>\n\n\n\n<p>Suas performances tamb\u00e9m foram popularizadas gra\u00e7as \u00e0 sua coreografia com as m\u00e3os. O filme aborda a constru\u00e7\u00e3o de seu estilo \u00fanico. Desde os primeiros passos no samba, at\u00e9 a consagra\u00e7\u00e3o por \u201cDisparada\u201d. O filme tamb\u00e9m explora a rela\u00e7\u00e3o do artista com a pol\u00edtica nacional. Jair Rodrigues faleceu em 2014.<\/p>\n\n\n\n<figure class=\"is-layout-flex wp-block-gallery-1 wp-block-gallery has-nested-images columns-default is-cropped\">\n<figure class=\"wp-block-image size-large\"><img decoding=\"async\" width=\"1024\" height=\"683\" data-id=\"20333\"  src=\"https:\/\/projetocineb.com.br\/wp-content\/uploads\/2023\/11\/WhatsApp-Image-2023-11-14-at-22.45.22-1024x683.jpeg\" alt=\"\" class=\"wp-image-20333\" srcset=\"https:\/\/projetocineb.com.br\/wp-content\/uploads\/2023\/11\/WhatsApp-Image-2023-11-14-at-22.45.22-1024x683.jpeg 1024w, https:\/\/projetocineb.com.br\/wp-content\/uploads\/2023\/11\/WhatsApp-Image-2023-11-14-at-22.45.22-300x200.jpeg 300w, https:\/\/projetocineb.com.br\/wp-content\/uploads\/2023\/11\/WhatsApp-Image-2023-11-14-at-22.45.22-768x512.jpeg 768w, https:\/\/projetocineb.com.br\/wp-content\/uploads\/2023\/11\/WhatsApp-Image-2023-11-14-at-22.45.22-840x560.jpeg 840w, https:\/\/projetocineb.com.br\/wp-content\/uploads\/2023\/11\/WhatsApp-Image-2023-11-14-at-22.45.22-120x80.jpeg 120w, https:\/\/projetocineb.com.br\/wp-content\/uploads\/2023\/11\/WhatsApp-Image-2023-11-14-at-22.45.22-360x240.jpeg 360w, https:\/\/projetocineb.com.br\/wp-content\/uploads\/2023\/11\/WhatsApp-Image-2023-11-14-at-22.45.22-600x400.jpeg 600w, https:\/\/projetocineb.com.br\/wp-content\/uploads\/2023\/11\/WhatsApp-Image-2023-11-14-at-22.45.22.jpeg 1500w\" sizes=\"(max-width: 1024px) 100vw, 1024px\" \/><\/figure>\n\n\n\n<figure class=\"wp-block-image size-large\"><img decoding=\"async\" width=\"1024\" height=\"683\" data-id=\"20334\"  src=\"https:\/\/projetocineb.com.br\/wp-content\/uploads\/2023\/11\/WhatsApp-Image-2023-11-14-at-22.45.23-1-1024x683.jpeg\" alt=\"\" class=\"wp-image-20334\" srcset=\"https:\/\/projetocineb.com.br\/wp-content\/uploads\/2023\/11\/WhatsApp-Image-2023-11-14-at-22.45.23-1-1024x683.jpeg 1024w, https:\/\/projetocineb.com.br\/wp-content\/uploads\/2023\/11\/WhatsApp-Image-2023-11-14-at-22.45.23-1-300x200.jpeg 300w, https:\/\/projetocineb.com.br\/wp-content\/uploads\/2023\/11\/WhatsApp-Image-2023-11-14-at-22.45.23-1-768x512.jpeg 768w, https:\/\/projetocineb.com.br\/wp-content\/uploads\/2023\/11\/WhatsApp-Image-2023-11-14-at-22.45.23-1-840x560.jpeg 840w, https:\/\/projetocineb.com.br\/wp-content\/uploads\/2023\/11\/WhatsApp-Image-2023-11-14-at-22.45.23-1-120x80.jpeg 120w, https:\/\/projetocineb.com.br\/wp-content\/uploads\/2023\/11\/WhatsApp-Image-2023-11-14-at-22.45.23-1-360x240.jpeg 360w, https:\/\/projetocineb.com.br\/wp-content\/uploads\/2023\/11\/WhatsApp-Image-2023-11-14-at-22.45.23-1-600x400.jpeg 600w, https:\/\/projetocineb.com.br\/wp-content\/uploads\/2023\/11\/WhatsApp-Image-2023-11-14-at-22.45.23-1.jpeg 1500w\" sizes=\"(max-width: 1024px) 100vw, 1024px\" \/><\/figure>\n\n\n\n<figure class=\"wp-block-image size-large\"><img loading=\"lazy\" decoding=\"async\" width=\"1024\" height=\"683\" data-id=\"20335\"  src=\"https:\/\/projetocineb.com.br\/wp-content\/uploads\/2023\/11\/WhatsApp-Image-2023-11-14-at-22.45.23-2-1024x683.jpeg\" alt=\"\" class=\"wp-image-20335\" srcset=\"https:\/\/projetocineb.com.br\/wp-content\/uploads\/2023\/11\/WhatsApp-Image-2023-11-14-at-22.45.23-2-1024x683.jpeg 1024w, https:\/\/projetocineb.com.br\/wp-content\/uploads\/2023\/11\/WhatsApp-Image-2023-11-14-at-22.45.23-2-300x200.jpeg 300w, https:\/\/projetocineb.com.br\/wp-content\/uploads\/2023\/11\/WhatsApp-Image-2023-11-14-at-22.45.23-2-768x512.jpeg 768w, https:\/\/projetocineb.com.br\/wp-content\/uploads\/2023\/11\/WhatsApp-Image-2023-11-14-at-22.45.23-2-840x560.jpeg 840w, https:\/\/projetocineb.com.br\/wp-content\/uploads\/2023\/11\/WhatsApp-Image-2023-11-14-at-22.45.23-2-120x80.jpeg 120w, https:\/\/projetocineb.com.br\/wp-content\/uploads\/2023\/11\/WhatsApp-Image-2023-11-14-at-22.45.23-2-360x240.jpeg 360w, https:\/\/projetocineb.com.br\/wp-content\/uploads\/2023\/11\/WhatsApp-Image-2023-11-14-at-22.45.23-2-600x400.jpeg 600w, https:\/\/projetocineb.com.br\/wp-content\/uploads\/2023\/11\/WhatsApp-Image-2023-11-14-at-22.45.23-2.jpeg 1500w\" sizes=\"(max-width: 1024px) 100vw, 1024px\" \/><\/figure>\n\n\n\n<figure class=\"wp-block-image size-large\"><img loading=\"lazy\" decoding=\"async\" width=\"1024\" height=\"683\" data-id=\"20336\"  src=\"https:\/\/projetocineb.com.br\/wp-content\/uploads\/2023\/11\/WhatsApp-Image-2023-11-14-at-22.45.23-2-1-1024x683.jpeg\" alt=\"\" class=\"wp-image-20336\" srcset=\"https:\/\/projetocineb.com.br\/wp-content\/uploads\/2023\/11\/WhatsApp-Image-2023-11-14-at-22.45.23-2-1-1024x683.jpeg 1024w, https:\/\/projetocineb.com.br\/wp-content\/uploads\/2023\/11\/WhatsApp-Image-2023-11-14-at-22.45.23-2-1-300x200.jpeg 300w, https:\/\/projetocineb.com.br\/wp-content\/uploads\/2023\/11\/WhatsApp-Image-2023-11-14-at-22.45.23-2-1-768x512.jpeg 768w, https:\/\/projetocineb.com.br\/wp-content\/uploads\/2023\/11\/WhatsApp-Image-2023-11-14-at-22.45.23-2-1-840x560.jpeg 840w, https:\/\/projetocineb.com.br\/wp-content\/uploads\/2023\/11\/WhatsApp-Image-2023-11-14-at-22.45.23-2-1-120x80.jpeg 120w, https:\/\/projetocineb.com.br\/wp-content\/uploads\/2023\/11\/WhatsApp-Image-2023-11-14-at-22.45.23-2-1-360x240.jpeg 360w, https:\/\/projetocineb.com.br\/wp-content\/uploads\/2023\/11\/WhatsApp-Image-2023-11-14-at-22.45.23-2-1-600x400.jpeg 600w, https:\/\/projetocineb.com.br\/wp-content\/uploads\/2023\/11\/WhatsApp-Image-2023-11-14-at-22.45.23-2-1.jpeg 1500w\" sizes=\"(max-width: 1024px) 100vw, 1024px\" \/><\/figure>\n<\/figure>\n\n\n\n<p><strong>CineB nas universidades<\/strong><\/p>\n\n\n\n<p>Al\u00e9m das exibi\u00e7\u00f5es p\u00fablicas em bairros, ruas, pra\u00e7as e entidades comunit\u00e1rias, o projeto tamb\u00e9m realiza sess\u00f5es gratuitas dentro de universidades. A ideia \u00e9 utilizar a estrutura que as escolas j\u00e1 possuem, como audit\u00f3rios equipados com projetor digital e som, e transformar esses locais em salas de exibi\u00e7\u00e3o.<br>Desde 2010, foram sess\u00f5es em universidades de S\u00e3o Paulo, com a presen\u00e7a de 10.528 alunos e professores, sempre com debates seguidos da exibi\u00e7\u00e3o em institui\u00e7\u00f5es de ensino parceiras do <strong>CineB<\/strong>.<\/p>\n\n\n\n<p>Nas redes <\/p>\n\n\n\n<p>Voc\u00ea j\u00e1 curtiu as nossas redes sociais do Projeto CineB Solar?<\/p>\n\n\n\n<p>Instagram https<a href=\"https:\/\/instagram.com\/projeto_cinebsolar\">:\/\/instagram.com\/projeto_cinebsolar<\/a><\/p>\n\n\n\n<p>Tiktok: https:<a href=\"https:\/\/www.tiktok.com\/@cineb.solar\">\/\/www.tiktok.com\/@cineb.solar<\/a><\/p>\n\n\n\n<p>Facebook: https:<a href=\"https:\/\/www.facebook.com\/@cinebsolar\">\/\/www.facebook.com\/@cinebsolar<\/a><\/p>\n\n\n\n<p>Youtube:<a href=\"https:\/\/projetocineb.com.br\/?page_id=19674\"> <\/a><a href=\"https:\/\/www.youtube.com\/@CineBSolar\">youtube.com.br\/cinebsolar INSCREVA no nosso canal<\/a><\/p>\n","protected":false},"excerpt":{"rendered":"<p>Alunos e professores da universidade prestigiaram o evento&nbsp; Sess\u00e3o exibida em: 30 de outubro de 2023 A universidade come\u00e7ou em[&#8230;]<\/p>\n","protected":false},"author":4,"featured_media":20330,"comment_status":"open","ping_status":"open","sticky":false,"template":"","format":"standard","meta":[],"categories":[2,6,7],"tags":[],"_links":{"self":[{"href":"https:\/\/projetocineb.com.br\/index.php?rest_route=\/wp\/v2\/posts\/20329"}],"collection":[{"href":"https:\/\/projetocineb.com.br\/index.php?rest_route=\/wp\/v2\/posts"}],"about":[{"href":"https:\/\/projetocineb.com.br\/index.php?rest_route=\/wp\/v2\/types\/post"}],"author":[{"embeddable":true,"href":"https:\/\/projetocineb.com.br\/index.php?rest_route=\/wp\/v2\/users\/4"}],"replies":[{"embeddable":true,"href":"https:\/\/projetocineb.com.br\/index.php?rest_route=%2Fwp%2Fv2%2Fcomments&post=20329"}],"version-history":[{"count":8,"href":"https:\/\/projetocineb.com.br\/index.php?rest_route=\/wp\/v2\/posts\/20329\/revisions"}],"predecessor-version":[{"id":20346,"href":"https:\/\/projetocineb.com.br\/index.php?rest_route=\/wp\/v2\/posts\/20329\/revisions\/20346"}],"wp:featuredmedia":[{"embeddable":true,"href":"https:\/\/projetocineb.com.br\/index.php?rest_route=\/wp\/v2\/media\/20330"}],"wp:attachment":[{"href":"https:\/\/projetocineb.com.br\/index.php?rest_route=%2Fwp%2Fv2%2Fmedia&parent=20329"}],"wp:term":[{"taxonomy":"category","embeddable":true,"href":"https:\/\/projetocineb.com.br\/index.php?rest_route=%2Fwp%2Fv2%2Fcategories&post=20329"},{"taxonomy":"post_tag","embeddable":true,"href":"https:\/\/projetocineb.com.br\/index.php?rest_route=%2Fwp%2Fv2%2Ftags&post=20329"}],"curies":[{"name":"wp","href":"https:\/\/api.w.org\/{rel}","templated":true}]}}