{"id":2036,"date":"2011-04-19T00:19:39","date_gmt":"2011-04-19T03:19:39","guid":{"rendered":"http:\/\/projetocineb.com.br\/?p=2036"},"modified":"2011-04-19T00:19:39","modified_gmt":"2011-04-19T03:19:39","slug":"curta-metragem-88-anos-sindicato","status":"publish","type":"post","link":"https:\/\/projetocineb.com.br\/?p=2036","title":{"rendered":"CURTA-METRAGEM 88 ANOS SINDICATO"},"content":{"rendered":"<p>O Sindicato dos Banc\u00e1rios de S\u00e3o Paulo, Osasco e Regi\u00e3o comemora seus 88 anos com muito vigor! <a href=\"http:\/\/youtu.be\/LzQnaImH8JQ\">Confira o curta-metragem<\/a> que lembra diversas conquistas da Institui\u00e7\u00e3o.<\/p>\n<p>E neste video voc\u00ea confere um poucos dos bastidores da filmagem.<br \/>\n<iframe title=\"YouTube video player\" width=\"425\" height=\"349\" src=\"http:\/\/www.youtube.com\/embed\/wAHLcBfWnmI\" frameborder=\"0\" allowfullscreen><\/iframe><\/p>\n","protected":false},"excerpt":{"rendered":"<p>O Sindicato dos Banc\u00e1rios de S\u00e3o Paulo, Osasco e Regi\u00e3o comemora seus 88 anos com muito vigor! Confira o curta-metragem[&#8230;]<\/p>\n","protected":false},"author":2,"featured_media":0,"comment_status":"open","ping_status":"open","sticky":false,"template":"","format":"standard","meta":[],"categories":[4],"tags":[242,263,350,351,777,1132],"_links":{"self":[{"href":"https:\/\/projetocineb.com.br\/index.php?rest_route=\/wp\/v2\/posts\/2036"}],"collection":[{"href":"https:\/\/projetocineb.com.br\/index.php?rest_route=\/wp\/v2\/posts"}],"about":[{"href":"https:\/\/projetocineb.com.br\/index.php?rest_route=\/wp\/v2\/types\/post"}],"author":[{"embeddable":true,"href":"https:\/\/projetocineb.com.br\/index.php?rest_route=\/wp\/v2\/users\/2"}],"replies":[{"embeddable":true,"href":"https:\/\/projetocineb.com.br\/index.php?rest_route=%2Fwp%2Fv2%2Fcomments&post=2036"}],"version-history":[{"count":0,"href":"https:\/\/projetocineb.com.br\/index.php?rest_route=\/wp\/v2\/posts\/2036\/revisions"}],"wp:attachment":[{"href":"https:\/\/projetocineb.com.br\/index.php?rest_route=%2Fwp%2Fv2%2Fmedia&parent=2036"}],"wp:term":[{"taxonomy":"category","embeddable":true,"href":"https:\/\/projetocineb.com.br\/index.php?rest_route=%2Fwp%2Fv2%2Fcategories&post=2036"},{"taxonomy":"post_tag","embeddable":true,"href":"https:\/\/projetocineb.com.br\/index.php?rest_route=%2Fwp%2Fv2%2Ftags&post=2036"}],"curies":[{"name":"wp","href":"https:\/\/api.w.org\/{rel}","templated":true}]}}