{"id":2043,"date":"2011-05-10T23:45:25","date_gmt":"2011-05-11T02:45:25","guid":{"rendered":"http:\/\/projetocineb.com.br\/?p=2043"},"modified":"2011-05-10T23:45:25","modified_gmt":"2011-05-11T02:45:25","slug":"craques-da-vida","status":"publish","type":"post","link":"https:\/\/projetocineb.com.br\/?p=2043","title":{"rendered":"CONFIRMADAS EXIBI\u00c7\u00d5ES DO CINE B EM MAIO"},"content":{"rendered":"<p>No <span style=\"color: #ff6600;\">dia 7 de maio o Cine B participa do evento Craques da Vida<\/span>, na comunidade de Rio Pequeno, zona oeste de S\u00e3o Paulo. <span style=\"color: #ff6600;\">Ser\u00e3o exibidos 5 curtas-metragens brasileiros.<\/span><\/p>\n<p><span style=\"color: #ff6600;\"> <\/span><\/p>\n<figure id=\"attachment_2044\" aria-describedby=\"caption-attachment-2044\" style=\"width: 404px\" class=\"wp-caption aligncenter\"><a href=\"http:\/\/projetocineb.com.br\/wp-content\/uploads\/2011\/04\/cartaz_.jpg\"><img fetchpriority=\"high\" decoding=\"async\" class=\"size-full wp-image-2044  \" title=\"Que tal um cineminha?\" src=\"http:\/\/projetocineb.com.br\/wp-content\/uploads\/2011\/04\/cartaz_.jpg\" alt=\"Que tal um cineminha?\" width=\"404\" height=\"572\" \/><\/a><figcaption id=\"caption-attachment-2044\" class=\"wp-caption-text\">Que tal um cineminha?<\/figcaption><\/figure>\n<h2><span style=\"color: #008000;\">CRAQUES DA VIDA<\/span><\/h2>\n<p>\u00c9\u00a0um <span style=\"color: #ff6600;\">evento realizado pelo Centro Social Santo Dias, \u00a0na regi\u00e3o do Butant\u00e3\/SP, gratuito, que busca promover a preven\u00e7\u00e3o ao uso de drogas bem como orientar quanto as possibilidades de tratamento e reinser\u00e7\u00e3o social. <strong>TODOS S\u00c3O BEM VINDOS, DIVULGUEM!<\/strong><\/span> Nos interessamos sobre o combate as drogas, tratamento de depend\u00eancia qu\u00edmica, sa\u00fade, cultura e atividades saud\u00e1veis \u00e0 vida!<\/p>\n<h2><span style=\"color: #008000;\">ANOTE A\u00cd!<\/span><\/h2>\n<p><strong>LOCAL<\/strong>: <span style=\"color: #ff6600;\">Sal\u00e3o da Par\u00f3quia S\u00e3o Patr\u00edcio<\/span><\/p>\n<p><strong>ENDERE\u00c7O:<\/strong> <span style=\"color: #ff6600;\">Avenida Otac\u00edlio Tomanick, 1555 &#8211; Rio Pequeno<\/span><\/p>\n<p><strong>RETIRADA DE INGRESSOS:<\/strong> na <span style=\"color: #ff6600;\">secretaria da Igreja\/ ou no Centro Social Santo Dias, rua Antonio Wey, 132<\/span><\/p>\n<h2><span style=\"color: #008000;\">SINOPSES DOS CURTAS<\/span><\/h2>\n<p><strong>O Xadrez\u00a0 das cores:<\/strong> Cida, uma mulher negra de quarenta anos, vai trabalhar para Maria, uma velha de oitenta anos, vi\u00fava e sem filhos, que \u00e9 extremamente racista. A rela\u00e7\u00e3o entre as duas mulheres come\u00e7a tumultuada, com Maria tripudiando em cima de Cida por ela ser negra. Cida atura a tudo em sil\u00eancio, por precisar do dinheiro, at\u00e9 que decide se vingar atrav\u00e9s de um jogo de xadrez.<\/p>\n<p><em>Fic\u00e7\u00e3o, Diretor: Marco Schiavon, Elenco: Anselmo Vasconcellos, Mirian Pyres, Zezeh Barbosa, Dura\u00e7\u00e3o: 22min\/ Ano: 2004<\/em><\/p>\n<p><strong><em> <\/em><\/strong><\/p>\n<p><strong><em> <\/em><\/strong><\/p>\n<p><strong><em>Vida Maria: <span style=\"font-weight: normal;\"><span style=\"font-style: normal;\">Maria Jos\u00e9, uma menina de 5 anos de idade, \u00e9 levada a largar os estudos para trabalhar. Enquanto trabalha, ela cresce, casa, tem filhos, envelhece. Uma den\u00fancia sobre a import\u00e2ncia de estudar.<\/span><\/span><\/em><\/strong><\/p>\n<p><em>Anima\u00e7\u00e3o, Diretor: M\u00e1rcio Ramos, Dura\u00e7\u00e3o: 9min\/ Ano: 2006<\/em><\/p>\n<p><strong><em> <\/em><\/strong><\/p>\n<p><strong><em> <\/em><\/strong><\/p>\n<p><strong><em>O Troco: <span style=\"font-weight: normal;\"><span style=\"font-style: normal;\">Um casal recebe a liga\u00e7\u00e3o de uma atendente de telemarketing \u201cEnganatel\u201d. A mo\u00e7a tenta vender mais um dos in\u00fateis servi\u00e7os da empresa. Num trocadilho bem humorado, o casal inverte os pap\u00e9is e inicia o interrogat\u00f3rio da atendente. Pedem informa\u00e7\u00f5es pessoais e repetem o texto que as funcion\u00e1rias de telemarketing costumam usar com o consumidor comum.<\/span><\/span><\/em><\/strong><\/p>\n<p><em>Com\u00e9dia, Escrito e dirigido por Andr\u00e9 Rolim, Elenco: Li\u00e9ser Touma, Siomara Schroder e Cinira Fiuza<\/em><\/p>\n<p><strong><em> <\/em><\/strong><\/p>\n<p><strong><em>BMW Vermelha: <\/em><span style=\"font-weight: normal;\">Uma fam\u00edlia humilde recebe um verdadeiro presente de grego: um carro de luxo, que n\u00e3o pode ser vendido por dois anos. Para piorar a situa\u00e7\u00e3o, ningu\u00e9m na familia sabe dirigir. O tempo passa, e o autom\u00f3vel acaba tendo mil de uma utilidades, menos o de autom\u00f3vel.<\/span><\/strong><\/p>\n<p><strong><em> <\/em><\/strong><\/p>\n<p><em>Fic\u00e7\u00e3o, Dirigido por Edu Ramos e Reinaldo Pinheiro, Elenco: Denise Weinberg, Gabriel Priolli, Ot\u00e1vio Augusto<\/em><\/p>\n<p><strong><em> <\/em><\/strong><\/p>\n<p><strong><em>Historietas Assombradas (para crian\u00e7as mal criadas): <\/em><span style=\"font-weight: normal;\">Tr\u00eas hist\u00f3rias que sua av\u00f3 n\u00e3o contou, sen\u00e3o voc\u00ea ia fazer xixi na cama. Historietas Assombradas (para crian\u00e7as mal-criadas) \u00e9 um filme de anima\u00e7\u00e3o em t\u00e9cnica mista, utilizando stop-motion e anima\u00e7\u00e3o 3D. \u00c9 composto de tr\u00eas hist\u00f3rias, inspiradas livremente em lendas do folclore brasileiro, que d\u00e3o \u00eanfase a um aspecto peculiar nos contos infantis: o Medo.<\/span><\/strong><\/p>\n<p><strong><em> <\/em><\/strong><\/p>\n<p><em>Anima\u00e7\u00e3o, Diretor: Victor-Hugo Borges, Elenco: Isabela Guasco e Myrian Muniz<\/em><\/p>\n<div>\n<h2><span style=\"color: #008000;\">CINE B NO CENTRO DE S\u00c3O PAULO<\/span><\/h2>\n<p>Em <span style=\"color: #ff6600;\">parceria com a\u00a0Associa\u00e7\u00e3o\u00a0dos Moradores e Amigos do Bairro da Santa Ifig\u00eania e Luz<\/span> o Cine B apresentar\u00e1 mais cinema brasileiro, de gra\u00e7a, no <span style=\"color: #ff6600;\">dia 14 de maio de 2011<\/span>. A pipoca, l\u00f3gico: \u00e9 por nossa conta!<\/p>\n<p><span style=\"color: #ff6600;\">Ser\u00e3o exibidos o filme\u00a0<em>Quincas Berro D&#8217;\u00e1gua<\/em>, com Vladimir Brichta, Marieta Severo, Mariana Ximenes, Paulo Jos\u00e9 e Irandhir Santos, al\u00e9m do curta-metragem\u00a0<em>Uma hist\u00f3ria de futebol<\/em>, que mostra os primeiros anos de futebol de Pel\u00e9<\/span>, quando ainda morava em Bauru. O curta concorreu ao Oscar em 2001.<\/p>\n<div>\n<div>\n<dl id=\"attachment_2053\">\n<dt><a href=\"http:\/\/projetocineb.com.br\/wp-content\/uploads\/2011\/04\/228562_222089687805030_100000120025061_1027840_5529287_n.jpg\"><img decoding=\"async\" title=\"Comunidades Luz e Santa Ifig\u00eania, participem! \" src=\"http:\/\/projetocineb.com.br\/wp-content\/uploads\/2011\/04\/228562_222089687805030_100000120025061_1027840_5529287_n.jpg\" alt=\"Comunidades Luz e Santa Ifig\u00eania, participem!\" width=\"432\" height=\"415\" \/><\/a><\/dt>\n<dd><span style=\"color: #ff6600;\">Comunidades Luz e Santa Ifig\u00eania, participem!<\/span><\/dd>\n<\/dl>\n<\/div>\n<\/div>\n<p>Divulgue, convide seus amigos e apare\u00e7a!<\/p>\n<p><span style=\"color: #ff6600;\">DIA 14\u00a0\u00a0 DE\u00a0 MAIO &#8211; S\u00c1BADO, 19HS<\/span><\/p>\n<p><span style=\"color: #ff6600;\">LOCAL: No estacionamento da Padaria Casa Aurora<\/span><\/p>\n<p>ENDERE\u00c7O: Rua Aurora, 601,\u00a0\u00a0 Bairro da Luz, centro S\u00e3o Paulo<\/p>\n<p>INGRESSOS GRATUITOS:\u00a0Na\u00a0\u00a0 Rua Aurora, 580 &#8211;\u00a0 Padaria\u00a0 Casa Aurora<\/p>\n<p>Local \u00a0com capacidade para 150 pessoas<\/p>\n<p><strong>Classifica\u00e7\u00e3o do filme:\u00a014 anos<\/strong><\/p>\n<p><span style=\"color: #ff6600;\"><strong>CRIAN\u00c7AS SOMENTE ACOMPANHADAS DOS PAIS<\/strong><\/span><\/p>\n<\/div>\n","protected":false},"excerpt":{"rendered":"<p>No dia 7 de maio o Cine B participa do evento Craques da Vida, na comunidade de Rio Pequeno, zona[&#8230;]<\/p>\n","protected":false},"author":2,"featured_media":0,"comment_status":"open","ping_status":"open","sticky":false,"template":"","format":"standard","meta":[],"categories":[2],"tags":[154,242,266,351,1064,1132,1250],"_links":{"self":[{"href":"https:\/\/projetocineb.com.br\/index.php?rest_route=\/wp\/v2\/posts\/2043"}],"collection":[{"href":"https:\/\/projetocineb.com.br\/index.php?rest_route=\/wp\/v2\/posts"}],"about":[{"href":"https:\/\/projetocineb.com.br\/index.php?rest_route=\/wp\/v2\/types\/post"}],"author":[{"embeddable":true,"href":"https:\/\/projetocineb.com.br\/index.php?rest_route=\/wp\/v2\/users\/2"}],"replies":[{"embeddable":true,"href":"https:\/\/projetocineb.com.br\/index.php?rest_route=%2Fwp%2Fv2%2Fcomments&post=2043"}],"version-history":[{"count":0,"href":"https:\/\/projetocineb.com.br\/index.php?rest_route=\/wp\/v2\/posts\/2043\/revisions"}],"wp:attachment":[{"href":"https:\/\/projetocineb.com.br\/index.php?rest_route=%2Fwp%2Fv2%2Fmedia&parent=2043"}],"wp:term":[{"taxonomy":"category","embeddable":true,"href":"https:\/\/projetocineb.com.br\/index.php?rest_route=%2Fwp%2Fv2%2Fcategories&post=2043"},{"taxonomy":"post_tag","embeddable":true,"href":"https:\/\/projetocineb.com.br\/index.php?rest_route=%2Fwp%2Fv2%2Ftags&post=2043"}],"curies":[{"name":"wp","href":"https:\/\/api.w.org\/{rel}","templated":true}]}}