{"id":20645,"date":"2023-12-19T22:58:48","date_gmt":"2023-12-20T01:58:48","guid":{"rendered":"https:\/\/projetocineb.com.br\/?p=20645"},"modified":"2024-07-20T21:52:05","modified_gmt":"2024-07-21T00:52:05","slug":"projeto-cineb-conquista-premio-feras-da-comunicacao-promovido-pelo-centro-universitario-das-americas-fam","status":"publish","type":"post","link":"https:\/\/projetocineb.com.br\/?p=20645","title":{"rendered":"Projeto CineB conquista Pr\u00eamio Feras da Comunica\u00e7\u00e3o promovido pelo Centro Universit\u00e1rio das Am\u00e9ricas (FAM)"},"content":{"rendered":"\n<figure class=\"wp-block-image size-large\"><img fetchpriority=\"high\" decoding=\"async\" width=\"1067\" height=\"480\" src=\"https:\/\/projetocineb.com.br\/wp-content\/uploads\/2023\/12\/WhatsApp-Image-2023-12-19-at-22.18.09-edited.jpeg\" alt=\"\" class=\"wp-image-20647\" srcset=\"https:\/\/projetocineb.com.br\/wp-content\/uploads\/2023\/12\/WhatsApp-Image-2023-12-19-at-22.18.09-edited.jpeg 1067w, https:\/\/projetocineb.com.br\/wp-content\/uploads\/2023\/12\/WhatsApp-Image-2023-12-19-at-22.18.09-edited-300x135.jpeg 300w, https:\/\/projetocineb.com.br\/wp-content\/uploads\/2023\/12\/WhatsApp-Image-2023-12-19-at-22.18.09-edited-1024x461.jpeg 1024w, https:\/\/projetocineb.com.br\/wp-content\/uploads\/2023\/12\/WhatsApp-Image-2023-12-19-at-22.18.09-edited-768x345.jpeg 768w\" sizes=\"(max-width: 1067px) 100vw, 1067px\" \/><figcaption class=\"wp-element-caption\">Os coordenadores dos cursos de comunica\u00e7\u00e3o, arte e design da FAM, Vicente Darde e Caio Lazaneo junto com o coordenador do CineB, Cid\u00e1lio Vieira (ao centro) <br><\/figcaption><\/figure>\n\n\n\n<p><strong>Texto publicado em: 19\/12\/2023<\/strong><\/p>\n\n\n\n<p>O <strong>CineB<\/strong> recebeu hoje \u00e0 noite o Pr\u00eamio Feras da Comunica\u00e7\u00e3o promovido pelo Centro Universit\u00e1rio das Am\u00e9ricas (FAM). O coordenador do projeto, Cid\u00e1lio Vieira, esteve presente na cerim\u00f4nia e recebeu o trof\u00e9u.<\/p>\n\n\n\n<p>O Festival Feras da Comunica\u00e7\u00e3o \u00e9 uma tradi\u00e7\u00e3o do Centro Universit\u00e1rio das Am\u00e9ricas &#8211; FAM , dos cursos de Cinema e Audiovisual, Comunica\u00e7\u00e3o Institucional, Jornalismo, Design, Design Gr\u00e1fico, Design de Moda, Produ\u00e7\u00e3o Audiovisual, Produ\u00e7\u00e3o Publicit\u00e1ria, Publicidade e Propaganda e Rela\u00e7\u00f5es P\u00fablicas.<\/p>\n\n\n\n<p>Neste \u00faltimo semestre de 2023 foi apresentado a XVI edi\u00e7\u00e3o dos Feras, que premia os melhores trabalhos desenvolvidos pelos alunos&nbsp; da \u00c1rea de Comunica\u00e7\u00e3o. E pela primeira vez houve o destaque da parceria, com homenagem do Pr\u00eamio Feras para o <strong>CineB<\/strong>.<\/p>\n\n\n\n<figure class=\"wp-block-image size-large\"><img decoding=\"async\" width=\"1024\" height=\"461\" src=\"https:\/\/projetocineb.com.br\/wp-content\/uploads\/2023\/12\/WhatsApp-Image-2023-12-19-at-22.09.51-1024x461.jpeg\" alt=\"\" class=\"wp-image-20652\" srcset=\"https:\/\/projetocineb.com.br\/wp-content\/uploads\/2023\/12\/WhatsApp-Image-2023-12-19-at-22.09.51-1024x461.jpeg 1024w, https:\/\/projetocineb.com.br\/wp-content\/uploads\/2023\/12\/WhatsApp-Image-2023-12-19-at-22.09.51-300x135.jpeg 300w, https:\/\/projetocineb.com.br\/wp-content\/uploads\/2023\/12\/WhatsApp-Image-2023-12-19-at-22.09.51-768x346.jpeg 768w, https:\/\/projetocineb.com.br\/wp-content\/uploads\/2023\/12\/WhatsApp-Image-2023-12-19-at-22.09.51-1536x691.jpeg 1536w, https:\/\/projetocineb.com.br\/wp-content\/uploads\/2023\/12\/WhatsApp-Image-2023-12-19-at-22.09.51.jpeg 1600w\" sizes=\"(max-width: 1024px) 100vw, 1024px\" \/><figcaption class=\"wp-element-caption\">O coordenador do CineB, Cid\u00e1lio Vieira na cerim\u00f4nia de premia\u00e7\u00e3o<\/figcaption><\/figure>\n\n\n\n<p>Veja abaixo o depoimento de Cid\u00e1lio Vieira ao receber o Pr\u00eamio Feras da Comunica\u00e7\u00e3o:<\/p>\n\n\n\n<figure class=\"wp-block-video\"><video controls src=\"https:\/\/projetocineb.com.br\/wp-content\/uploads\/2023\/12\/WhatsApp-Video-2023-12-19-at-23.28.44.mp4\"><\/video><\/figure>\n\n\n\n<p>O <strong>CineB<\/strong> \u00e9 um projeto que al\u00e9m das exibi\u00e7\u00f5es p\u00fablicas em bairros, ruas, pra\u00e7as e entidades comunit\u00e1rias, o projeto tamb\u00e9m realiza sess\u00f5es gratuitas dentro de universidades: o <strong>CineB Universidade<\/strong>, transformando os audit\u00f3rios das universidades em salas de cinema, exibindo filmes e promovendo debates com professores, alunos e diretores de filmes.&nbsp;<\/p>\n\n\n\n<p>J\u00e1 atingimos desde 2010 um p\u00fablico de 10.635 entre alunos e professores das Universidades onde o projeto esteve presente. No Centro Universit\u00e1rio das Am\u00e9ricas, o <strong>CineB Universidade<\/strong> iniciou a parceria em 2021 e desde l\u00e1 at\u00e9 hoje atingimos 550 alunos e professores nas sess\u00f5es do projeto.<\/p>\n\n\n\n<p><strong>Nas redes<\/strong><\/p>\n\n\n\n<p>Voc\u00ea j\u00e1 curtiu as nossas redes sociais do Projeto CineB Solar?<\/p>\n\n\n\n<p>Instagram https<a href=\"https:\/\/instagram.com\/projeto_cinebsolar\">:\/\/instagram.com\/projeto_cinebsolar<\/a><\/p>\n\n\n\n<p>Tiktok: https:<a href=\"https:\/\/www.tiktok.com\/@cineb.solar\">\/\/www.tiktok.com\/@cineb.solar<\/a><\/p>\n\n\n\n<p>Facebook: https:<a href=\"https:\/\/www.facebook.com\/@cinebsolar\">\/\/www.facebook.com\/@cinebsolar<\/a><\/p>\n\n\n\n<p>Youtube:<a href=\"https:\/\/www.youtube.com\/@CineBSolar\"> youtube.com.br\/cinebsolar INSCREVA no nosso canal<\/a><\/p>\n","protected":false},"excerpt":{"rendered":"<p>Texto publicado em: 19\/12\/2023 O CineB recebeu hoje \u00e0 noite o Pr\u00eamio Feras da Comunica\u00e7\u00e3o promovido pelo Centro Universit\u00e1rio das[&#8230;]<\/p>\n","protected":false},"author":4,"featured_media":20647,"comment_status":"open","ping_status":"open","sticky":false,"template":"","format":"standard","meta":[],"categories":[2,6,7],"tags":[],"_links":{"self":[{"href":"https:\/\/projetocineb.com.br\/index.php?rest_route=\/wp\/v2\/posts\/20645"}],"collection":[{"href":"https:\/\/projetocineb.com.br\/index.php?rest_route=\/wp\/v2\/posts"}],"about":[{"href":"https:\/\/projetocineb.com.br\/index.php?rest_route=\/wp\/v2\/types\/post"}],"author":[{"embeddable":true,"href":"https:\/\/projetocineb.com.br\/index.php?rest_route=\/wp\/v2\/users\/4"}],"replies":[{"embeddable":true,"href":"https:\/\/projetocineb.com.br\/index.php?rest_route=%2Fwp%2Fv2%2Fcomments&post=20645"}],"version-history":[{"count":9,"href":"https:\/\/projetocineb.com.br\/index.php?rest_route=\/wp\/v2\/posts\/20645\/revisions"}],"predecessor-version":[{"id":20662,"href":"https:\/\/projetocineb.com.br\/index.php?rest_route=\/wp\/v2\/posts\/20645\/revisions\/20662"}],"wp:featuredmedia":[{"embeddable":true,"href":"https:\/\/projetocineb.com.br\/index.php?rest_route=\/wp\/v2\/media\/20647"}],"wp:attachment":[{"href":"https:\/\/projetocineb.com.br\/index.php?rest_route=%2Fwp%2Fv2%2Fmedia&parent=20645"}],"wp:term":[{"taxonomy":"category","embeddable":true,"href":"https:\/\/projetocineb.com.br\/index.php?rest_route=%2Fwp%2Fv2%2Fcategories&post=20645"},{"taxonomy":"post_tag","embeddable":true,"href":"https:\/\/projetocineb.com.br\/index.php?rest_route=%2Fwp%2Fv2%2Ftags&post=20645"}],"curies":[{"name":"wp","href":"https:\/\/api.w.org\/{rel}","templated":true}]}}