{"id":2072,"date":"2011-05-11T00:17:53","date_gmt":"2011-05-11T03:17:53","guid":{"rendered":"http:\/\/projetocineb.com.br\/?p=2072"},"modified":"2011-05-11T00:17:53","modified_gmt":"2011-05-11T03:17:53","slug":"craques-da-vida-rio-pequeno","status":"publish","type":"post","link":"https:\/\/projetocineb.com.br\/?p=2072","title":{"rendered":"CRAQUES DA VIDA &#8211; RIO PEQUENO"},"content":{"rendered":"<p>Curtas-metragens brasileiros foram exibidos pelo <span style=\"color: #ff6600;\">Cine B no evento Craques da Vida, realizado pela ONG Santo Dias, que h\u00e1 24 anos trabalha em parceria com a Par\u00f3quia S\u00e3o Patr\u00edcio, localizada na zona oeste de S\u00e3o Paulo, no bairro de Rio Pequeno<\/span>. A ONG atende 5 mil pessoas no Centro Social Santo Dias, com cursos profissionalizantes, distribui\u00e7\u00e3o de cestas b\u00e1sicas, oficinas e orienta\u00e7\u00f5es para jovens em conflito com a lei. H\u00e1 um ano criou o evento Craques da Vida<span style=\"color: #ff6600;\">, unindo cultura em uma campanha contra as drogas.<\/span><\/p>\n<figure id=\"attachment_2076\" aria-describedby=\"caption-attachment-2076\" style=\"width: 384px\" class=\"wp-caption aligncenter\"><a href=\"http:\/\/projetocineb.com.br\/wp-content\/uploads\/2011\/05\/DSC02185_01web.jpg\"><img fetchpriority=\"high\" decoding=\"async\" class=\"size-full wp-image-2076  \" title=\"Publico animado com as diversas atra\u00e7\u00f5es do dia no 2\u00ba Craques da Vida\" src=\"http:\/\/projetocineb.com.br\/wp-content\/uploads\/2011\/05\/DSC02185_01web.jpg\" alt=\"Publico animado com as diversas atra\u00e7\u00f5es do dia no 2\u00ba Craques da Vida\" width=\"384\" height=\"256\" \/><\/a><figcaption id=\"caption-attachment-2076\" class=\"wp-caption-text\">Publico animado com as diversas atra\u00e7\u00f5es do dia no 2\u00ba Craques da Vida<\/figcaption><\/figure>\n<p>Al\u00e9m dos curtas-metragens trazidos pelo Cine B, o p\u00fablico prestigiou algumas apresenta\u00e7\u00f5es e <span style=\"color: #ff6600;\">depoimentos emocionantes, como o de Helen Pereira de Souza, que h\u00e1 um ano n\u00e3o utiliza drogas. \u201cLembro que num s\u00e1bado de maio vim procurar ajuda aqui, no primeiro Craques da Vida que teve, falei que eu era dependente qu\u00edmica e pedi para ser internada\u201d, diz Helen<\/span>.<\/p>\n<p>Sua hist\u00f3ria de recupera\u00e7\u00e3o, assim como da maioria, n\u00e3o \u00e9 uma luta f\u00e1cil. Helen conta que alguns meses depois de ser internada, ganhou um final de semana em casa, com a fam\u00edlia. Mas na rua, procurou novamente as drogas. \u201cFoi a\u00ed que pedi para ser internada de novo, e desde ent\u00e3o estou limpa e ajudando os que chegaram l\u00e1 na cl\u00ednia depois de mim\u201d, diz Helen.<\/p>\n<p>\u201cN\u00e3o posso comprar um presente para minha m\u00e3e, mas fico feliz de ao menos assim sem o v\u00edcio, posso dar esse presente a ela. Quando estava viciada fiz ela sofrer muito, porque praticava roubos e cheguei a ser presa\u201d, diz.<\/p>\n<figure id=\"attachment_2081\" aria-describedby=\"caption-attachment-2081\" style=\"width: 384px\" class=\"wp-caption aligncenter\"><a href=\"http:\/\/projetocineb.com.br\/wp-content\/uploads\/2011\/05\/DSC02207_01web.jpg\"><img decoding=\"async\" class=\"size-full wp-image-2081  \" title=\"Helen Pereira de Souza \u00e9 ex-dependente qu\u00edmica, mas h\u00e1 um ano se mant\u00eam longe das drogas. Neste evento ela deu seu depoimento de como conseguiu ajuda no primeiro Craques da Vida e hoje pode presentear a m\u00e3e, Maria Marlene Alves Pereira, com sua recupera\u00e7\u00e3o\" src=\"http:\/\/projetocineb.com.br\/wp-content\/uploads\/2011\/05\/DSC02207_01web.jpg\" alt=\"Helen Pereira de Souza \u00e9 ex-dependente qu\u00edmica, mas h\u00e1 um ano se mant\u00eam longe das drogas. Neste evento ela deu seu depoimento de como conseguiu ajuda no primeiro Craques da Vida e hoje pode presentear a m\u00e3e, Maria Marlene Alves Pereira, com sua recupera\u00e7\u00e3o\" width=\"384\" height=\"256\" \/><\/a><figcaption id=\"caption-attachment-2081\" class=\"wp-caption-text\">Helen Pereira de Souza e sua m\u00e3e, Maria Marlene Alves Pereira, com sua recupera\u00e7\u00e3o<\/figcaption><\/figure>\n<p>Segundo Val\u00e9ria Rocha Brasil, psic\u00f3loga do Instituto de Tratamento Rocha Brasil, que presta um servi\u00e7o solid\u00e1rio para a ONG Santo Dias, o alerta maior vem das subst\u00e2ncias l\u00edcitas. <span style=\"color: #ff6600;\">\u201cNosso maior problema ainda s\u00e3o o \u00e1lcool e o tabaco, a maconha que \u00e9 ilegal vem em terceiro lugar, e o pior \u00e9 que cada vez mais, a idade dos usu\u00e1rios diminui, hoje j\u00e1 encontramos crian\u00e7as de 10 anos que s\u00e3o viciadas\u201d, diz a psic\u00f3loga. \u201c\u00c9 uma pandemia que est\u00e1 em todas as classes sociais\u201d, diz.<\/span><\/p>\n<p><span style=\"color: #ff6600;\">\u201cQueremos que os jovens saibam que para o uso e abuso de drogas existe sim tratamento e preven\u00e7\u00e3o, e todos podem ser \u201ccraques da vida\u201d, pois recuperar \u00e9 poss\u00edvel\u201d, diz Elisabete Schulz, gerente de projetos da ONG Santo Dias.<\/span> Segundo ela, as fam\u00edlias ainda n\u00e3o tem facilidade para resolver o problema do v\u00edcio, por isso a ONG se preocupa neste evento em abrir espa\u00e7o para que os pr\u00f3prios dependentes ou familiares destes, venham pedir ajuda e compreendam melhor que medidas podem ser tomadas para solucionar o problema.<\/p>\n<figure id=\"attachment_2074\" aria-describedby=\"caption-attachment-2074\" style=\"width: 384px\" class=\"wp-caption aligncenter\"><a href=\"http:\/\/projetocineb.com.br\/wp-content\/uploads\/2011\/05\/DSC02180_01web.jpg\"><img decoding=\"async\" class=\"size-full wp-image-2074\" title=\"Na abertura do Craques da Vida, o Padre Jo\u00e3o Carlos Borges e a gerente de projetos da Santo Dias, Elisabete Schultz\" src=\"http:\/\/projetocineb.com.br\/wp-content\/uploads\/2011\/05\/DSC02180_01web.jpg\" alt=\"\" width=\"384\" height=\"287\" \/><\/a><figcaption id=\"caption-attachment-2074\" class=\"wp-caption-text\">Na abertura do Craques da Vida, o Padre Jo\u00e3o Carlos Borges e a gerente de projetos da Santo Dias, Elisabete Schultz<\/figcaption><\/figure>\n<p style=\"text-align: center;\">\n<p>Para o padre Jo\u00e3o Carlos Borges, a fam\u00edlia \u00e9 quem pode realmente ajudar esses jovens fragilizados. <span style=\"color: #ff6600;\">\u201cPrecisamos resgatar a identidade familiar e tamb\u00e9m manter essas obras solid\u00e1rias at\u00e9 porque essas atitudes fazem parte do que \u00e9 passado no evangelho\u201d, diz o Padre.<\/span><\/p>\n<p>Mas como este \u00e9 um assunto s\u00e9rio e essas informa\u00e7\u00f5es n\u00e3o s\u00e3o f\u00e1ceis de serem transmitidas, o Craques da Vida foi planejado de forma que se caracterize como um evento social, que diverte o publico presente, ao mesmo tempo que demonstra solu\u00e7\u00f5es para o problema das drogas.\u00a0DJs, grupos de dan\u00e7a e canto, bandas e palha\u00e7os. A organiza\u00e7\u00e3o do Craques da Vida ofereceu tamb\u00e9m uma sala para receber familiares e dependentes que buscavam se informar ou ao menos conversar sobre o assunto.<\/p>\n<p><span style=\"color: #ff6600;\">\u201cAinda somos uma sociedade carente desse tipo de pol\u00edticas p\u00fablicas, por isso o Craques da Vida \u00e9 um ato de amor \u00e0 nossa comunidade, uma forma de trazer cultura para a popula\u00e7\u00e3o e mostrar que para esse problema das drogas h\u00e1 sim in\u00fameras solu\u00e7\u00f5es\u201d, diz Elisabete Schulz.<\/span><\/p>\n<p style=\"text-align: center;\"><a href=\"http:\/\/projetocineb.com.br\/wp-content\/uploads\/2011\/05\/DSC02191_01web.jpg\"><img loading=\"lazy\" decoding=\"async\" class=\"aligncenter size-full wp-image-2079\" title=\"DSC02191_01web\" src=\"http:\/\/projetocineb.com.br\/wp-content\/uploads\/2011\/05\/DSC02191_01web.jpg\" alt=\"\" width=\"384\" height=\"292\" \/><\/a><\/p>\n<h2><span style=\"color: #008000;\">VIRA-LATA<\/span><\/h2>\n<p>Neste evento conversei com o consultor s\u00f3cio-ambiental do Projeto Vira-Lata, Wilson Santos, que trabalha para fortalecer as cooperativas de catadores de lixo recicl\u00e1vel da regi\u00e3o oeste de S\u00e3o Paulo.\u00a0 \u201cFocamos no trabalho de gera\u00e7\u00e3o de renda, conserva\u00e7\u00e3o e preserva\u00e7\u00e3o do planeta, al\u00e9m de organizar trabalhadores que est\u00e3o desempregados e oferecer uma forma de trabalho digna\u201d, diz Wilson Santos.<\/p>\n<p><span style=\"color: #ff6600;\">O Vira-Lata come\u00e7ou atendendo 4 desempregados e hoje gestiona 70 pessoas nos trabalhos que presta, como coletas de lixo recicl\u00e1vel em grandes eventos ou em condom\u00ednios e empresas como a Editora Globo. \u201cO volume que recolhemos sempre \u00e9 alto, nos tr\u00eas dias de show do U2 em S\u00e3o Paulo, recolhemos 500 mil latinhas\u201d, diz Wilson.<\/span><\/p>\n<p>Clique aqui para visitar o site do projeto Vira-Lata.<\/p>\n<h2><span style=\"color: #008000;\">CLICKS<\/span><\/h2>\n<figure id=\"attachment_2086\" aria-describedby=\"caption-attachment-2086\" style=\"width: 384px\" class=\"wp-caption aligncenter\"><a href=\"http:\/\/projetocineb.com.br\/wp-content\/uploads\/2011\/05\/DSC02219_01web.jpg\"><img loading=\"lazy\" decoding=\"async\" class=\"size-full wp-image-2086  \" title=\"Jaqueline Pereira e Jo\u00e3o Vitor\" src=\"http:\/\/projetocineb.com.br\/wp-content\/uploads\/2011\/05\/DSC02219_01web.jpg\" alt=\"Jaqueline Pereira e Jo\u00e3o Vitor\" width=\"384\" height=\"256\" \/><\/a><figcaption id=\"caption-attachment-2086\" class=\"wp-caption-text\">Os moradores do Rio Pequeno, Jaqueline Pereira e Jo\u00e3o Vitor<\/figcaption><\/figure>\n<figure id=\"attachment_2075\" aria-describedby=\"caption-attachment-2075\" style=\"width: 384px\" class=\"wp-caption aligncenter\"><a href=\"http:\/\/projetocineb.com.br\/wp-content\/uploads\/2011\/05\/DSC02183_01web.jpg\"><img loading=\"lazy\" decoding=\"async\" class=\"size-full wp-image-2075  \" title=\"O Padre Jo\u00e3o Carlos Borges, Hiram Ravache e Cid\u00e1lio Vieira Santos, coordenador do Cine B\" src=\"http:\/\/projetocineb.com.br\/wp-content\/uploads\/2011\/05\/DSC02183_01web.jpg\" alt=\"O Padre Jo\u00e3o Carlos Borges, Hiram Ravache e Cid\u00e1lio Vieira Santos, coordenador do Cine B\" width=\"384\" height=\"256\" \/><\/a><figcaption id=\"caption-attachment-2075\" class=\"wp-caption-text\">O Padre Jo\u00e3o Carlos Borges, Hiram Ravache e Cid\u00e1lio Vieira Santos, coordenador do Cine B<\/figcaption><\/figure>\n<figure id=\"attachment_2082\" aria-describedby=\"caption-attachment-2082\" style=\"width: 384px\" class=\"wp-caption aligncenter\"><a href=\"http:\/\/projetocineb.com.br\/wp-content\/uploads\/2011\/05\/DSC02208_01web.jpg\"><img loading=\"lazy\" decoding=\"async\" class=\"size-full wp-image-2082  \" title=\"At\u00e9 o coral de deficientes visuais da ONG Vis\u00e3o do Bem, coordenados por Marcio Rover, se apresentaram cantando musicas brasileiras\" src=\"http:\/\/projetocineb.com.br\/wp-content\/uploads\/2011\/05\/DSC02208_01web.jpg\" alt=\"At\u00e9 o coral de deficientes visuais da ONG Vis\u00e3o do Bem, coordenados por Marcio Rover, se apresentaram cantando musicas brasileiras\" width=\"384\" height=\"256\" \/><\/a><figcaption id=\"caption-attachment-2082\" class=\"wp-caption-text\">At\u00e9 o coral de deficientes visuais da ONG Vis\u00e3o do Bem, coordenados por Marcio Rover, se apresentaram cantando musicas brasileiras<\/figcaption><\/figure>\n<figure id=\"attachment_2084\" aria-describedby=\"caption-attachment-2084\" style=\"width: 384px\" class=\"wp-caption aligncenter\"><a href=\"http:\/\/projetocineb.com.br\/wp-content\/uploads\/2011\/05\/DSC02215_01web.jpg\"><img loading=\"lazy\" decoding=\"async\" class=\"size-full wp-image-2084  \" title=\"Moradores do Rio Pequeno, Nelson Tadeu Piaui e sua esposa Maisa Neves Piaui\" src=\"http:\/\/projetocineb.com.br\/wp-content\/uploads\/2011\/05\/DSC02215_01web.jpg\" alt=\"Moradores do Rio Pequeno, Nelson Tadeu Piaui e sua esposa Maisa Neves Piaui\" width=\"384\" height=\"256\" \/><\/a><figcaption id=\"caption-attachment-2084\" class=\"wp-caption-text\">Moradores do Rio Pequeno, Nelson Tadeu Piaui e sua esposa Maisa Neves Piaui<\/figcaption><\/figure>\n<figure id=\"attachment_2085\" aria-describedby=\"caption-attachment-2085\" style=\"width: 384px\" class=\"wp-caption aligncenter\"><a href=\"http:\/\/projetocineb.com.br\/wp-content\/uploads\/2011\/05\/DSC02216_01web.jpg\"><img loading=\"lazy\" decoding=\"async\" class=\"size-full wp-image-2085   \" title=\"Edimarta Galhardo acompanhou sua vizinha Maria Greg\u00f3rio da Silva, m\u00e3e do DJ Dall que se apresentou neste Craques da Vida\" src=\"http:\/\/projetocineb.com.br\/wp-content\/uploads\/2011\/05\/DSC02216_01web.jpg\" alt=\"Edimarta Galhardo acompanhou sua vizinha Maria Greg\u00f3rio da Silva, m\u00e3e do DJ Dall que se apresentou neste Craques da Vida\" width=\"384\" height=\"256\" \/><\/a><figcaption id=\"caption-attachment-2085\" class=\"wp-caption-text\">Edimarta Galhardo acompanhou sua vizinha Maria Greg\u00f3rio da Silva, m\u00e3e do DJ Dall que se apresentou neste Craques da Vida<\/figcaption><\/figure>\n<figure id=\"attachment_2077\" aria-describedby=\"caption-attachment-2077\" style=\"width: 384px\" class=\"wp-caption aligncenter\"><a href=\"http:\/\/projetocineb.com.br\/wp-content\/uploads\/2011\/05\/DSC02187_01web.jpg\"><img loading=\"lazy\" decoding=\"async\" class=\"size-full wp-image-2077  \" title=\"Os DJs comandando o 2 Craques da Vida\" src=\"http:\/\/projetocineb.com.br\/wp-content\/uploads\/2011\/05\/DSC02187_01web.jpg\" alt=\"Os DJs comandando o 2 Craques da Vida\" width=\"384\" height=\"256\" \/><\/a><figcaption id=\"caption-attachment-2077\" class=\"wp-caption-text\">Os DJs comandando o 2 Craques da Vida<\/figcaption><\/figure>\n<figure id=\"attachment_2080\" aria-describedby=\"caption-attachment-2080\" style=\"width: 384px\" class=\"wp-caption aligncenter\"><a href=\"http:\/\/projetocineb.com.br\/wp-content\/uploads\/2011\/05\/DSC02195_01web.jpg\"><img loading=\"lazy\" decoding=\"async\" class=\"size-full wp-image-2080  \" title=\"Diversos m\u00fasicos da regi\u00e3o se apresentaram no evento\" src=\"http:\/\/projetocineb.com.br\/wp-content\/uploads\/2011\/05\/DSC02195_01web.jpg\" alt=\"Diversos m\u00fasicos da regi\u00e3o se apresentaram no evento\" width=\"384\" height=\"256\" \/><\/a><figcaption id=\"caption-attachment-2080\" class=\"wp-caption-text\">Diversos m\u00fasicos da regi\u00e3o se apresentaram no evento<\/figcaption><\/figure>\n<figure id=\"attachment_2083\" aria-describedby=\"caption-attachment-2083\" style=\"width: 384px\" class=\"wp-caption aligncenter\"><a href=\"http:\/\/projetocineb.com.br\/wp-content\/uploads\/2011\/05\/DSC02214_01web.jpg\"><img loading=\"lazy\" decoding=\"async\" class=\"size-full wp-image-2083  \" title=\"Moradoras do Rio Pequeno, da esquerda para direita, Daniele Silva de Oliveira, 7, com sua m\u00e3e F\u00e1tima Eliana da Silva, a vizinha Maria do Carmo que trouxe seus filhos, Naiara de 10 anos, Mariana de 13 e Naiara Silva Andrade de 10 e a outra vizinha Marli de Jesus\" src=\"http:\/\/projetocineb.com.br\/wp-content\/uploads\/2011\/05\/DSC02214_01web.jpg\" alt=\"Moradoras do Rio Pequeno, da esquerda para direita, Daniele Silva de Oliveira, 7, com sua m\u00e3e F\u00e1tima Eliana da Silva, a vizinha Maria do Carmo que trouxe seus filhos, Naiara de 10 anos, Mariana de 13 e Naiara Silva Andrade de 10 e a outra vizinha Marli de Jesus\" width=\"384\" height=\"256\" \/><\/a><figcaption id=\"caption-attachment-2083\" class=\"wp-caption-text\">Moradoras do Rio Pequeno, da esquerda para direita, Daniele Silva de Oliveira, 7, com sua m\u00e3e F\u00e1tima Eliana da Silva, a vizinha Maria do Carmo que trouxe seus filhos, Naiara de 10 anos, Mariana de 13 e Naiara Silva Andrade de 10 e a outra vizinha Marli de Jesus<\/figcaption><\/figure>\n<p><span style=\"color: #008000;\"> <\/span><\/p>\n<figure id=\"attachment_2087\" aria-describedby=\"caption-attachment-2087\" style=\"width: 384px\" class=\"wp-caption aligncenter\"><a href=\"http:\/\/projetocineb.com.br\/wp-content\/uploads\/2011\/05\/DSC02223_01web.jpg\"><img loading=\"lazy\" decoding=\"async\" class=\"size-full wp-image-2087  \" title=\"No final do evento o Cine B fez sorteio de camisetas do projeto\" src=\"http:\/\/projetocineb.com.br\/wp-content\/uploads\/2011\/05\/DSC02223_01web.jpg\" alt=\"No final do evento o Cine B fez sorteio de camisetas do projeto\" width=\"384\" height=\"256\" \/><\/a><figcaption id=\"caption-attachment-2087\" class=\"wp-caption-text\">No final do evento o Cine B fez sorteio de camisetas do projeto<\/figcaption><\/figure>\n","protected":false},"excerpt":{"rendered":"<p>Curtas-metragens brasileiros foram exibidos pelo Cine B no evento Craques da Vida, realizado pela ONG Santo Dias, que h\u00e1 24[&#8230;]<\/p>\n","protected":false},"author":2,"featured_media":0,"comment_status":"open","ping_status":"open","sticky":false,"template":"","format":"standard","meta":[],"categories":[2],"tags":[242,263,266,358,1132,1250],"_links":{"self":[{"href":"https:\/\/projetocineb.com.br\/index.php?rest_route=\/wp\/v2\/posts\/2072"}],"collection":[{"href":"https:\/\/projetocineb.com.br\/index.php?rest_route=\/wp\/v2\/posts"}],"about":[{"href":"https:\/\/projetocineb.com.br\/index.php?rest_route=\/wp\/v2\/types\/post"}],"author":[{"embeddable":true,"href":"https:\/\/projetocineb.com.br\/index.php?rest_route=\/wp\/v2\/users\/2"}],"replies":[{"embeddable":true,"href":"https:\/\/projetocineb.com.br\/index.php?rest_route=%2Fwp%2Fv2%2Fcomments&post=2072"}],"version-history":[{"count":0,"href":"https:\/\/projetocineb.com.br\/index.php?rest_route=\/wp\/v2\/posts\/2072\/revisions"}],"wp:attachment":[{"href":"https:\/\/projetocineb.com.br\/index.php?rest_route=%2Fwp%2Fv2%2Fmedia&parent=2072"}],"wp:term":[{"taxonomy":"category","embeddable":true,"href":"https:\/\/projetocineb.com.br\/index.php?rest_route=%2Fwp%2Fv2%2Fcategories&post=2072"},{"taxonomy":"post_tag","embeddable":true,"href":"https:\/\/projetocineb.com.br\/index.php?rest_route=%2Fwp%2Fv2%2Ftags&post=2072"}],"curies":[{"name":"wp","href":"https:\/\/api.w.org\/{rel}","templated":true}]}}