{"id":2100,"date":"2011-05-16T00:31:38","date_gmt":"2011-05-16T03:31:38","guid":{"rendered":"http:\/\/projetocineb.com.br\/?p=2100"},"modified":"2011-05-16T00:31:38","modified_gmt":"2011-05-16T03:31:38","slug":"luz-centro-de-sao-paulo","status":"publish","type":"post","link":"https:\/\/projetocineb.com.br\/?p=2100","title":{"rendered":"LUZ &#8211; CENTRO DE S\u00c3O PAULO"},"content":{"rendered":"<figure id=\"attachment_2110\" aria-describedby=\"caption-attachment-2110\" style=\"width: 384px\" class=\"wp-caption aligncenter\"><a href=\"http:\/\/projetocineb.com.br\/wp-content\/uploads\/2011\/05\/DSC02288_01web.jpg\"><img fetchpriority=\"high\" decoding=\"async\" class=\"size-full wp-image-2110  \" title=\"Cine B no estacionamento da Padaria Casa Aurora\" src=\"http:\/\/projetocineb.com.br\/wp-content\/uploads\/2011\/05\/DSC02288_01web.jpg\" alt=\"Cine B no estacionamento da Padaria Casa Aurora\" width=\"384\" height=\"256\" \/><\/a><figcaption id=\"caption-attachment-2110\" class=\"wp-caption-text\">Mais de 100 espectadores estiveram no Cine B que aconteceu no estacionamento da Padaria Casa Aurora<\/figcaption><\/figure>\n<p>Em maio de 2011 <span style=\"color: #ff6600;\">a Prefeitura de S\u00e3o Paulo anunciou um projeto de revitaliza\u00e7\u00e3o do bairro da Luz a ser realizado por quatro empresas privadas, \u00e0 partir de 17 de junho desse ano. O projeto prop\u00f5e demolir diversos im\u00f3veis da regi\u00e3o<\/span> e construir no lugar, pr\u00e9dios funcionais, os quais o t\u00e9rreo \u00e9 comercial e os demais andares, residencial, al\u00e9m da transforma\u00e7\u00e3o de algumas ruas em cal\u00e7ad\u00f5es, num estilo urbanista semelhante algumas cidades europeias.<\/p>\n<p><span style=\"color: #ff6600;\">O problema \u00e9 que os moradores da Luz sequer foram consultados pela Prefeitura e h\u00e1 apenas tr\u00eas meses, alguns receberam a amarga not\u00edcia de que o im\u00f3vel que vivem ser\u00e1 demolido.<\/span><\/p>\n<p><span style=\"color: #ff6600;\">O Cine B, para n\u00e3o ficar de fora dessa, atrav\u00e9s do convite da Associa\u00e7\u00e3o dos Moradores e Amigos do Bairro da Santa Ifig\u00eania e Luz (AMOALUZ), armou o cinema no estacionamento da Padaria Casa Aurora, a qual est\u00e1 na injusta lista dos im\u00f3veis que ser\u00e3o demolidos.<\/span><\/p>\n<p>Esperamos que isso n\u00e3o aconte\u00e7a, e se depender da Paula Ribas, presidente da Associa\u00e7\u00e3o e os outros participantes do grupo, a revitaliza\u00e7\u00e3o do bairro ser\u00e1 mais coerente com a realidade da regi\u00e3o e, claro, menos especulativa.<\/p>\n<p><span style=\"color: #ff6600;\">\u201cA Prefeitura fez um trabalho de gabinete, h\u00e1 4 anos j\u00e1 vem planejando essa revitaliza\u00e7\u00e3o sem nunca ter nos consultado e voc\u00ea sabe, tudo que \u00e9 feito a portas fechadas, \u00e9 meio duvidoso\u201d, diz At\u00edlio Bari<\/span>, morador da regi\u00e3o e apresentador do Programa Em Cartaz, da TV Aberta S\u00e3o Paulo. <span style=\"color: #ff6600;\">\u201cDo jeito que a coisa andava, um dia ir\u00edamos acordar j\u00e1 com o trator pronto para derrubar nossa casa\u201d, diz<\/span>.<\/p>\n<p>Por isso, Paula Ribas, moradora da avenida Santa Ifig\u00eania, n\u00e3o se deu por satisfeita e h\u00e1 3 meses oficializou a Associa\u00e7\u00e3o de Moradores e saiu para a rua munida de um megafone para alertar os vizinhos da necessidade de se unirem contra a especula\u00e7\u00e3o imobili\u00e1ria. <span style=\"color: #ff6600;\">\u201cN\u00e3o somos contra essa revitaliza\u00e7\u00e3o, mas queremos ser ouvidos pois tudo foi decidido sem consultar a popula\u00e7\u00e3o\u201d, diz Paula.<\/span><\/p>\n<figure id=\"attachment_2109\" aria-describedby=\"caption-attachment-2109\" style=\"width: 384px\" class=\"wp-caption aligncenter\"><a href=\"http:\/\/projetocineb.com.br\/wp-content\/uploads\/2011\/05\/DSC02286_01web.jpg\"><img decoding=\"async\" class=\"size-full wp-image-2109  \" title=\"Cid\u00e1lio Vieira Santos, coordenador do Cine B descontrai a abertura do Cine B, com  a presidente da AMOALUZ, Paula Ribas e o deputado estadual pelo PT, Luiz Cl\u00e1dio Marcolino\" src=\"http:\/\/projetocineb.com.br\/wp-content\/uploads\/2011\/05\/DSC02286_01web.jpg\" alt=\"Cid\u00e1lio Vieira Santos, coordenador do Cine B descontrai a abertura do Cine B, com  a presidente da AMOALUZ, Paula Ribas e o deputado estadual pelo PT, Luiz Cl\u00e1dio Marcolino\" width=\"384\" height=\"256\" \/><\/a><figcaption id=\"caption-attachment-2109\" class=\"wp-caption-text\">Cid\u00e1lio Vieira Santos, coordenador do Cine B descontrai a abertura da sess\u00e3o, com  a presidente da AMOALUZ, Paula Ribas e o deputado estadual pelo PT, Luiz Cl\u00e1udio Marcolino<\/figcaption><\/figure>\n<p><span style=\"color: #ff6600;\">\u201cAqui n\u00e3o \u00e9 s\u00f3 cracol\u00e2ndia, tem muitos moradores em nosso bairro, e s\u00f3 quando nos juntamos \u00e9 que conseguimos ser ouvidos pelo governo e pela m\u00eddia\u201d, diz Walter Tabax, morador da Luz e participante da Associa\u00e7\u00e3o.<\/span> \u201cAinda estamos engatinhando, porque apesar de a alguns anos nossa Associa\u00e7\u00e3o j\u00e1 existir de maneira informal, h\u00e1 poucos meses que divulgamos com mais for\u00e7a nossas reivindica\u00e7\u00f5es como moradores e hoje conseguimos trazer o Cine B, que vai ajudar a trazer mais gente para nosso movimento\u201d, diz.<\/p>\n<p><span style=\"color: #ff6600;\">\u201cHoje programas de moradia precisam aliar cultura, esporte e lazer\u201d, diz o deputado estadual Luiz Cl\u00e1udio Marcolino, que compareceu nesta exibi\u00e7\u00e3o. \u201cO Cine B mostra que \u00e9 poss\u00edvel agir em conjunto com a comunidade, que isso pode trazer melhores resultados aos projetos do governo\u201d, diz.<\/span><\/p>\n<figure id=\"attachment_2103\" aria-describedby=\"caption-attachment-2103\" style=\"width: 384px\" class=\"wp-caption aligncenter\"><a href=\"http:\/\/projetocineb.com.br\/wp-content\/uploads\/2011\/05\/DSC02304_01web.jpg\"><img decoding=\"async\" class=\"size-full wp-image-2103  \" title=\"Essa \u00e9 uma das paredes de um antigo cinema que virou estacionamento, na rua XX. Nossa hist\u00f3ria arquitet\u00f4nica n\u00e3o pode ser apagada!\" src=\"http:\/\/projetocineb.com.br\/wp-content\/uploads\/2011\/05\/DSC02304_01web.jpg\" alt=\"Essa \u00e9 uma das paredes de um antigo cinema que virou estacionamento, na rua XX. Nossa hist\u00f3ria arquitet\u00f4nica n\u00e3o pode ser apagada!\" width=\"384\" height=\"256\" \/><\/a><figcaption id=\"caption-attachment-2103\" class=\"wp-caption-text\">Essa \u00e9 uma das paredes de um antigo cinema que virou estacionamento, na rua Guaianases. Nossa hist\u00f3ria arquitet\u00f4nica n\u00e3o pode ser apagada e para isso precisamos cuidar do Centro de S\u00e3o Paulo, n\u00e3o demolir<\/figcaption><\/figure>\n<h2><span style=\"color: #008000;\">MEGAFONE<\/span><\/h2>\n<p><span style=\"color: #ff6600;\">Paula Ribas come\u00e7ou montando um blog na internet<\/span> porque n\u00e3o se sentia representada como cidad\u00e3. \u201cA ideia foi chamar aten\u00e7\u00e3o dos outros moradores e desde ent\u00e3o muitas pessoas come\u00e7aram a participar\u201d, diz Paula. <span style=\"color: #ff6600;\">\u201cPeguei um megafone e fui na rua chamando outros moradores, porque os s\u00edndicos, como n\u00e3o acreditavam nas reinvindica\u00e7\u00f5es, me impediam de entrar nos pr\u00e9dios, e com o megafone, consegui entrar pela janela dos apartamentos\u201d, diz<\/span>.<\/p>\n<p>Alian\u00e7as com acad\u00eamicos, urbanistas, comerciantes, moradores e outras associa\u00e7\u00f5es do bairro continuam a ser formadas por Paula e seus colegas. <span style=\"color: #ff6600;\">\u201cO Cine B tamb\u00e9m \u00e9 uma forma de mostrarmos para as pessoas que estamos aqui, que moramos na Luz e Santa Infig\u00eania e que sozinhos podemos andar mais r\u00e1pido, mas juntos, podemos ir mais longe\u201d, diz Paula.<\/span><\/p>\n<h2><span style=\"color: #008000;\">AGRADECIMENTOS<\/span><\/h2>\n<p>Sempre o Cine B tem ajuda de <span style=\"color: #ff6600;\">jornalistas e ve\u00edculos da imprensa que divulgam nossas exibi\u00e7\u00f5es<\/span>, por isso vale a pena deixar aqui nosso muito obrigado <span style=\"color: #ff6600;\">a Monica Kikuti, do jornal <strong>Metro News<\/strong>, Carlos Moura, jornalista do <strong>Centro em Foco<\/strong>, ao site <strong>Catraca Livre<\/strong> e At\u00edlio Bari, que al\u00e9m de ter comparecido nesta exibi\u00e7\u00e3o, tamb\u00e9m a divulgou em seu programa <em><strong>Em Cartaz<\/strong><\/em>, que vai ao ar toda quinta-feira, ao meio dia e reprise no domingo, 1h da manh\u00e3.<\/span> Quem quiser curtir a p\u00e1gina do <a href=\"https:\/\/www.facebook.com\/#!\/pages\/Programa-Em-Cartaz\/204852149545221?sk=wall \" target=\"_blank\"><em>Em Cartaz<\/em> no Facebook, clique aqui<\/a>.<\/p>\n<p>E j\u00e1 aproveitando, At\u00edlio Bari \u00e9 tamb\u00e9m autor e diretor teatral e est\u00e1 com a pe\u00e7a infantil <span style=\"color: #ff6600;\"><em>Pigs \u2013 Os 3 porquinhos uai&#8230;<\/em>, no Teatro Ruth Escobar, domingos 17h30<\/span>. N\u00e3o perca, leve seu filho, ou a crian\u00e7a que existe dentro de voc\u00ea!<\/p>\n<h2><span style=\"color: #008000;\">CLICKS<\/span><\/h2>\n<figure id=\"attachment_2111\" aria-describedby=\"caption-attachment-2111\" style=\"width: 384px\" class=\"wp-caption aligncenter\"><a href=\"http:\/\/projetocineb.com.br\/wp-content\/uploads\/2011\/05\/DSC02291_01web.jpg\"><img loading=\"lazy\" decoding=\"async\" class=\"size-full wp-image-2111  \" title=\"O Cine B \u00e9 realizado pelo Sindicato dos Banc\u00e1rios de S\u00e3o Paulo, Osasco e Regi\u00e3o e Brazucah Produ\u00e7\u00f5es\" src=\"http:\/\/projetocineb.com.br\/wp-content\/uploads\/2011\/05\/DSC02291_01web.jpg\" alt=\"O Cine B \u00e9 realizado pelo Sindicato dos Banc\u00e1rios de S\u00e3o Paulo, Osasco e Regi\u00e3o e Brazucah Produ\u00e7\u00f5es\" width=\"384\" height=\"256\" \/><\/a><figcaption id=\"caption-attachment-2111\" class=\"wp-caption-text\">O Cine B \u00e9 realizado pelo Sindicato dos Banc\u00e1rios de S\u00e3o Paulo, Osasco e Regi\u00e3o e Brazucah Produ\u00e7\u00f5es<\/figcaption><\/figure>\n<figure id=\"attachment_2106\" aria-describedby=\"caption-attachment-2106\" style=\"width: 384px\" class=\"wp-caption aligncenter\"><a href=\"http:\/\/projetocineb.com.br\/wp-content\/uploads\/2011\/05\/DSC02279_01web.jpg\"><img loading=\"lazy\" decoding=\"async\" class=\"size-full wp-image-2106  \" title=\"Haroldo Carros da Silva e sua esposa Mirtes Oliveira Santos, moradores do Centro\" src=\"http:\/\/projetocineb.com.br\/wp-content\/uploads\/2011\/05\/DSC02279_01web.jpg\" alt=\"Haroldo Carros da Silva e sua esposa Mirtes Oliveira Santos, moradores do Centro\" width=\"384\" height=\"256\" \/><\/a><figcaption id=\"caption-attachment-2106\" class=\"wp-caption-text\">Haroldo Carros da Silva e sua esposa Mirtes Oliveira Santos, moradores do Centro<\/figcaption><\/figure>\n<figure id=\"attachment_2108\" aria-describedby=\"caption-attachment-2108\" style=\"width: 384px\" class=\"wp-caption aligncenter\"><a href=\"http:\/\/projetocineb.com.br\/wp-content\/uploads\/2011\/05\/DSC02283_01web.jpg\"><img loading=\"lazy\" decoding=\"async\" class=\"size-full wp-image-2108  \" title=\"&quot;J\u00e1 assisti ao Quincas Berro D'\u00e1gua, mas como gostei, hoje vim assistir de novo&quot;, disse Rosilda de Melo Vandeira (esquerda), que veio acompanhada de Eloise Dantas\" src=\"http:\/\/projetocineb.com.br\/wp-content\/uploads\/2011\/05\/DSC02283_01web.jpg\" alt=\"&quot;J\u00e1 assisti ao Quincas Berro D'\u00e1gua, mas como gostei, hoje vim assistir de novo&quot;, disse Rosilda de Melo Vandeira (esquerda), que veio acompanhada de Eloise Dantas\" width=\"384\" height=\"256\" \/><\/a><figcaption id=\"caption-attachment-2108\" class=\"wp-caption-text\">&quot;J\u00e1 assisti ao Quincas Berro D&#39;\u00e1gua, mas como gostei, hoje vim assistir de novo&quot;, disse Rosilda de Melo Vandeira (esquerda), que veio acompanhada de Eloise Dantas<\/figcaption><\/figure>\n<figure id=\"attachment_2112\" aria-describedby=\"caption-attachment-2112\" style=\"width: 384px\" class=\"wp-caption aligncenter\"><a href=\"http:\/\/projetocineb.com.br\/wp-content\/uploads\/2011\/05\/DSC02295_01web.jpg\"><img loading=\"lazy\" decoding=\"async\" class=\"size-full wp-image-2112  \" title=\"Seu Ant\u00f4nio Nascimento, nosso pipoqueiro oficial, sempre animado servindo a tradicional pipoca do Cine B\" src=\"http:\/\/projetocineb.com.br\/wp-content\/uploads\/2011\/05\/DSC02295_01web.jpg\" alt=\"Seu Ant\u00f4nio Nascimento, nosso pipoqueiro oficial, sempre animado servindo a tradicional pipoca do Cine B\" width=\"384\" height=\"256\" \/><\/a><figcaption id=\"caption-attachment-2112\" class=\"wp-caption-text\">Seu Ant\u00f4nio Nascimento, nosso pipoqueiro oficial, sempre animado servindo a tradicional pipoca do Cine B<\/figcaption><\/figure>\n<figure id=\"attachment_2107\" aria-describedby=\"caption-attachment-2107\" style=\"width: 384px\" class=\"wp-caption aligncenter\"><a href=\"http:\/\/projetocineb.com.br\/wp-content\/uploads\/2011\/05\/DSC02280_01web.jpg\"><img loading=\"lazy\" decoding=\"async\" class=\"size-full wp-image-2107  \" title=\"&quot;Antigamente ia muito ao teatro, mas como a gente trabalha muito hoje n\u00e3o vou ao cinema&quot;, disse a moradora do Centro de S\u00e3o Paulo Veneranda Alves Barbosa Sousa com sua filha Vitoria Alves Lisboa de 10 anos e a amiga Ana Jaice da Costa, de 9 anos\" src=\"http:\/\/projetocineb.com.br\/wp-content\/uploads\/2011\/05\/DSC02280_01web.jpg\" alt=\"&quot;Antigamente ia muito ao teatro, mas como a gente trabalha muito hoje n\u00e3o vou ao cinema&quot;, disse a moradora do Centro de S\u00e3o Paulo Veneranda Alves Barbosa Sousa com sua filha Vitoria Alves Lisboa de 10 anos e a amiga Ana Jaice da Costa, de 9 anos\" width=\"384\" height=\"256\" \/><\/a><figcaption id=\"caption-attachment-2107\" class=\"wp-caption-text\">&quot;Antigamente ia muito ao teatro, mas como a gente trabalha muito hoje n\u00e3o vou ao cinema&quot;, disse a moradora do Centro de S\u00e3o Paulo Veneranda Alves Barbosa Sousa com sua filha Vitoria Alves Lisboa de 10 anos e a amiga Ana Jaice da Costa, de 9 anos<\/figcaption><\/figure>\n<figure id=\"attachment_2113\" aria-describedby=\"caption-attachment-2113\" style=\"width: 384px\" class=\"wp-caption aligncenter\"><a href=\"http:\/\/projetocineb.com.br\/wp-content\/uploads\/2011\/05\/DSC02297_01web.jpg\"><img loading=\"lazy\" decoding=\"async\" class=\"size-full wp-image-2113  \" title=\"A espectadora de Belo Horizonte, Renata Molandi aprovou o Cine B e veio acompanhada de seu namorado, Guilherme Acruche\" src=\"http:\/\/projetocineb.com.br\/wp-content\/uploads\/2011\/05\/DSC02297_01web.jpg\" alt=\"A espectadora de Belo Horizonte, Renata Molandi aprovou o Cine B e veio acompanhada de seu namorado, Guilherme Acruche\" width=\"384\" height=\"256\" \/><\/a><figcaption id=\"caption-attachment-2113\" class=\"wp-caption-text\">A espectadora de Belo Horizonte, Renata Molandi aprovou o Cine B e veio acompanhada de seu namorado, Guilherme Acruche<\/figcaption><\/figure>\n<figure id=\"attachment_2114\" aria-describedby=\"caption-attachment-2114\" style=\"width: 384px\" class=\"wp-caption aligncenter\"><a href=\"http:\/\/projetocineb.com.br\/wp-content\/uploads\/2011\/05\/DSC02298_01web.jpg\"><img loading=\"lazy\" decoding=\"async\" class=\"size-full wp-image-2114  \" title=\"S\u00e3o de Guarulhos e estavam passeando no Centro de S\u00e3o Paulo e pegaram um Cine B: Moacir Tadeu Barbosa, sua esposa Cristiane Ramos e a filha atriz Hemily Ramos, de 13 anos\" src=\"http:\/\/projetocineb.com.br\/wp-content\/uploads\/2011\/05\/DSC02298_01web.jpg\" alt=\"S\u00e3o de Guarulhos e estavam passeando no Centro de S\u00e3o Paulo e pegaram um Cine B: Moacir Tadeu Barbosa, sua esposa Cristiane Ramos e a filha atriz Hemily Ramos, de 13 anos\" width=\"384\" height=\"256\" \/><\/a><figcaption id=\"caption-attachment-2114\" class=\"wp-caption-text\">S\u00e3o de Guarulhos e estavam passeando no Centro de S\u00e3o Paulo e pegaram um Cine B: Moacir Tadeu Barbosa, sua esposa Cristiane Ramos e a filha atriz Hemily Ramos, de 13 anos<\/figcaption><\/figure>\n<figure id=\"attachment_2115\" aria-describedby=\"caption-attachment-2115\" style=\"width: 384px\" class=\"wp-caption aligncenter\"><a href=\"http:\/\/projetocineb.com.br\/wp-content\/uploads\/2011\/05\/DSC02311_01web.jpg\"><img loading=\"lazy\" decoding=\"async\" class=\"size-full wp-image-2115  \" title=\"Os sortudos da noite que levaram para casa camisetas do Cine B, al\u00e9m de canecas e livros da exposi\u00e7\u00e3o Corpo Humano e agendas do Sindicato dos Banc\u00e1rios\" src=\"http:\/\/projetocineb.com.br\/wp-content\/uploads\/2011\/05\/DSC02311_01web.jpg\" alt=\"Os sortudos da noite que levaram para casa camisetas do Cine B, al\u00e9m de canecas e livros da exposi\u00e7\u00e3o Corpo Humano e agendas do Sindicato dos Banc\u00e1rios\" width=\"384\" height=\"256\" \/><\/a><figcaption id=\"caption-attachment-2115\" class=\"wp-caption-text\">Os sortudos da noite que levaram para casa camisetas do Cine B, al\u00e9m de canecas e livros da exposi\u00e7\u00e3o Corpo Humano e agendas do Sindicato dos Banc\u00e1rios<\/figcaption><\/figure>\n<p><span style=\"color: #008000;\"><br \/>\n<\/span><\/p>\n","protected":false},"excerpt":{"rendered":"<p>Em maio de 2011 a Prefeitura de S\u00e3o Paulo anunciou um projeto de revitaliza\u00e7\u00e3o do bairro da Luz a ser[&#8230;]<\/p>\n","protected":false},"author":2,"featured_media":0,"comment_status":"open","ping_status":"open","sticky":false,"template":"","format":"standard","meta":[],"categories":[2],"tags":[67,154,209,242,263,760,767,1087,1132],"_links":{"self":[{"href":"https:\/\/projetocineb.com.br\/index.php?rest_route=\/wp\/v2\/posts\/2100"}],"collection":[{"href":"https:\/\/projetocineb.com.br\/index.php?rest_route=\/wp\/v2\/posts"}],"about":[{"href":"https:\/\/projetocineb.com.br\/index.php?rest_route=\/wp\/v2\/types\/post"}],"author":[{"embeddable":true,"href":"https:\/\/projetocineb.com.br\/index.php?rest_route=\/wp\/v2\/users\/2"}],"replies":[{"embeddable":true,"href":"https:\/\/projetocineb.com.br\/index.php?rest_route=%2Fwp%2Fv2%2Fcomments&post=2100"}],"version-history":[{"count":0,"href":"https:\/\/projetocineb.com.br\/index.php?rest_route=\/wp\/v2\/posts\/2100\/revisions"}],"wp:attachment":[{"href":"https:\/\/projetocineb.com.br\/index.php?rest_route=%2Fwp%2Fv2%2Fmedia&parent=2100"}],"wp:term":[{"taxonomy":"category","embeddable":true,"href":"https:\/\/projetocineb.com.br\/index.php?rest_route=%2Fwp%2Fv2%2Fcategories&post=2100"},{"taxonomy":"post_tag","embeddable":true,"href":"https:\/\/projetocineb.com.br\/index.php?rest_route=%2Fwp%2Fv2%2Ftags&post=2100"}],"curies":[{"name":"wp","href":"https:\/\/api.w.org\/{rel}","templated":true}]}}