{"id":21166,"date":"2024-03-11T11:13:41","date_gmt":"2024-03-11T14:13:41","guid":{"rendered":"https:\/\/projetocineb.com.br\/?p=21166"},"modified":"2024-07-04T20:01:59","modified_gmt":"2024-07-04T23:01:59","slug":"em-cartaz-no-cineb-solar-nosso-sonho","status":"publish","type":"post","link":"https:\/\/projetocineb.com.br\/?p=21166","title":{"rendered":"EM CARTAZ NO CineB Solar &#8220;NOSSO SONHO&#8221;"},"content":{"rendered":"\n<p><em>CineB Solar exibe o filme : &#8220;NOSSO SONHO&#8221; , estr\u00e9ia no Jardim Santa F\u00e9, zona sul de S\u00e3o Paulo<\/em><\/p>\n\n\n\n<figure class=\"wp-block-image size-large\"><img fetchpriority=\"high\" decoding=\"async\" width=\"697\" height=\"1024\" src=\"https:\/\/projetocineb.com.br\/wp-content\/uploads\/2024\/03\/Nosso-Sonho-poster-697x1024.jpeg\" alt=\"\" class=\"wp-image-21168\" srcset=\"https:\/\/projetocineb.com.br\/wp-content\/uploads\/2024\/03\/Nosso-Sonho-poster-697x1024.jpeg 697w, https:\/\/projetocineb.com.br\/wp-content\/uploads\/2024\/03\/Nosso-Sonho-poster-204x300.jpeg 204w, https:\/\/projetocineb.com.br\/wp-content\/uploads\/2024\/03\/Nosso-Sonho-poster-768x1128.jpeg 768w, https:\/\/projetocineb.com.br\/wp-content\/uploads\/2024\/03\/Nosso-Sonho-poster.jpeg 993w\" sizes=\"(max-width: 697px) 100vw, 697px\" \/><\/figure>\n\n\n\n<p>O CineB Solar pela primeira vez exibir\u00e1 o filme : \u201cNOSSO SONHO\u201d; neste filme biogr\u00e1fico, acompanhamos os cantores Claudinho e Bochecha , em seus primeiros anos de vida, em que j\u00e1 eram uma dupla de amigos antes mesmo de \u201cagitar o mundo\u201d com o \u201cRap do Salgueiro\u201d, trabalho criado para um concurso de m\u00fasica e que os levou ao estrelato. Um filme do diretor Eduardo Albergaria, ter\u00e1 sua estr\u00e9ia no CineB Solar dia 16 de mar\u00e7o \u00e0s 19h na Associa\u00e7\u00e3o Beneficente Quinta Normal \u2013 no Jardim Santa F\u00e9, convites com Marcelo ou Marcinho.<\/p>\n\n\n\n<p>SINOPSE<br>Nosso Sonho&#8221; \u00e9 uma cinebiografia de &#8220;Claudinho e Buchecha&#8221;, dupla de maior sucesso do funk melody nacional de todos os tempos e \u00edcone m\u00e1ximo do g\u00eanero na m\u00fasica brasileira. A hist\u00f3ria de uma amizade que se transforma em for\u00e7a de supera\u00e7\u00e3o e conquista. Um filme que mostra como o ritmo e a poesia da periferia conquistaram o Brasil. Uma hist\u00f3ria real repleta de fantasia. Um musical, emocionante e divertido, feito de drama e trag\u00e9dias, mas tamb\u00e9m de humor, surpresas e reden\u00e7\u00e3o .<\/p>\n\n\n\n<p>CLASSIFICA\u00c7\u00c3O: 12 anos<\/p>\n\n\n\n<figure class=\"wp-block-embed is-type-video is-provider-youtube wp-block-embed-youtube wp-embed-aspect-16-9 wp-has-aspect-ratio\"><div class=\"wp-block-embed__wrapper\">\n<iframe title=\"NOSSO SONHO | Trailer Oficial\" width=\"840\" height=\"473\" src=\"https:\/\/www.youtube.com\/embed\/u-HjfQ4am88?feature=oembed\" frameborder=\"0\" allow=\"accelerometer; autoplay; clipboard-write; encrypted-media; gyroscope; picture-in-picture; web-share\" allowfullscreen><\/iframe>\n<\/div><\/figure>\n\n\n\n<p>Sobre o CIneB Solar:<\/p>\n\n\n\n<p>CineB Solar \u00e9 um circuito itinerante de cinema que exibe de filmes brasileiros (longas e curtas) em espa\u00e7os comunit\u00e1rios e universidades de S\u00e3o Paulo, Osasco e Regi\u00e3o, realizado pelo Sindicato dos Banc\u00e1rios de S\u00e3o Paulo, Osasco e Regi\u00e3o e pela Brazucah Produ\u00e7\u00f5es. Desde 2007, o projeto j\u00e1 atingiu um p\u00fablico de 90 mil espectadores em mais de 700 sess\u00f5es gratuitas realizadas em comunidades e universidades de S\u00e3o Paulo. Percorremos cerca de 200 bairros da cidade de S\u00e3o Paulo e 23 cidades fora de S\u00e3o Paulo. No ano de 2020 no momento de isolamento, para evitar aglomera\u00e7\u00f5es, nos reinventamos e preparamos novos projetos: CineB on-line, CineB Solar na Janela e CineB Autorama, a\u00e7\u00f5es para que todos possam ficar em casa e se divertir com uma sess\u00e3o de cinema. As sess\u00f5es s\u00e3o realizadas com a estrutura do CineSolar.<\/p>\n\n\n\n<p>O CineB Solar nasceu quando a vice-presidente da CUT SP- Ivone Silva era secret\u00e1ria de finan\u00e7as do Sindicato dos Banc\u00e1rios de S\u00e3o Paulo, Osasco e regi\u00e3o. E o deputado estadual do PT, Luiz Cl\u00e1udio Marcolino ocupava a presid\u00eancia do Sindicato dos Banc\u00e1rios de S\u00e3o Paulo, Osasco e regi\u00e3o.<br>\u201cEste \u00e9 um projeto que nos orgulha muito realizar, pois acreditamos que o cinema une as pessoas , e os filmes brasileiros nos ajuda a nos conhecermos melhor como cidad\u00e3o\u201d; destaca Ivone Silva.<\/p>\n\n\n\n<p>Siga o nosso projeto nas redes sociais:<\/p>\n\n\n\n<p>Instagram:<br>https:\/\/instagram.com\/projeto_cinebsolar<\/p>\n\n\n\n<p>Tiktok:<br>https:\/\/www.tiktok.com\/@cineb.solar<\/p>\n\n\n\n<p>Facebook: https:\/\/www.facebook.com\/@cinebsolar<\/p>\n\n\n\n<p>Youtube: youtube.com.br\/cinebsolar<br>Inscreva-se no canal de um like e compartilhe. Ative o sininho para receber as notifica\u00e7\u00f5es.<\/p>\n\n\n\n<p>Blog do projeto:<br>https:\/\/projetocineb.com.br\/<\/p>\n\n\n\n<p>Servi\u00e7o:<\/p>\n\n\n\n<p>CINEMA BRASILEIRO NO JARDIM SANTA F\u00c9<\/p>\n\n\n\n<p>DIA : 16 DE MAR\u00c7O- S\u00c1BADO &#8211; \u00c0S 19h<\/p>\n\n\n\n<p>LOCAL: Associa\u00e7\u00e3o Beneficente Quinta Normal<\/p>\n\n\n\n<p>ENDERE\u00c7O: Rua Pokan Natal 500- Jardim Santa f\u00e9<\/p>\n\n\n\n<p>RETIRADA DE CONVITES FALAR COM : Marcelo ou Marcinho<\/p>\n","protected":false},"excerpt":{"rendered":"<p>CineB Solar exibe o filme : &#8220;NOSSO SONHO&#8221; , estr\u00e9ia no Jardim Santa F\u00e9, zona sul de S\u00e3o Paulo O[&#8230;]<\/p>\n","protected":false},"author":4,"featured_media":21168,"comment_status":"open","ping_status":"open","sticky":false,"template":"","format":"standard","meta":[],"categories":[1288,4,1289],"tags":[],"_links":{"self":[{"href":"https:\/\/projetocineb.com.br\/index.php?rest_route=\/wp\/v2\/posts\/21166"}],"collection":[{"href":"https:\/\/projetocineb.com.br\/index.php?rest_route=\/wp\/v2\/posts"}],"about":[{"href":"https:\/\/projetocineb.com.br\/index.php?rest_route=\/wp\/v2\/types\/post"}],"author":[{"embeddable":true,"href":"https:\/\/projetocineb.com.br\/index.php?rest_route=\/wp\/v2\/users\/4"}],"replies":[{"embeddable":true,"href":"https:\/\/projetocineb.com.br\/index.php?rest_route=%2Fwp%2Fv2%2Fcomments&post=21166"}],"version-history":[{"count":2,"href":"https:\/\/projetocineb.com.br\/index.php?rest_route=\/wp\/v2\/posts\/21166\/revisions"}],"predecessor-version":[{"id":21169,"href":"https:\/\/projetocineb.com.br\/index.php?rest_route=\/wp\/v2\/posts\/21166\/revisions\/21169"}],"wp:featuredmedia":[{"embeddable":true,"href":"https:\/\/projetocineb.com.br\/index.php?rest_route=\/wp\/v2\/media\/21168"}],"wp:attachment":[{"href":"https:\/\/projetocineb.com.br\/index.php?rest_route=%2Fwp%2Fv2%2Fmedia&parent=21166"}],"wp:term":[{"taxonomy":"category","embeddable":true,"href":"https:\/\/projetocineb.com.br\/index.php?rest_route=%2Fwp%2Fv2%2Fcategories&post=21166"},{"taxonomy":"post_tag","embeddable":true,"href":"https:\/\/projetocineb.com.br\/index.php?rest_route=%2Fwp%2Fv2%2Ftags&post=21166"}],"curies":[{"name":"wp","href":"https:\/\/api.w.org\/{rel}","templated":true}]}}