{"id":2134,"date":"2011-05-25T18:19:22","date_gmt":"2011-05-25T21:19:22","guid":{"rendered":"http:\/\/projetocineb.com.br\/?p=2134"},"modified":"2011-05-25T18:19:22","modified_gmt":"2011-05-25T21:19:22","slug":"praca-ativismo-e-cinema-com-pipoca","status":"publish","type":"post","link":"https:\/\/projetocineb.com.br\/?p=2134","title":{"rendered":"PRA\u00c7A, ATIVISMO E CINEMA COM PIPOCA"},"content":{"rendered":"<p><em>Com informa\u00e7\u00f5es de Ricardo Ferraz e Carolina Tarrio do MBP<\/em><\/p>\n<p><span style=\"color: #ff6600;\">Pr\u00f3xima exibi\u00e7\u00e3o do Cine B acontecer\u00e1 dia 29\/5\/2011, 19h, na Pra\u00e7a Paulo Schiesari, na Vila Anglo Brasileira, zona oeste de S\u00e3o Paulo. O Movimento Boa Pra\u00e7a realiza o 24<\/span><sup><span style=\"color: #ff6600;\">o<\/span><\/sup><span style=\"color: #ff6600;\"> Pic Nic Comunit\u00e1rio com o tema \u201cDesinaugura\u00e7\u00e3o da Pra\u00e7a\u201d. O Movimento realizado por moradores da regi\u00e3o da Lapa, Vila Anglo e Alto de Pinheiros, exige que a reforma iniciada pela Prefeitura paulistana seja completada. <\/span><\/p>\n<figure id=\"attachment_2135\" aria-describedby=\"caption-attachment-2135\" style=\"width: 367px\" class=\"wp-caption aligncenter\"><a href=\"http:\/\/projetocineb.com.br\/wp-content\/uploads\/2011\/05\/227951_227970527216946_100000120025061_1073226_6565716_n.jpg\"><img fetchpriority=\"high\" decoding=\"async\" class=\"size-full wp-image-2135 \" title=\"Comunidade protestando com bom humor\" src=\"http:\/\/projetocineb.com.br\/wp-content\/uploads\/2011\/05\/227951_227970527216946_100000120025061_1073226_6565716_n.jpg\" alt=\"Comunidade protestando com bom humor\" width=\"367\" height=\"504\" \/><\/a><figcaption id=\"caption-attachment-2135\" class=\"wp-caption-text\">Comunidade protestando com bom humor<\/figcaption><\/figure>\n<p>O Cine B participa deste evento exibindo os filmes <em><span style=\"color: #ff6600;\">Quincas Berro D\u2019\u00e1gua<\/span><\/em><span style=\"color: #ff6600;\"> (dirigido por S\u00e9rgio Machado, baseado no livro A morte e a morte de Quincas Berro D\u2019\u00e1gua de Jorge Amado) e <\/span><em><span style=\"color: #ff6600;\">Uma hist\u00f3ria de futebol<\/span><\/em><span style=\"color: #ff6600;\"> (de Paulo Machline, concorreu ao Oscar de melhor curta em 2001, conta a hist\u00f3ria de Pel\u00e9 quando jovaga em Bauru, ainda crian\u00e7a)<\/span>.<\/p>\n<p><span style=\"color: #000000;\">\u201cA id\u00e9ia do Cine B \u00e9 popularizar o cinema nacional, construindo um circuito de exibi\u00e7\u00e3o alternativa de produ\u00e7\u00f5es brasileiras de longas e curtas metragens. Acreditamos que a parceria com o Movimento Boa Pra\u00e7a \u00e9 uma \u00f3tima oportunidade para isso\u201d, diz Cid\u00e1lio Santos, coordenador do Cine B.<\/span><\/p>\n<h2><strong><span style=\"color: #008000;\">DESINAUGURA\u00c7\u00c3O<\/span><\/strong><\/h2>\n<p><strong> <\/strong><span style=\"color: #ff6600;\">\u201cO movimento decidiu reclamar depois de se cansar de cobrar o poder p\u00fablico pela realiza\u00e7\u00e3o da reforma\u201d, diz Carolina Tarrio, uma das coordenadoras do Boa Pra\u00e7a.<\/span><\/p>\n<p>A reforma foi articulada no fim de 2009, quando o Movimento Boa Pra\u00e7a obteve atrav\u00e9s do gabinete do Vereador Eliseu Gabriel (PSB), uma emenda parlamentar no valor de R$ 80 mil, sendo R$ 20 mil para ilumina\u00e7\u00e3o e R$ 60 mil para a obra. Uma lei de autoria do Vereador, proibe situa\u00e7\u00e3o de risco a 100 metros de qualquer escola p\u00fablica e a Pra\u00e7a Paulo Schiesari fica em frente \u00e0 Escola Estadual Mauro de Oliveira.<\/p>\n<p>A obra foi \u00a0iniciada em dezembro de 2010, mais de um ano depois do prazo. Durante esse tempo, o Boa Pra\u00e7a cobrou a subprefeitura sistematicamente e promoveu a realiza\u00e7\u00e3o de um projeto arquitet\u00f4nico coletivo, com aux\u00edlio dos arquitetos Thea Standerski, Eduardo Martini e Sun Alex.\u00a0<span style=\"color: #ff6600;\">De maneira resumida, o projeto propunha melhora na ilumina\u00e7\u00e3o, adequa\u00e7\u00e3o do espa\u00e7o \u00e0s normas de acessibilidade, reforma do passeio e readequa\u00e7\u00e3o do parquinho, al\u00e9m de podas e an\u00e1lise das \u00e1rvores comprometidas.<\/span><\/p>\n<p>Por causa de uma verba limitada, a subprefeitura da Lapa se comprometeu a executar muitas reivindica\u00e7\u00f5es. <span style=\"color: #ff6600;\">Depois de tr\u00eas meses de obras, com os moradores fiscalizando de perto porque a empresa contratada n\u00e3o aparecia para fazer o servi\u00e7o, a prefeitura reformou o passeio, construiu um assento e um novo acesso no patamar inferior.\u00a0Muitas outras reivindica\u00e7\u00f5es n\u00e3o foram feitas.<\/span> Os brinquedos do parquinho est\u00e3o ruins, a pra\u00e7a e o terreno baldio vizinho continuam escuros, e nenhuma obra realizada foi pintada.\u00a0\u201cAt\u00e9 mesmo os servi\u00e7os mais simples, como podas, deixaram de ser realizados\u201d, diz Ricardo Ferraz, morador da Vila Anglo. <span style=\"color: #ff6600;\">\u201cGostar\u00edamos que a subprefeitura visse o Boa Pra\u00e7a como parceiro para trabalhar de maneira mais pr\u00f3xima \u00e0 popula\u00e7\u00e3o, mas n\u00e3o \u00e9 isso o que tem ocorrido\u201d, diz Carolina Tarrio.<\/span><\/p>\n<p><strong><br \/>\n<\/strong><\/p>\n","protected":false},"excerpt":{"rendered":"<p>Com informa\u00e7\u00f5es de Ricardo Ferraz e Carolina Tarrio do MBP Pr\u00f3xima exibi\u00e7\u00e3o do Cine B acontecer\u00e1 dia 29\/5\/2011, 19h, na[&#8230;]<\/p>\n","protected":false},"author":2,"featured_media":0,"comment_status":"open","ping_status":"open","sticky":false,"template":"","format":"standard","meta":[],"categories":[10],"tags":[154,242,263,266,732,825,1095,1132,1219,1250],"_links":{"self":[{"href":"https:\/\/projetocineb.com.br\/index.php?rest_route=\/wp\/v2\/posts\/2134"}],"collection":[{"href":"https:\/\/projetocineb.com.br\/index.php?rest_route=\/wp\/v2\/posts"}],"about":[{"href":"https:\/\/projetocineb.com.br\/index.php?rest_route=\/wp\/v2\/types\/post"}],"author":[{"embeddable":true,"href":"https:\/\/projetocineb.com.br\/index.php?rest_route=\/wp\/v2\/users\/2"}],"replies":[{"embeddable":true,"href":"https:\/\/projetocineb.com.br\/index.php?rest_route=%2Fwp%2Fv2%2Fcomments&post=2134"}],"version-history":[{"count":0,"href":"https:\/\/projetocineb.com.br\/index.php?rest_route=\/wp\/v2\/posts\/2134\/revisions"}],"wp:attachment":[{"href":"https:\/\/projetocineb.com.br\/index.php?rest_route=%2Fwp%2Fv2%2Fmedia&parent=2134"}],"wp:term":[{"taxonomy":"category","embeddable":true,"href":"https:\/\/projetocineb.com.br\/index.php?rest_route=%2Fwp%2Fv2%2Fcategories&post=2134"},{"taxonomy":"post_tag","embeddable":true,"href":"https:\/\/projetocineb.com.br\/index.php?rest_route=%2Fwp%2Fv2%2Ftags&post=2134"}],"curies":[{"name":"wp","href":"https:\/\/api.w.org\/{rel}","templated":true}]}}