{"id":2140,"date":"2011-05-30T10:58:29","date_gmt":"2011-05-30T13:58:29","guid":{"rendered":"http:\/\/projetocineb.com.br\/?p=2140"},"modified":"2011-05-30T10:58:29","modified_gmt":"2011-05-30T13:58:29","slug":"vila-anglo-desinaugura-praca-com-cinema","status":"publish","type":"post","link":"https:\/\/projetocineb.com.br\/?p=2140","title":{"rendered":"VILA ANGLO DESINAUGURA PRA\u00c7A COM CINEMA"},"content":{"rendered":"<figure id=\"attachment_2168\" aria-describedby=\"caption-attachment-2168\" style=\"width: 384px\" class=\"wp-caption aligncenter\"><a href=\"http:\/\/projetocineb.com.br\/wp-content\/uploads\/2011\/05\/DSC00441_01web.jpg\"><img fetchpriority=\"high\" decoding=\"async\" class=\"size-full wp-image-2168  \" title=\"\u00daltima exibi\u00e7\u00e3o da programa\u00e7\u00e3o de maio do Cine B na Pra\u00e7a Paulo Schiesari, zona oeste de S\u00e3o Paulo\" src=\"http:\/\/projetocineb.com.br\/wp-content\/uploads\/2011\/05\/DSC00441_01web.jpg\" alt=\"\u00daltima exibi\u00e7\u00e3o da programa\u00e7\u00e3o de maio do Cine B na Pra\u00e7a Paulo Schiesari, zona oeste de S\u00e3o Paulo\" width=\"384\" height=\"288\" \/><\/a><figcaption id=\"caption-attachment-2168\" class=\"wp-caption-text\">\u00daltima exibi\u00e7\u00e3o da programa\u00e7\u00e3o de maio do Cine B na Pra\u00e7a Paulo Schiesari, zona oeste de S\u00e3o Paulo<\/figcaption><\/figure>\n<p>O Cine B realizou sua \u00faltima exibi\u00e7\u00e3o de maio no <span style=\"color: #ff6600;\">2<\/span><span style=\"color: #ff6600;\">4<\/span><sup><span style=\"color: #ff6600;\">o<\/span><\/sup><span style=\"color: #ff6600;\"> Pic Nic do Movimento Boa Pra\u00e7a, com o tema \u201cDesinaugura\u00e7\u00e3o da Pra\u00e7a\u201d<\/span>. De forma bem humorada, este Movimento articulado por moradores dos bairros Vila Anglo Brasileira, Lapa e Alto de Pinheiros protestaram porque a obra de revitaliza\u00e7\u00e3o da <span style=\"color: #ff6600;\">Pra\u00e7a Paulo Schiesari feita pela Prefeitura n\u00e3o foi conclu\u00edda. E, ali\u00e1s, nunca inaugurada<\/span>.<\/p>\n<figure id=\"attachment_2159\" aria-describedby=\"caption-attachment-2159\" style=\"width: 389px\" class=\"wp-caption aligncenter\"><a href=\"http:\/\/projetocineb.com.br\/wp-content\/uploads\/2011\/05\/DSC00360_01web.jpg\"><img decoding=\"async\" class=\"size-full wp-image-2159   \" title=\"O movimento dos moradores formou uma bonita festa na Pra\u00e7a Paulo Schiesari\" src=\"http:\/\/projetocineb.com.br\/wp-content\/uploads\/2011\/05\/DSC00360_01web.jpg\" alt=\"O movimento dos moradores formou uma bonita festa na Pra\u00e7a Paulo Schiesari\" width=\"389\" height=\"86\" \/><\/a><figcaption id=\"caption-attachment-2159\" class=\"wp-caption-text\">O movimento dos moradores formou uma bonita festa na Pra\u00e7a Paulo Schiesari<\/figcaption><\/figure>\n<p><span style=\"color: #ff6600;\">\u201cConseguimos uma verba de 80 mil reais para que a SubPrefeitura da Lapa reformasse muretas da pra\u00e7a, brinquedos do parquinho, ilumina\u00e7\u00e3o e apropria\u00e7\u00e3o de um terreno baldio vizinho,\u201d, diz Ricardo Ferraz, do Movimento Boa Pra\u00e7a. \u201cN\u00e3o nos prestaram conta de como foi gasto o dinheiro, mas a obra n\u00e3o foi conclu\u00edda e eles reformaram todo o cal\u00e7amento ao redor da Pra\u00e7a, o que era desnecess\u00e1rio\u201d, diz.<\/span><\/p>\n<p><span style=\"color: #ff6600;\"> <\/span><\/p>\n<figure id=\"attachment_2153\" aria-describedby=\"caption-attachment-2153\" style=\"width: 384px\" class=\"wp-caption aligncenter\"><a href=\"http:\/\/projetocineb.com.br\/wp-content\/uploads\/2011\/05\/DSC00294_01web.jpg\"><img decoding=\"async\" class=\"size-full wp-image-2153  \" title=\"O parquinho de tarde\" src=\"http:\/\/projetocineb.com.br\/wp-content\/uploads\/2011\/05\/DSC00294_01web.jpg\" alt=\"O parquinho de tarde\" width=\"384\" height=\"288\" \/><\/a><figcaption id=\"caption-attachment-2153\" class=\"wp-caption-text\">O parquinho durante a tarde da Desinaugura\u00e7\u00e3o<\/figcaption><\/figure>\n<p>Ali\u00e1s, <span style=\"color: #ff6600;\">se n\u00e3o fosse pelos moradores, nenhuma crian\u00e7a iria brincar no balan\u00e7o da pra\u00e7a<\/span>, que se encontrava no come\u00e7o da tarde, em estado deplor\u00e1vel. Ali\u00e1s, n\u00e3o tinha balan\u00e7o algum.<\/p>\n<figure id=\"attachment_2152\" aria-describedby=\"caption-attachment-2152\" style=\"width: 384px\" class=\"wp-caption aligncenter\"><a href=\"http:\/\/projetocineb.com.br\/wp-content\/uploads\/2011\/05\/DSC00292_01web.jpg\"><img loading=\"lazy\" decoding=\"async\" class=\"size-full wp-image-2152  \" title=\"O morador Raimundo concentrado na tarefa de fazer balan\u00e7os para o parquinho\" src=\"http:\/\/projetocineb.com.br\/wp-content\/uploads\/2011\/05\/DSC00292_01web.jpg\" alt=\"O morador Raimundo concentrado na tarefa de fazer balan\u00e7os para o parquinho\" width=\"384\" height=\"288\" \/><\/a><figcaption id=\"caption-attachment-2152\" class=\"wp-caption-text\">O morador Raimundo concentrado na tarefa de fazer balan\u00e7os para o parquinho<\/figcaption><\/figure>\n<figure id=\"attachment_2163\" aria-describedby=\"caption-attachment-2163\" style=\"width: 384px\" class=\"wp-caption aligncenter\"><a href=\"http:\/\/projetocineb.com.br\/wp-content\/uploads\/2011\/05\/DSC00399_01web.jpg\"><img loading=\"lazy\" decoding=\"async\" class=\"size-full wp-image-2163  \" title=\"\u201cComo tenho facilidade com esse tipo de trabalho, t\u00f4 tentando fazer esse balan\u00e7o funcionar\u201d, diz o morador Raimundo Nobrega, que foi ajudado por alguns vizinhos na tarefa. Um pouco antes do Cine B come\u00e7ar, o balan\u00e7o ficou pronto e as crian\u00e7as aproveitaram!\" src=\"http:\/\/projetocineb.com.br\/wp-content\/uploads\/2011\/05\/DSC00399_01web.jpg\" alt=\"\u201cComo tenho facilidade com esse tipo de trabalho, t\u00f4 tentando fazer esse balan\u00e7o funcionar\u201d, diz o morador Raimundo Nobrega, que foi ajudado por alguns vizinhos na tarefa. Um pouco antes do Cine B come\u00e7ar, o balan\u00e7o ficou pronto e as crian\u00e7as aproveitaram!\" width=\"384\" height=\"288\" \/><\/a><figcaption id=\"caption-attachment-2163\" class=\"wp-caption-text\">\u201cComo tenho facilidade com esse tipo de trabalho, t\u00f4 tentando fazer esse balan\u00e7o funcionar\u201d, diz o morador Raimundo Nobrega, que foi ajudado por alguns vizinhos na tarefa. Um pouco antes do Cine B come\u00e7ar, o balan\u00e7o ficou pronto e as crian\u00e7as aproveitaram!<\/figcaption><\/figure>\n<figure id=\"attachment_2165\" aria-describedby=\"caption-attachment-2165\" style=\"width: 384px\" class=\"wp-caption aligncenter\"><a href=\"http:\/\/projetocineb.com.br\/wp-content\/uploads\/2011\/05\/DSC00414_01web.jpg\"><img loading=\"lazy\" decoding=\"async\" class=\"size-full wp-image-2165  \" title=\"Depois que os vizinhos colocaram as &quot;m\u00e3os na massa&quot;, o balan\u00e7o voltou a funcionar e alegrar as crian\u00e7as!\" src=\"http:\/\/projetocineb.com.br\/wp-content\/uploads\/2011\/05\/DSC00414_01web.jpg\" alt=\"Depois que os vizinhos colocaram as &quot;m\u00e3os na massa&quot;, o balan\u00e7o voltou a funcionar e alegrar as crian\u00e7as!\" width=\"384\" height=\"288\" \/><\/a><figcaption id=\"caption-attachment-2165\" class=\"wp-caption-text\">Depois que os vizinhos colocaram as &quot;m\u00e3os na massa&quot;, o balan\u00e7o voltou a funcionar e alegrar a crian\u00e7ada!<\/figcaption><\/figure>\n<h2><span style=\"color: #008000;\">M\u00c3O NA MASSA<\/span><\/h2>\n<p>Em 2008 a filha de Cec\u00edlia Lotufo, Alice, completou 4 anos e pediu para a m\u00e3e fazer seu anivers\u00e1rio numa pra\u00e7a de frente para a casa delas. \u201cExpliquei que n\u00e3o daria porque os brinquedos estavam quebrados, ent\u00e3o minha filha, muito inocente, perguntou porque n\u00e3o poder\u00edamos reforma-los\u201d, diz Cec\u00edlia. \u201cAceitei a proposta, mas disse que ent\u00e3o ela n\u00e3o ganharia presentes, j\u00e1 que eu teria de gastar com a reforma dos brinquedos\u201d, diz. Alice n\u00e3o pensou muito e aceitou a troca.<\/p>\n<figure id=\"attachment_2154\" aria-describedby=\"caption-attachment-2154\" style=\"width: 384px\" class=\"wp-caption aligncenter\"><a href=\"http:\/\/projetocineb.com.br\/wp-content\/uploads\/2011\/05\/DSC00295_01web.jpg\"><img loading=\"lazy\" decoding=\"async\" class=\"size-full wp-image-2154  \" title=\"Cec\u00edlia Lotufo \u00e9 entrevistada pela r\u00e1dio da Rede Brasil Atual\" src=\"http:\/\/projetocineb.com.br\/wp-content\/uploads\/2011\/05\/DSC00295_01web.jpg\" alt=\"Cec\u00edlia Lotufo \u00e9 entrevistada pela r\u00e1dio da Rede Brasil Atual\" width=\"384\" height=\"288\" \/><\/a><figcaption id=\"caption-attachment-2154\" class=\"wp-caption-text\">Cec\u00edlia Lotufo \u00e9 entrevistada pela r\u00e1dio da Rede Brasil Atual<\/figcaption><\/figure>\n<p>Desde ent\u00e3o Cec\u00edlia vem se unindo com outros moradores da regi\u00e3o para promover a revitaliza\u00e7\u00e3o e ocupa\u00e7\u00e3o desses espa\u00e7os p\u00fablicos. \u201cPouco tempo depois da reforma, notei que a pra\u00e7a voltou ao estado de abandono, ent\u00e3o percebi que n\u00e3o adiantaria s\u00f3 reformar, era preciso que a popula\u00e7\u00e3o cuidasse desses espa\u00e7os\u201d, diz Cec\u00edlia.<\/p>\n<p>O Movimento Boa Pra\u00e7a se re\u00fane toda segunda-feira para analisar os problemas de tr\u00eas pra\u00e7as da regi\u00e3o e todo \u00faltimo domingo do m\u00eas promove um pic nic tem\u00e1tico. <a href=\"http:\/\/boapraca.ning.com\/\" target=\"_blank\">Clique aqui para saber mais sobre o Movimento.<\/a><\/p>\n<figure id=\"attachment_2166\" aria-describedby=\"caption-attachment-2166\" style=\"width: 384px\" class=\"wp-caption aligncenter\"><a href=\"http:\/\/projetocineb.com.br\/wp-content\/uploads\/2011\/05\/DSC00429_01web.jpg\"><img loading=\"lazy\" decoding=\"async\" class=\"size-full wp-image-2166  \" title=\"\u201cO povo tem que se unir para que essas pra\u00e7as fiquem boas, eu me incomodo de n\u00e3o trazer meus netos para brincarem aqui, porque de noite \u00e9 muito escuro e por isso, vira ponto de drogas\u201d, diz a moradora e participante do Movimento, Maria Aparecida Martins Brand\u00e3o.\" src=\"http:\/\/projetocineb.com.br\/wp-content\/uploads\/2011\/05\/DSC00429_01web.jpg\" alt=\"\u201cO povo tem que se unir para que essas pra\u00e7as fiquem boas, eu me incomodo de n\u00e3o trazer meus netos para brincarem aqui, porque de noite \u00e9 muito escuro e por isso, vira ponto de drogas\u201d, diz a moradora e participante do Movimento, Maria Aparecida Martins Brand\u00e3o.\" width=\"384\" height=\"288\" \/><\/a><figcaption id=\"caption-attachment-2166\" class=\"wp-caption-text\">\u201cO povo tem que se unir para que essas pra\u00e7as fiquem boas, eu me incomodo de n\u00e3o trazer meus netos para brincarem aqui, porque de noite \u00e9 muito escuro e por isso, vira ponto de drogas\u201d, diz a moradora e participante do Movimento, Maria Aparecida Martins Brand\u00e3o.<\/figcaption><\/figure>\n<p><span style=\"color: #ff6600;\"><br \/>\n<\/span><\/p>\n<p>Presente no evento, Paulo Salvador, diretor do Sindicato dos Banc\u00e1rios, elogiou a a\u00e7\u00e3o do Movimento e disse que copiar\u00e1 a ideia de desinaugurar obras publicas. &#8220;<span style=\"color: #ff6600;\">Eventos como o &#8216;churrasco da gente diferenciada&#8217;, ou esta &#8216;desinaugura\u00e7\u00e3o&#8217; s\u00e3o verdadeiras audi\u00eancias p\u00fablicas, formas inovadoras de convocar as pessoas a participar das tomadas de decis\u00e3o e exigirem atitudes do governo\u201d, diz Paulo Salvador, diretor do Sindicato dos Banc\u00e1rios de S\u00e3o Paulo, Osasco e Regi\u00e3o. \u201cPara uma grande cidade como S\u00e3o Paulo, \u00e9 impratic\u00e1vel essa pol\u00edtica do poder e das tomadas de decis\u00f5es serem feitas apenas pela prefeitura.\u201d<\/span><\/p>\n<p><span style=\"color: #ff6600;\"> <\/span><\/p>\n<figure id=\"attachment_2174\" aria-describedby=\"caption-attachment-2174\" style=\"width: 384px\" class=\"wp-caption aligncenter\"><a href=\"http:\/\/projetocineb.com.br\/wp-content\/uploads\/2011\/05\/DSC00470_01web.jpg\"><img loading=\"lazy\" decoding=\"async\" class=\"size-full wp-image-2174  \" title=\"Os integrantes do Movimento Boa Pra\u00e7a, Ricardo Ferraz\" src=\"http:\/\/projetocineb.com.br\/wp-content\/uploads\/2011\/05\/DSC00470_01web.jpg\" alt=\"Os integrantes do Movimento Boa Pra\u00e7a, Ricardo Ferraz\" width=\"384\" height=\"282\" \/><\/a><figcaption id=\"caption-attachment-2174\" class=\"wp-caption-text\">Os integrantes do Movimento Boa Pra\u00e7a, a pequena Alice Lotufo de 6 anos com sua m\u00e3e Cec\u00edlia Lotufo, Ricardo Ferraz. Elias Novelino, Dionizio Bueno, Ana Lucia Cat\u00e3o, Luciana Pazzini, Moty Shdaior e o coordenador do Cine B, Cid\u00e1lio Vieira Santos<\/figcaption><\/figure>\n<figure id=\"attachment_2170\" aria-describedby=\"caption-attachment-2170\" style=\"width: 384px\" class=\"wp-caption aligncenter\"><a href=\"http:\/\/projetocineb.com.br\/wp-content\/uploads\/2011\/05\/DSC00447_01web.jpg\"><img loading=\"lazy\" decoding=\"async\" class=\"size-full wp-image-2170  \" title=\"Na abertura da exibi\u00e7\u00e3o, Cid\u00e1lio ao microfone acompanhado de Paulo Salvador (esquerda) e Ricardo Ferraz (direita)\" src=\"http:\/\/projetocineb.com.br\/wp-content\/uploads\/2011\/05\/DSC00447_01web.jpg\" alt=\"Na abertura da exibi\u00e7\u00e3o, Cid\u00e1lio ao microfone acompanhado de Paulo Salvador (esquerda) e Ricardo Ferraz (direita)\" width=\"384\" height=\"282\" \/><\/a><figcaption id=\"caption-attachment-2170\" class=\"wp-caption-text\">Na abertura da exibi\u00e7\u00e3o, Cid\u00e1lio ao microfone acompanhado de Paulo Salvador (esquerda) e Ricardo Ferraz (direita)<\/figcaption><\/figure>\n<h2><span style=\"color: #008000;\">ARTE, ECOLOGIA E CINEMA<\/span><\/h2>\n<p>O ato de desinaugura\u00e7\u00e3o come\u00e7ou quando um ator se passando de Kassab e uma vereadora fict\u00edcia amarraram uma faixa e distribu\u00edram narizes de palha\u00e7o aos moradores da regi\u00e3o, depois de um inflamado discurso da import\u00e2ncia de desinaugurar obras publicas. Um protesto bem humorado, que deixou a Pra\u00e7a Paulo Schiesari mais animada. Feita esta abertura, foi a vez do IDEC (Instituto Brasileiro de Defesa do Consumidor) promover uma breve oficina de produtos de limpeza ecol\u00f3gicos. <span style=\"color: #ff6600;\">O mais legal foi que uma moradora da comunidade, depois de experimentar o produto em casa por alguns dias, explicou como fazer o detergente ecol\u00f3gico aos presentes.<\/span><\/p>\n<p><span style=\"color: #ff6600;\"> <\/span><\/p>\n<figure id=\"attachment_2160\" aria-describedby=\"caption-attachment-2160\" style=\"width: 384px\" class=\"wp-caption aligncenter\"><a href=\"http:\/\/projetocineb.com.br\/wp-content\/uploads\/2011\/05\/DSC00373_01web.jpg\"><img loading=\"lazy\" decoding=\"async\" class=\"size-full wp-image-2160  \" title=\"\u201cGostei porque n\u00e3o tem produtos qu\u00edmicos, leva menos de 5 minutos para fazer e 1500ml n\u00e3o saem por mais que 5 reais e dura aproximadamente 20 dias\u201d, diz a banc\u00e1ria aposentada, Izildinha Aparecida Ramos.\" src=\"http:\/\/projetocineb.com.br\/wp-content\/uploads\/2011\/05\/DSC00373_01web.jpg\" alt=\"\u201cGostei porque n\u00e3o tem produtos qu\u00edmicos, leva menos de 5 minutos para fazer e 1500ml n\u00e3o saem por mais que 5 reais e dura aproximadamente 20 dias\u201d, diz a banc\u00e1ria aposentada, Izildinha Aparecida Ramos.\" width=\"384\" height=\"288\" \/><\/a><figcaption id=\"caption-attachment-2160\" class=\"wp-caption-text\">\u201cGostei porque n\u00e3o tem produtos qu\u00edmicos, leva menos de 5 minutos para fazer e 1500ml n\u00e3o saem por mais que 5 reais e dura aproximadamente 20 dias\u201d, diz a banc\u00e1ria aposentada, Izildinha Aparecida Ramos.<\/figcaption><\/figure>\n<p><a href=\"http:\/\/www.idec.org.br\/climasp\/\" target=\"_blank\">Clique aqui para aprender como fazer o detergente ecol\u00f3gico, no site do IDEC.<\/a><\/p>\n<p>Quando a noite cai, uma fogueira esquenta o publico j\u00e1 sentado nas cadeiras de frente para o telao do Cine B. A\u00ed foi muito riso com o longa-metragem Quincas Berro D`\u00e1gua, de S\u00e9rgio Machado. <span style=\"color: #ff6600;\">Vale lembrar que o pessoal do MOVA local esteve presente at\u00e9 o fim da exibi\u00e7\u00e3o, pois esta semana o professor Orlando Ramos ir\u00e1 desenvolver uma atividade em sala sobre o filme. &#8220;Para que as pessoas tenham uma boa educa\u00e7\u00e3o \u00e9 essencial unir a fam\u00edlia e a comunidade com a escola, para difundr os direitos e deveres de cada um como cidad\u00e3o&#8221;, diz professor Orlando.<\/span><\/p>\n<p><span style=\"color: #ff6600;\"> <\/span><\/p>\n<figure id=\"attachment_2179\" aria-describedby=\"caption-attachment-2179\" style=\"width: 384px\" class=\"wp-caption aligncenter\"><a href=\"http:\/\/projetocineb.com.br\/wp-content\/uploads\/2011\/05\/DSC00460_01web.jpg\"><img loading=\"lazy\" decoding=\"async\" class=\"size-full wp-image-2179  \" title=\"J\u00e1 que o cinema n\u00e3o tem paredes, o fogo ajuda a combater o frio\" src=\"http:\/\/projetocineb.com.br\/wp-content\/uploads\/2011\/05\/DSC00460_01web.jpg\" alt=\"J\u00e1 que o cinema n\u00e3o tem paredes, o fogo ajuda a combater o frio\" width=\"384\" height=\"288\" \/><\/a><figcaption id=\"caption-attachment-2179\" class=\"wp-caption-text\">J\u00e1 que o cinema n\u00e3o tem paredes, o fogo ajuda a combater o frio<\/figcaption><\/figure>\n<p><span style=\"color: #ff6600;\">\u201cAno passado a Brazucah nos cedeu um tel\u00e3o e exibimos filmes do Charlie Chaplin, mas esta \u00e9 a primeira vez que fazemos uma exibi\u00e7\u00e3o com essa estrutura profissional do Cine B\u201d, diz Ricardo Ferraz. \u201cMuito importante trazer a cultura brasileira a espa\u00e7os como esse\u201d, diz.<\/span><\/p>\n<p><span style=\"color: #ff6600;\">Agradecemos tamb\u00e9m a presen\u00e7a da reportagem da r\u00e1dio Brasil Atual, Jornal da Gente e Jornal da Tarde.<\/span><\/p>\n<h2><span style=\"color: #008000;\">CLICKS<\/span><\/h2>\n<figure id=\"attachment_2164\" aria-describedby=\"caption-attachment-2164\" style=\"width: 384px\" class=\"wp-caption aligncenter\"><a href=\"http:\/\/projetocineb.com.br\/wp-content\/uploads\/2011\/05\/DSC00410_01web.jpg\"><img loading=\"lazy\" decoding=\"async\" class=\"size-full wp-image-2164  \" title=\"&quot;\u00c9 a mais nova boa pra\u00e7a&quot;, diz a integrante do Movimento, Patr\u00edcia Romano que segura sua filha Luana, de apenas 15 dias, e veio acompanhada da av\u00f3 Erminia de Pascoal Romano e Rosa de Pasquale assistir Cine B\" src=\"http:\/\/projetocineb.com.br\/wp-content\/uploads\/2011\/05\/DSC00410_01web.jpg\" alt=\"&quot;\u00c9 a mais nova boa pra\u00e7a&quot;, diz a integrante do Movimento, Patr\u00edcia Romano que segura sua filha Luana, de apenas 15 dias, e veio acompanhada da av\u00f3 Erminia de Pascoal Romano e Rosa de Pasquale assistir Cine B\" width=\"384\" height=\"288\" \/><\/a><figcaption id=\"caption-attachment-2164\" class=\"wp-caption-text\">&quot;\u00c9 a mais nova boa pra\u00e7a&quot;, diz a integrante do Movimento, Patr\u00edcia Romano que segura sua filha Luana, de apenas 15 dias, e veio acompanhada da av\u00f3 Erminia de Pascoal Romano e Rosa de Pasquale assistir Cine B<\/figcaption><\/figure>\n<figure id=\"attachment_2172\" aria-describedby=\"caption-attachment-2172\" style=\"width: 384px\" class=\"wp-caption aligncenter\"><a href=\"http:\/\/projetocineb.com.br\/wp-content\/uploads\/2011\/05\/DSC00451_01web.jpg\"><img loading=\"lazy\" decoding=\"async\" class=\"size-full wp-image-2172  \" title=\"As moradoras da Vila Anglo Brasileira, Izabel Gama com sua filha Iara Gama, 10 anos\" src=\"http:\/\/projetocineb.com.br\/wp-content\/uploads\/2011\/05\/DSC00451_01web.jpg\" alt=\"As moradoras da Vila Anglo Brasileira, Izabel Gama com sua filha Iara Gama, 10 anos\" width=\"384\" height=\"281\" \/><\/a><figcaption id=\"caption-attachment-2172\" class=\"wp-caption-text\">As moradoras da Vila Anglo Brasileira, Izabel Gama com sua filha Iara Gama, 10 anos<\/figcaption><\/figure>\n<figure id=\"attachment_2173\" aria-describedby=\"caption-attachment-2173\" style=\"width: 384px\" class=\"wp-caption aligncenter\"><a href=\"http:\/\/projetocineb.com.br\/wp-content\/uploads\/2011\/05\/DSC00452_01web.jpg\"><img loading=\"lazy\" decoding=\"async\" class=\"size-full wp-image-2173  \" title=\"Moradores do edif\u00edcio Colinas, que fica de frente \u00e0 pra\u00e7a, Celso Barreto e sua esposa Isabel Cadais\" src=\"http:\/\/projetocineb.com.br\/wp-content\/uploads\/2011\/05\/DSC00452_01web.jpg\" alt=\"Moradores do edif\u00edcio Colinas, que fica de frente \u00e0 pra\u00e7a, Celso Barreto e sua esposa Isabel Cadais\" width=\"384\" height=\"274\" \/><\/a><figcaption id=\"caption-attachment-2173\" class=\"wp-caption-text\">Moradores do edif\u00edcio Colinas, que fica de frente \u00e0 pra\u00e7a, Celso Barreto e sua esposa Isabel Cadais<\/figcaption><\/figure>\n<figure id=\"attachment_2169\" aria-describedby=\"caption-attachment-2169\" style=\"width: 384px\" class=\"wp-caption aligncenter\"><a href=\"http:\/\/projetocineb.com.br\/wp-content\/uploads\/2011\/05\/DSC00444_01web.jpg\"><img loading=\"lazy\" decoding=\"async\" class=\"size-full wp-image-2169  \" title=\"Exibi\u00e7\u00e3o do Cine B cheia na Pra\u00e7a Paulo Schiesari, zona oeste de S\u00e3o Paulo\" src=\"http:\/\/projetocineb.com.br\/wp-content\/uploads\/2011\/05\/DSC00444_01web.jpg\" alt=\"Exibi\u00e7\u00e3o do Cine B cheia na Pra\u00e7a Paulo Schiesari, zona oeste de S\u00e3o Paulo\" width=\"384\" height=\"288\" \/><\/a><figcaption id=\"caption-attachment-2169\" class=\"wp-caption-text\">Exibi\u00e7\u00e3o do Cine B cheia na Pra\u00e7a Paulo Schiesari, zona oeste de S\u00e3o Paulo<\/figcaption><\/figure>\n<figure id=\"attachment_2162\" aria-describedby=\"caption-attachment-2162\" style=\"width: 384px\" class=\"wp-caption aligncenter\"><a href=\"http:\/\/projetocineb.com.br\/wp-content\/uploads\/2011\/05\/DSC00395_01web.jpg\"><img loading=\"lazy\" decoding=\"async\" class=\"size-full wp-image-2162  \" title=\"Victoria Celestino e Fernanda Falchi de 15 anos, moradoras da Vila Anglo Brasileira disseram aprovar o produto de limpeza ecol\u00f3gico\" src=\"http:\/\/projetocineb.com.br\/wp-content\/uploads\/2011\/05\/DSC00395_01web.jpg\" alt=\"Victoria Celestino e Fernanda Falchi de 15 anos, moradoras da Vila Anglo Brasileira disseram aprovar o produto de limpeza ecol\u00f3gico\" width=\"384\" height=\"288\" \/><\/a><figcaption id=\"caption-attachment-2162\" class=\"wp-caption-text\">Victoria Celestino e Fernanda Falchi de 15 anos, moradoras da Vila Anglo Brasileira disseram aprovar o produto de limpeza ecol\u00f3gico<\/figcaption><\/figure>\n<figure id=\"attachment_2157\" aria-describedby=\"caption-attachment-2157\" style=\"width: 384px\" class=\"wp-caption aligncenter\"><a href=\"http:\/\/projetocineb.com.br\/wp-content\/uploads\/2011\/05\/DSC00333_01web.jpg\"><img loading=\"lazy\" decoding=\"async\" class=\"size-full wp-image-2157  \" title=\"Movimento Boa Pra\u00e7a protesta de forma criativa\" src=\"http:\/\/projetocineb.com.br\/wp-content\/uploads\/2011\/05\/DSC00333_01web.jpg\" alt=\"Movimento Boa Pra\u00e7a protesta de forma criativa\" width=\"384\" height=\"288\" \/><\/a><figcaption id=\"caption-attachment-2157\" class=\"wp-caption-text\">Movimento Boa Pra\u00e7a protesta de forma criativa, ator Pedro Muccioloco como o desprefeito(?) Kassab<\/figcaption><\/figure>\n<figure id=\"attachment_2156\" aria-describedby=\"caption-attachment-2156\" style=\"width: 384px\" class=\"wp-caption aligncenter\"><a href=\"http:\/\/projetocineb.com.br\/wp-content\/uploads\/2011\/05\/DSC00312_01web.jpg\"><img loading=\"lazy\" decoding=\"async\" class=\"size-full wp-image-2156  \" title=\"Cec\u00edlia Lotufo d\u00e1 entrevista para a r\u00e1dio Brasil Atual\" src=\"http:\/\/projetocineb.com.br\/wp-content\/uploads\/2011\/05\/DSC00312_01web.jpg\" alt=\"Cec\u00edlia Lotufo d\u00e1 entrevista para a r\u00e1dio Brasil Atual\" width=\"384\" height=\"288\" \/><\/a><figcaption id=\"caption-attachment-2156\" class=\"wp-caption-text\">Cec\u00edlia Lotufo d\u00e1 entrevista para a r\u00e1dio Brasil Atual<\/figcaption><\/figure>\n<figure id=\"attachment_2151\" aria-describedby=\"caption-attachment-2151\" style=\"width: 384px\" class=\"wp-caption aligncenter\"><a href=\"http:\/\/projetocineb.com.br\/wp-content\/uploads\/2011\/05\/DSC00263_01web.jpg\"><img loading=\"lazy\" decoding=\"async\" class=\"size-full wp-image-2151  \" title=\"O acabamento das poucas obras que foram realizadas na Pra\u00e7a Paulo Schiesari\" src=\"http:\/\/projetocineb.com.br\/wp-content\/uploads\/2011\/05\/DSC00263_01web.jpg\" alt=\"O acabamento das poucas obras que foram realizadas na Pra\u00e7a Paulo Schiesari\" width=\"384\" height=\"249\" \/><\/a><figcaption id=\"caption-attachment-2151\" class=\"wp-caption-text\">O acabamento das poucas obras que foram realizadas na Pra\u00e7a Paulo Schiesari<\/figcaption><\/figure>\n<figure id=\"attachment_2149\" aria-describedby=\"caption-attachment-2149\" style=\"width: 384px\" class=\"wp-caption aligncenter\"><a href=\"http:\/\/projetocineb.com.br\/wp-content\/uploads\/2011\/05\/DSC00252_01web.jpg\"><img loading=\"lazy\" decoding=\"async\" class=\"size-full wp-image-2149  \" title=\"A Pra\u00e7a Paulo Schiesari vista da parte baixa, de dentro do terreno baldio\" src=\"http:\/\/projetocineb.com.br\/wp-content\/uploads\/2011\/05\/DSC00252_01web.jpg\" alt=\"A Pra\u00e7a Paulo Schiesari vista da parte baixa, de dentro do terreno baldio\" width=\"384\" height=\"288\" \/><\/a><figcaption id=\"caption-attachment-2149\" class=\"wp-caption-text\">A Pra\u00e7a Paulo Schiesari vista da parte baixa, de dentro do terreno baldio<\/figcaption><\/figure>\n<figure id=\"attachment_2148\" aria-describedby=\"caption-attachment-2148\" style=\"width: 384px\" class=\"wp-caption aligncenter\"><a href=\"http:\/\/projetocineb.com.br\/wp-content\/uploads\/2011\/05\/DSC00474_01web.jpg\"><img loading=\"lazy\" decoding=\"async\" class=\"size-full wp-image-2148  \" title=\"Os sortudos deste Cine B que levaram para casa diversos brindes, inclusive camisetas do projeto\" src=\"http:\/\/projetocineb.com.br\/wp-content\/uploads\/2011\/05\/DSC00474_01web.jpg\" alt=\"Os sortudos deste Cine B que levaram para casa diversos brindes, inclusive camisetas do projeto\" width=\"384\" height=\"288\" \/><\/a><figcaption id=\"caption-attachment-2148\" class=\"wp-caption-text\">Os sortudos deste Cine B que levaram para casa diversos brindes, inclusive camisetas do projeto<\/figcaption><\/figure>\n<p><span style=\"color: #008000;\"><br \/>\n<\/span><\/p>\n","protected":false},"excerpt":{"rendered":"<p>O Cine B realizou sua \u00faltima exibi\u00e7\u00e3o de maio no 24o Pic Nic do Movimento Boa Pra\u00e7a, com o tema[&#8230;]<\/p>\n","protected":false},"author":2,"featured_media":0,"comment_status":"open","ping_status":"open","sticky":false,"template":"","format":"standard","meta":[],"categories":[2],"tags":[154,242,263,266,1095,1132,1250],"_links":{"self":[{"href":"https:\/\/projetocineb.com.br\/index.php?rest_route=\/wp\/v2\/posts\/2140"}],"collection":[{"href":"https:\/\/projetocineb.com.br\/index.php?rest_route=\/wp\/v2\/posts"}],"about":[{"href":"https:\/\/projetocineb.com.br\/index.php?rest_route=\/wp\/v2\/types\/post"}],"author":[{"embeddable":true,"href":"https:\/\/projetocineb.com.br\/index.php?rest_route=\/wp\/v2\/users\/2"}],"replies":[{"embeddable":true,"href":"https:\/\/projetocineb.com.br\/index.php?rest_route=%2Fwp%2Fv2%2Fcomments&post=2140"}],"version-history":[{"count":0,"href":"https:\/\/projetocineb.com.br\/index.php?rest_route=\/wp\/v2\/posts\/2140\/revisions"}],"wp:attachment":[{"href":"https:\/\/projetocineb.com.br\/index.php?rest_route=%2Fwp%2Fv2%2Fmedia&parent=2140"}],"wp:term":[{"taxonomy":"category","embeddable":true,"href":"https:\/\/projetocineb.com.br\/index.php?rest_route=%2Fwp%2Fv2%2Fcategories&post=2140"},{"taxonomy":"post_tag","embeddable":true,"href":"https:\/\/projetocineb.com.br\/index.php?rest_route=%2Fwp%2Fv2%2Ftags&post=2140"}],"curies":[{"name":"wp","href":"https:\/\/api.w.org\/{rel}","templated":true}]}}