{"id":21542,"date":"2024-04-19T10:13:54","date_gmt":"2024-04-19T13:13:54","guid":{"rendered":"https:\/\/projetocineb.com.br\/?p=21542"},"modified":"2024-07-09T16:21:35","modified_gmt":"2024-07-09T19:21:35","slug":"bikecine-no-cineb-solar","status":"publish","type":"post","link":"https:\/\/projetocineb.com.br\/?p=21542","title":{"rendered":"<strong>BIKECINE NO CineB Solar\u00a0<\/strong>"},"content":{"rendered":"\n<figure class=\"wp-block-image size-large\"><img fetchpriority=\"high\" decoding=\"async\" width=\"1024\" height=\"1024\" src=\"http:\/\/projetocineb.com.br\/wp-content\/uploads\/2024\/04\/WhatsApp-Image-2024-04-18-at-22.29.24-1024x1024.jpeg\" alt=\"\" class=\"wp-image-21543\" srcset=\"https:\/\/projetocineb.com.br\/wp-content\/uploads\/2024\/04\/WhatsApp-Image-2024-04-18-at-22.29.24-1024x1024.jpeg 1024w, https:\/\/projetocineb.com.br\/wp-content\/uploads\/2024\/04\/WhatsApp-Image-2024-04-18-at-22.29.24-300x300.jpeg 300w, https:\/\/projetocineb.com.br\/wp-content\/uploads\/2024\/04\/WhatsApp-Image-2024-04-18-at-22.29.24-150x150.jpeg 150w, https:\/\/projetocineb.com.br\/wp-content\/uploads\/2024\/04\/WhatsApp-Image-2024-04-18-at-22.29.24-768x768.jpeg 768w, https:\/\/projetocineb.com.br\/wp-content\/uploads\/2024\/04\/WhatsApp-Image-2024-04-18-at-22.29.24.jpeg 1080w\" sizes=\"(max-width: 1024px) 100vw, 1024px\" \/><\/figure>\n\n\n\n<p>BikeCine\u00a0(site\u00a0<a href=\"https:\/\/bikecine.com.br\" target=\"_blank\" rel=\"noreferrer noopener\">https:\/\/bikecine.com.br<\/a>),\u00a0retorna a capital paulista em parceria com o projeto CineB Solar Movido apenas por energia limpa das bicicletas, o novo projeto une cultura, sustentabilidade e esporte .<strong>Na quinta-feira, dia 25 de abril<\/strong>, o BikeCine retorna a capital paulista, com cinema ao ar livre totalmente movido a bicicletas.\u00a0A sess\u00e3o gratuita acontece na Quadra do Sindicato dos Banc\u00e1rios de S\u00e3o Paulo com exibi\u00e7\u00e3o do filme :\u00a0 <strong>&#8220;Mussum, o Filmis&#8221;\u00a0<\/strong><\/p>\n\n\n\n<p>O BikeCine \u00e9 um cinema itinerante que funciona apenas com energia limpa e sustent\u00e1vel, gerada pelo pr\u00f3prio p\u00fablico, pedalando. A sess\u00e3o gratuita ser\u00e1 na Quadra do Sindicato dos Banc\u00e1rios de S\u00e3o Paulo e acontece em <strong>parceria com o projeto CineB Solar, viabilizada com apoio do Sindicato dos Banc\u00e1rios&nbsp; de S\u00e3o Paulo, Osasco e regi\u00e3o<\/strong>. Os ingressos, j\u00e1 podem ser <strong>reservados pelo e-mail&nbsp;producaocineb@brazucah.com.br<\/strong>&nbsp;<\/p>\n\n\n\n<p>&nbsp;<strong>O p\u00fablico<\/strong> : acomodados na plateia nas&nbsp; cadeiras ou nas esta\u00e7\u00f5es de bicicletas; participando ativamente, s\u00e3o 12 bicicletas fixas e quatro bases para acoplar as &#8220;bikes&#8221;&nbsp;totalizando 16 esta\u00e7\u00f5es que captam a energia gerada pelos ciclistas. Tamb\u00e9m \u00e9 poss\u00edvel colaborar pelo &#8220;pedal de m\u00e3o&#8221;, ideal para divers\u00e3o das crian\u00e7as, idosos e pessoas com mobilidade reduzida, promovendo maior acessibilidade. O BikeCine \u00e9 para todos.<\/p>\n\n\n\n<figure class=\"wp-block-image size-large\"><img decoding=\"async\" width=\"1024\" height=\"682\" src=\"http:\/\/projetocineb.com.br\/wp-content\/uploads\/2024\/04\/WhatsApp-Image-2024-04-18-at-22.30.00-1-1024x682.jpeg\" alt=\"\" class=\"wp-image-21544\" srcset=\"https:\/\/projetocineb.com.br\/wp-content\/uploads\/2024\/04\/WhatsApp-Image-2024-04-18-at-22.30.00-1-1024x682.jpeg 1024w, https:\/\/projetocineb.com.br\/wp-content\/uploads\/2024\/04\/WhatsApp-Image-2024-04-18-at-22.30.00-1-300x200.jpeg 300w, https:\/\/projetocineb.com.br\/wp-content\/uploads\/2024\/04\/WhatsApp-Image-2024-04-18-at-22.30.00-1-768x512.jpeg 768w, https:\/\/projetocineb.com.br\/wp-content\/uploads\/2024\/04\/WhatsApp-Image-2024-04-18-at-22.30.00-1-1536x1023.jpeg 1536w, https:\/\/projetocineb.com.br\/wp-content\/uploads\/2024\/04\/WhatsApp-Image-2024-04-18-at-22.30.00-1-840x560.jpeg 840w, https:\/\/projetocineb.com.br\/wp-content\/uploads\/2024\/04\/WhatsApp-Image-2024-04-18-at-22.30.00-1-120x80.jpeg 120w, https:\/\/projetocineb.com.br\/wp-content\/uploads\/2024\/04\/WhatsApp-Image-2024-04-18-at-22.30.00-1-360x240.jpeg 360w, https:\/\/projetocineb.com.br\/wp-content\/uploads\/2024\/04\/WhatsApp-Image-2024-04-18-at-22.30.00-1-600x400.jpeg 600w, https:\/\/projetocineb.com.br\/wp-content\/uploads\/2024\/04\/WhatsApp-Image-2024-04-18-at-22.30.00-1.jpeg 1600w\" sizes=\"(max-width: 1024px) 100vw, 1024px\" \/><\/figure>\n\n\n\n<p><strong>Servi\u00e7o&nbsp;<\/strong><\/p>\n\n\n\n<p><strong>Hor\u00e1rio:<\/strong> 19h&nbsp;<\/p>\n\n\n\n<p><strong>Local:<\/strong> Quadra do Sindicato dos Banc\u00e1rios de S\u00e3o Paulo<\/p>\n\n\n\n<p><strong>Endere\u00e7o:<\/strong> Rua Tabatinguera, 192, S\u00e9, Centro de SP- Metr\u00f4 da S\u00e9<\/p>\n\n\n\n<p>Capacidade: 200 lugares em cadeiras, 12 bikes fixas e 4 esta\u00e7\u00f5es dispon\u00edveis para o p\u00fablico acoplar a pr\u00f3pria bicicleta.<\/p>\n\n\n\n<p><strong>Entrada gratuita<\/strong>.<\/p>\n\n\n\n<p><strong>FILME:<\/strong><\/p>\n\n\n\n<p>Longa-metragem: <strong>Mussum, o Filmis<\/strong><\/p>\n\n\n\n<p>(de Silvio Guindane &#8211; Brasil &#8211; 2022 &#8211; Biografia\/Com\u00e9dia &#8211; 1h45m &#8211; 12 anos)<\/p>\n\n\n\n<p><strong>Sinopse:<\/strong><\/p>\n\n\n\n<p>A cinebiografia brasileira tem base no livro Mussum &#8211; uma hist\u00f3ria de Humor e Samba,de Juliano Barreto. A trama mostra a hist\u00f3ria real sobre a vida e trajet\u00f3ria de Ant\u00f4nio Carlos Bernardes Gomes, popularmente apelidado de Mussum, um garoto pobre, filho de empregada dom\u00e9stica analfabeta e com passado militar, Mussum ficou conhecido por ter se tornado um dos maiores humoristas do Brasil. Al\u00e9m de fundar o grupo musical \u201cOs Originais do Samba\u201d, ele encontrou seu caminho para a fama na televis\u00e3o ap\u00f3s se unir ao famoso quarteto \u201cOs Trapalh\u00f5es\u201d.<\/p>\n\n\n\n<p><strong>Trailer:<\/strong>&nbsp;<a href=\"https:\/\/www.youtube.com\/watch?v=I2-2m9z8fiw\" target=\"_blank\" rel=\"noreferrer noopener\">https:\/\/www.youtube.com\/watch?v=I2-2m9z8fiw<\/a><\/p>\n\n\n\n<p><strong>PIPOCA:&nbsp;<\/strong><\/p>\n\n\n\n<p>Haver\u00e1 distribui\u00e7\u00e3o de pipoca nas caixinhas do projeto &nbsp;personalizadas na entrada da sess\u00e3o totalmente gratuito.<\/p>\n\n\n\n<p><strong>CAMISETAS:<\/strong><\/p>\n\n\n\n<p>No final da sess\u00e3o haver\u00e1 sorteio de camisetas para quem preencher a pesquisa atrav\u00e9s do QRcode, &nbsp;leve seu celular!<\/p>\n\n\n\n<p><strong>Mais&nbsp; Sobre o BikeCine:<\/strong><\/p>\n\n\n\n<p>Toda energia gerada \u00e9 consumida no momento, e quanto mais r\u00e1pidas forem as pedaladas, maior \u00e9 a energia produzida. Um sinalizador exibe a carga de energia em tempo real e avisa se for preciso pedalar mais. Se baixar, os ciclistas s\u00e3o estimulados ou convidados ao revezamento durante as sess\u00f5es. Tecnologia tamb\u00e9m nas imagens. A exibi\u00e7\u00e3o dos filmes no BikeCine \u00e9 feita na tela infl\u00e1vel da Airscreen, equipamento com tecnologia de ponta, que oferece proje\u00e7\u00e3o de alta qualidade ao ar livre. Tudo para garantir a melhor experi\u00eancia ao p\u00fablico. Energia limpa que n\u00e3o emite poluentes e n\u00e3o causa impactos negativos \u00e0 natureza, contribuindo para a sustentabilidade do planeta. Todo o sistema consome cerca de 2500 watts por hora, j\u00e1 cada ciclista gera 200 watts, em m\u00e9dia. Pensando no planeta e no bem-estar. Al\u00e9m da divers\u00e3o, o BikeCine busca promover&nbsp; a consci\u00eancia ambiental, pela utiliza\u00e7\u00e3o da energia sustent\u00e1vel participativa, o espectador \u00e9 convidado a refletir sobre o uso e consumo energ\u00e9tico, e as formas renov\u00e1veis dispon\u00edveis. Incentiva ainda, a colabora\u00e7\u00e3o coletiva e o uso da bicicleta como meio de transporte n\u00e3o s\u00f3 para ir ao evento, mas tamb\u00e9m em seu deslocamento no dia a dia. O projeto est\u00e1 circulando por mais de 30 cidades do interior de S\u00e3o Paulo, com programa\u00e7\u00e3o variada de filmes para a fam\u00edlia e sempre com entrada gratuita. Em maio, segue ainda para outros estados como Minas Gerais e Esp\u00edrito Santo.<\/p>\n\n\n\n<figure class=\"is-layout-flex wp-block-gallery-1 wp-block-gallery has-nested-images columns-default is-cropped\">\n<figure class=\"wp-block-image size-large\"><img decoding=\"async\" width=\"1024\" height=\"682\" data-id=\"21545\"  src=\"https:\/\/projetocineb.com.br\/wp-content\/uploads\/2024\/04\/WhatsApp-Image-2024-04-18-at-22.30.00-2-1024x682.jpeg\" alt=\"\" class=\"wp-image-21545\" srcset=\"https:\/\/projetocineb.com.br\/wp-content\/uploads\/2024\/04\/WhatsApp-Image-2024-04-18-at-22.30.00-2-1024x682.jpeg 1024w, https:\/\/projetocineb.com.br\/wp-content\/uploads\/2024\/04\/WhatsApp-Image-2024-04-18-at-22.30.00-2-300x200.jpeg 300w, https:\/\/projetocineb.com.br\/wp-content\/uploads\/2024\/04\/WhatsApp-Image-2024-04-18-at-22.30.00-2-768x512.jpeg 768w, https:\/\/projetocineb.com.br\/wp-content\/uploads\/2024\/04\/WhatsApp-Image-2024-04-18-at-22.30.00-2-1536x1023.jpeg 1536w, https:\/\/projetocineb.com.br\/wp-content\/uploads\/2024\/04\/WhatsApp-Image-2024-04-18-at-22.30.00-2-840x560.jpeg 840w, https:\/\/projetocineb.com.br\/wp-content\/uploads\/2024\/04\/WhatsApp-Image-2024-04-18-at-22.30.00-2-120x80.jpeg 120w, https:\/\/projetocineb.com.br\/wp-content\/uploads\/2024\/04\/WhatsApp-Image-2024-04-18-at-22.30.00-2-360x240.jpeg 360w, https:\/\/projetocineb.com.br\/wp-content\/uploads\/2024\/04\/WhatsApp-Image-2024-04-18-at-22.30.00-2-600x400.jpeg 600w, https:\/\/projetocineb.com.br\/wp-content\/uploads\/2024\/04\/WhatsApp-Image-2024-04-18-at-22.30.00-2.jpeg 1600w\" sizes=\"(max-width: 1024px) 100vw, 1024px\" \/><\/figure>\n\n\n\n<figure class=\"wp-block-image size-large\"><img loading=\"lazy\" decoding=\"async\" width=\"1024\" height=\"682\" data-id=\"21546\"  src=\"https:\/\/projetocineb.com.br\/wp-content\/uploads\/2024\/04\/WhatsApp-Image-2024-04-18-at-22.30.00-1024x682.jpeg\" alt=\"\" class=\"wp-image-21546\" srcset=\"https:\/\/projetocineb.com.br\/wp-content\/uploads\/2024\/04\/WhatsApp-Image-2024-04-18-at-22.30.00-1024x682.jpeg 1024w, https:\/\/projetocineb.com.br\/wp-content\/uploads\/2024\/04\/WhatsApp-Image-2024-04-18-at-22.30.00-300x200.jpeg 300w, https:\/\/projetocineb.com.br\/wp-content\/uploads\/2024\/04\/WhatsApp-Image-2024-04-18-at-22.30.00-768x512.jpeg 768w, https:\/\/projetocineb.com.br\/wp-content\/uploads\/2024\/04\/WhatsApp-Image-2024-04-18-at-22.30.00-1536x1023.jpeg 1536w, https:\/\/projetocineb.com.br\/wp-content\/uploads\/2024\/04\/WhatsApp-Image-2024-04-18-at-22.30.00-840x560.jpeg 840w, https:\/\/projetocineb.com.br\/wp-content\/uploads\/2024\/04\/WhatsApp-Image-2024-04-18-at-22.30.00-120x80.jpeg 120w, https:\/\/projetocineb.com.br\/wp-content\/uploads\/2024\/04\/WhatsApp-Image-2024-04-18-at-22.30.00-360x240.jpeg 360w, https:\/\/projetocineb.com.br\/wp-content\/uploads\/2024\/04\/WhatsApp-Image-2024-04-18-at-22.30.00-600x400.jpeg 600w, https:\/\/projetocineb.com.br\/wp-content\/uploads\/2024\/04\/WhatsApp-Image-2024-04-18-at-22.30.00.jpeg 1600w\" sizes=\"(max-width: 1024px) 100vw, 1024px\" \/><\/figure>\n<\/figure>\n\n\n\n<p>Voc\u00ea conhece o BikeCine? Clique <a href=\"https:\/\/youtu.be\/BWQy6hXNLUI?si=RsvsFdtDGO1qZGGw\" data-type=\"URL\" data-id=\"https:\/\/youtu.be\/BWQy6hXNLUI?si=RsvsFdtDGO1qZGGw\" target=\"_blank\" rel=\"noreferrer noopener\">aqui<\/a> e saiba mais!<\/p>\n\n\n\n<p><strong>Sobre o CineB Solar:<\/strong><\/p>\n\n\n\n<p>Criado em 2007, o CineB passou a se chamar CineB Solar em 2018, quando passou a circular com uma van que gera, por meio de placas solares, a pr\u00f3pria energia consumida no evento. J\u00e1 atingiu um p\u00fablico superior a <strong>90 mil espectadores<\/strong> em mais de <strong>700 sess\u00f5es<\/strong> gratuitas realizadas em comunidades e universidades de S\u00e3o Paulo. A iniciativa busca democratizar o acesso ao cinema nacional e divulgar filmes<\/p>\n\n\n\n<p>produzidos no Brasil. J\u00e1 foram exibidos na tela do CineB mais de <strong>163<\/strong><\/p>\n\n\n\n<p><strong>longas-metragens<\/strong> e <strong>116 curtas-metragens<\/strong>, al\u00e9m da realiza\u00e7\u00e3o de pr\u00e9-estreias exclusivas.<\/p>\n\n\n\n<p><strong>Siga o CineB Solar nas nossas &nbsp;redes sociais:<\/strong><\/p>\n\n\n\n<p>Youtube: <a href=\"https:\/\/youtube.com\/@CineBSolar\">https:\/\/youtube.com\/@CineBSolar<\/a><\/p>\n\n\n\n<p>&nbsp;Inscreva-se no canal de um like e compartilhe. Ative o sininho para receber as notifica\u00e7\u00f5es.<\/p>\n\n\n\n<p>&nbsp;Instagram: <a href=\"https:\/\/instagram.com\/projeto_cinebsolar\">https:\/\/instagram.com\/projeto_cinebsolar<\/a><\/p>\n\n\n\n<p>Tiktok: <a href=\"https:\/\/www.tiktok.com\/@cineb.solar\">https:\/\/www.tiktok.com\/@cineb.solar<\/a><\/p>\n\n\n\n<p>Facebook: <a href=\"https:\/\/www.facebook.com\/@cinebsolar\">https:\/\/www.facebook.com\/@cinebsolar<\/a><\/p>\n\n\n\n<p><\/p>\n","protected":false},"excerpt":{"rendered":"<p>BikeCine\u00a0(site\u00a0https:\/\/bikecine.com.br),\u00a0retorna a capital paulista em parceria com o projeto CineB Solar Movido apenas por energia limpa das bicicletas, o novo[&#8230;]<\/p>\n","protected":false},"author":4,"featured_media":21543,"comment_status":"open","ping_status":"open","sticky":false,"template":"","format":"standard","meta":[],"categories":[1288,4,5,7,1289],"tags":[],"_links":{"self":[{"href":"https:\/\/projetocineb.com.br\/index.php?rest_route=\/wp\/v2\/posts\/21542"}],"collection":[{"href":"https:\/\/projetocineb.com.br\/index.php?rest_route=\/wp\/v2\/posts"}],"about":[{"href":"https:\/\/projetocineb.com.br\/index.php?rest_route=\/wp\/v2\/types\/post"}],"author":[{"embeddable":true,"href":"https:\/\/projetocineb.com.br\/index.php?rest_route=\/wp\/v2\/users\/4"}],"replies":[{"embeddable":true,"href":"https:\/\/projetocineb.com.br\/index.php?rest_route=%2Fwp%2Fv2%2Fcomments&post=21542"}],"version-history":[{"count":2,"href":"https:\/\/projetocineb.com.br\/index.php?rest_route=\/wp\/v2\/posts\/21542\/revisions"}],"predecessor-version":[{"id":21549,"href":"https:\/\/projetocineb.com.br\/index.php?rest_route=\/wp\/v2\/posts\/21542\/revisions\/21549"}],"wp:featuredmedia":[{"embeddable":true,"href":"https:\/\/projetocineb.com.br\/index.php?rest_route=\/wp\/v2\/media\/21543"}],"wp:attachment":[{"href":"https:\/\/projetocineb.com.br\/index.php?rest_route=%2Fwp%2Fv2%2Fmedia&parent=21542"}],"wp:term":[{"taxonomy":"category","embeddable":true,"href":"https:\/\/projetocineb.com.br\/index.php?rest_route=%2Fwp%2Fv2%2Fcategories&post=21542"},{"taxonomy":"post_tag","embeddable":true,"href":"https:\/\/projetocineb.com.br\/index.php?rest_route=%2Fwp%2Fv2%2Ftags&post=21542"}],"curies":[{"name":"wp","href":"https:\/\/api.w.org\/{rel}","templated":true}]}}