{"id":218,"date":"2010-02-09T03:39:33","date_gmt":"2010-02-09T03:39:33","guid":{"rendered":"http:\/\/projetocineb.com.br\/?p=218"},"modified":"2010-02-09T03:39:33","modified_gmt":"2010-02-09T03:39:33","slug":"galeria-borba-gato","status":"publish","type":"post","link":"https:\/\/projetocineb.com.br\/?p=218","title":{"rendered":"GALERIA BORBA GATO"},"content":{"rendered":"<h2><span style=\"color: #339966;\">HIST\u00d3RIA DE CINEMA<\/span><\/h2>\n<p>CineB com tudo na \u00e1rea, mesmo com tempestade \u00e0 moda No\u00e9, que bagun\u00e7ou o tr\u00e2nsito j\u00e1 atrapalhado de Sampa. A sess\u00e3o de hoje rolou na Galeria Borba Gato e teve um tom hist\u00f3rico.<\/p>\n<p>At\u00e9 1957, <span style=\"color: #0000ff;\">Zequinha<\/span> jogava futebol onde hoje \u00e9 a Galeria. Jogava exatamente onde foi a sess\u00e3o do Cine B de hoje. Na d\u00e9cada de 60 foi fundada a Galeria Borba Gato, que trouxe divers\u00e3o e op\u00e7\u00f5es de compras para a popula\u00e7\u00e3o de Santo Amaro. \u201cQuando aqui ainda estava construindo, eu pulava do segundo andar da galeria e ca\u00eda num monte de areia. Isso em 1960, tudo em obras\u201d, diz o hoje \u201cseu\u201d Zequinha.<\/p>\n<p>Mais crescidinho, <span style=\"color: #0000ff;\">freq\u00fcentava o cinema da Galeria, tanto que foi l\u00e1 onde conheceu sua esposa<\/span>, a dona Adair Lais de Morais. <span style=\"color: #0000ff;\">Ele foi um dos primeiros a ter uma loja no pr\u00e9dio e at\u00e9 hoje est\u00e1 l\u00e1 apresentando roupas ao p\u00fablico feminino<\/span>.<\/p>\n<p style=\"text-align: center;\"><a href=\"http:\/\/projetocineb.com.br\/wp-content\/uploads\/2010\/02\/DSC00444_01SITE.jpg\"><img fetchpriority=\"high\" decoding=\"async\" class=\"aligncenter size-full wp-image-222\" title=\"Jos\u00e9 Roque de Morais &quot;Zequinha&quot; e sua esposa Adair Lais de Morais\" src=\"http:\/\/projetocineb.com.br\/wp-content\/uploads\/2010\/02\/DSC00444_01SITE.jpg\" alt=\"\" width=\"384\" height=\"278\" \/><\/a><\/p>\n<p><span style=\"color: #0000ff;\">Ele e sua esposa n\u00e3o estariam tocando o neg\u00f3cio ainda por l\u00e1, se n\u00e3o fosse a for\u00e7a e a uni\u00e3o da comunidade<\/span>. H\u00e1 alguns anos, ele e diversos habitantes do bairro se viram num momento de despejo. A <span style=\"color: #0000ff;\">nova linha do Metr\u00f4 iria utilizar uma \u00e1rea na regi\u00e3o, segundo a advogada Regina Buttner, de aproximadamente 60 mil metros quadrados<\/span>. Isso do dia para a noite. Os desapropriados teriam o direito de receber de 30 a 33 mil reais pelo im\u00f3vel. Sem choro nem vela.<\/p>\n<p>O bom \u00e9 que alguns realmente n\u00e3o engoliram essa. Regina, conhecendo da Lei, come\u00e7ou a liderar um movimento que pressionasse os pol\u00edticos por condi\u00e7\u00f5es mais dignas. Queriam discutir, rever o plano elaborado. <span style=\"color: #0000ff;\">\u201cNunca fomos contra o metr\u00f4, apenas quer\u00edamos assegurar nossos direitos\u201d, disse a advogada do escrit\u00f3rio <\/span><em><span style=\"color: #0000ff;\">Buttner &amp; Kan\u00f4<\/span><\/em>. \u201cSe era preciso ficar na frente da c\u00e2mara, fic\u00e1vamos, se fosse preciso parar a rua, a gente parava, fomos at\u00e9 o final\u201d, acrescenta a advogada que mant\u00eam seu escrit\u00f3rio na Galeria Borba Gato.<\/p>\n<p>\u201cQuem n\u00e3o se mobilizou perdeu o im\u00f3vel. E pior era para os lojistas, porque as lojas alugadas, quem recebia a indeniza\u00e7\u00e3o era o propriet\u00e1rio. O lojista sa\u00eda com uma m\u00e3o atr\u00e1s outra na frente\u201d, disse M\u00e1rcia, dona da loja Momentos, na Galeria Borba Gato.<\/p>\n<p>Em setembro de 2008, a prefeitura resolveu atender \u00e0s justas solicita\u00e7\u00f5es dos cidad\u00e3os de Santo Amaro. <span style=\"color: #0000ff;\">\u201cFicou claro para todos que era pura especula\u00e7\u00e3o imobili\u00e1ria\u201d, disse D\u00e9cio da Silva, assistente da regional sul do Sindicato dos Banc\u00e1rios de S\u00e3o Paulo, Osasco e Regi\u00e3o<\/span>.<\/p>\n<p><span style=\"color: #0000ff;\">De 60 mil metros quadrados, segundo Regina, hoje a \u00e1rea que ser\u00e1 usada pelo metr\u00f4 \u00e9 de sete mil metros quadrados!<\/span><\/p>\n<p><span style=\"color: #0000ff;\">\u201cQualquer cidad\u00e3o pode reivindicar seus direitos, reclamar. Pedimos ajuda a diversos deputados, \u00e0 for\u00e7a sindical e ao PT\u201d, disse D\u00e9cio<\/span>.<\/p>\n<p>Lembrei muito enquanto ouvia esses depoimentos de vit\u00f3ria, do pessoal do Jaguar\u00e9, que vai ter maiores dificuldades para continuar estudando no UEJA. O neg\u00f3cio \u00e9 fazer acontecer, galera!<\/p>\n<p>E transformem esse blog num canal para voc\u00eas todos se comunicarem. Pessoal da Borba Gato tem figurinhas pra trocar com o pessoal do Jaguar\u00e9. E vice-versa! Vamos que vamos? Fa\u00e7am seus coment\u00e1rios!<\/p>\n<p style=\"text-align: center;\"><a href=\"http:\/\/projetocineb.com.br\/wp-content\/uploads\/2010\/02\/DSC00438_01SITE.jpg\"><img decoding=\"async\" class=\"aligncenter size-full wp-image-223\" title=\"D\u00e9cio da Silva, Regina Buttner e M\u00e1rcia\" src=\"http:\/\/projetocineb.com.br\/wp-content\/uploads\/2010\/02\/DSC00438_01SITE.jpg\" alt=\"\" width=\"512\" height=\"419\" \/><\/a><\/p>\n<h2><span style=\"color: #339966;\">SEM BAIXARIA<\/span><\/h2>\n<p>A dona <span style=\"color: #0000ff;\">Maria de Lourdes e sua amiga Roseli de Freitas sempre freq\u00fcentaram o cinema. Na d\u00e9cada de 90 ele foi vendido para a Igreja Miss\u00e3o Mundial Gra\u00e7a e Paz<\/span>. Desde ent\u00e3o as sess\u00f5es de filmes deram lugar aos cultos. Dona Roseli vinha muito assistir aos filmes dos Trapalh\u00f5es. Era o que mais gostava nos filmes nacionais. J\u00e1 sua amiga n\u00e3o gostava de <span style=\"color: #0000ff;\">filmes nacionais<\/span>. <span style=\"color: #0000ff;\">\u201cTinha muita baixaria, palavr\u00e3o. Comecei a gostar depois que assisti <\/span><em><span style=\"color: #0000ff;\">Olga<\/span><\/em><span style=\"color: #0000ff;\">, porque foi uma \u00e9poca que vivi, acompanhei toda a hist\u00f3ria, ali\u00e1s, achava o Prestes um covarde\u201d, disse dona Maria<\/span>.<\/p>\n<p style=\"text-align: center;\"><a href=\"http:\/\/projetocineb.com.br\/wp-content\/uploads\/2010\/02\/DSC00452_01SITE.jpg\"><img decoding=\"async\" class=\"aligncenter size-full wp-image-224\" title=\"Maria de Lourdes e Roseli de Freitas\" src=\"http:\/\/projetocineb.com.br\/wp-content\/uploads\/2010\/02\/DSC00452_01SITE.jpg\" alt=\"\" width=\"512\" height=\"342\" \/><\/a><\/p>\n<h2><span style=\"color: #339966;\">ONDE EST\u00c1 MINHA FILHA?<\/span><\/h2>\n<p>Conhecida por Regina, mas na verdade se chama Tamiko Yano, \u00e9 outra personagem com uma hist\u00f3ria para contar deste antigo cinema. Contou que quando o cinema ainda funcionava, sempre procurava a filha. Ela brincava nas redondezas e acabava sempre entrando no cinema para conferir um filminho. \u201cComo todo mundo conhecia agente, o porteiro deixava ela entrar, a\u00ed eu vinha toda preocupada e a encontrava aqui dentro\u201d, disse Regina.<\/p>\n<p>Sua filha hoje j\u00e1 \u00e9 uma mulher. Karina Midori Sato disse que ela e os amigos lotavam uma fileira inteira. \u201cN\u00e3o prest\u00e1vamos muita aten\u00e7\u00e3o no filme, v\u00ednhamos para brincar\u201d, conta Karina.<\/p>\n<p style=\"text-align: center;\"><a href=\"http:\/\/projetocineb.com.br\/wp-content\/uploads\/2010\/02\/DSC00454_01SITE.jpg\"><img loading=\"lazy\" decoding=\"async\" class=\"aligncenter size-full wp-image-225\" title=\"Tamiko Yano &quot;Regina&quot; e sua filha Karina Midori Sato\" src=\"http:\/\/projetocineb.com.br\/wp-content\/uploads\/2010\/02\/DSC00454_01SITE.jpg\" alt=\"\" width=\"384\" height=\"260\" \/><\/a><\/p>\n<h2><span style=\"color: #339966;\">HAHAHAHAHAHA<\/span><\/h2>\n<p>Tha\u00eds disse que n\u00e3o queria ver filme violento nem com gritaria. \u201cPorque eu gosto de com\u00e9dia, detesto ver desgra\u00e7a\u201d, disse indignada. Ela e suas amigas vieram conferir a sess\u00e3o do CineB. Contei a elas que o filme seria sobre m\u00fasica, uma hist\u00f3ria bonita. \u201cEu adoro m\u00fasica\u201d, disse Tha\u00eds. Da Pousada Reencontro, tamb\u00e9m vieram Silvana, Sandra, Elizangela, Saionara, Bruna, Mayara e K\u00e1tia. Todas munidas com uma deliciosa pipoquinha.<\/p>\n<p style=\"text-align: center;\"><a href=\"http:\/\/projetocineb.com.br\/wp-content\/uploads\/2010\/02\/DSC00456_01SITE.jpg\"><img loading=\"lazy\" decoding=\"async\" class=\"aligncenter size-full wp-image-227\" title=\"Tha\u00eds, Silvana, Sandra, Elizangela e Saionara na primeira fileira, Bruna Ma\u00edra e K\u00e1tia na segunda fileira\" src=\"http:\/\/projetocineb.com.br\/wp-content\/uploads\/2010\/02\/DSC00456_01SITE.jpg\" alt=\"\" width=\"384\" height=\"149\" \/><\/a><\/p>\n<p style=\"text-align: center;\">\n<h2><span style=\"color: #339966;\">ORQUESTRA M\u00daSICA DO SIL\u00caNCIO<\/span><\/h2>\n<p>No encerramento do CineB, realizado pelo Sindicato dos Banc\u00e1rios de S\u00e3o Paulo, Osasco e Regi\u00e3o e Brazucah Produ\u00e7\u00f5es, <span style=\"color: #0000ff;\">o p\u00fablico teve a honra de receber a <\/span><em><span style=\"color: #0000ff;\">Orquestra M\u00fasica do Sil\u00eancio<\/span><\/em><span style=\"color: #0000ff;\">, da zona norte de S\u00e3o Paulo<\/span>. H\u00e1 cinco anos, o <span style=\"color: #0000ff;\">maestro F\u00e1bio Bonvenuto<\/span> desenvolve um competente t<span style=\"color: #0000ff;\">rabalho com as crian\u00e7as das escolas p\u00fablicas Marechal Rondon e Lucie Bray<\/span>. A surpresa foi preparada pela Regina Buttner e a apresenta\u00e7\u00e3o foi realmente impactante. As crian\u00e7as tocaram diversas m\u00fasicas. O som preencheu a sala e animou a todos! Vou postar os v\u00eddeos que gravei das m\u00fasicas. O som do v\u00eddeo n\u00e3o \u00e9 l\u00e1 essas coisas, mas d\u00e1 para ter uma pequenina id\u00e9ia do talento que esses jovens emanam. <span style=\"color: #0000ff;\">Pura arte!<\/span><\/p>\n<h2><span style=\"color: #339966;\">PR\u00d3XIMA SESS\u00c3O<\/span><\/h2>\n<p>Cine B<em>en\u00e9filos<\/em> do meu cora\u00e7\u00e3o, amanh\u00e3 todos convidados para ir na <span style=\"color: #0000ff;\">Vila Prudente<\/span> conferir a sess\u00e3o do CineB, na <span style=\"color: #0000ff;\">zona norte de Sampa<\/span>. A A<span style=\"color: #0000ff;\">ssocia\u00e7\u00e3o dos Amigos do Jardim Independ\u00eancia<\/span> fica na rua <span style=\"color: #0000ff;\">Mois\u00e9s Chagas de Lira, numero 60<\/span>. Mais informa\u00e7\u00f5es liga para <span style=\"color: #0000ff;\">2154-9965<\/span>.<\/p>\n<p>Fim! Por enquanto&#8230; rss<\/p>\n<p style=\"text-align: center;\"><a href=\"http:\/\/projetocineb.com.br\/wp-content\/uploads\/2010\/02\/DSC00465_01SITE.jpg\"><img loading=\"lazy\" decoding=\"async\" class=\"aligncenter size-full wp-image-229\" title=\"O pipoqueiro oficial do CineB, Seu Ant\u00f4nio, dando uma entrevista para a TV Unisa\" src=\"http:\/\/projetocineb.com.br\/wp-content\/uploads\/2010\/02\/DSC00465_01SITE.jpg\" alt=\"\" width=\"512\" height=\"384\" \/><\/a><\/p>\n<p style=\"text-align: center;\"><a href=\"http:\/\/projetocineb.com.br\/wp-content\/uploads\/2010\/02\/DSC00459_01SITE.jpg\"><img loading=\"lazy\" decoding=\"async\" class=\"aligncenter size-full wp-image-230\" title=\"Na abertura do CineB, Regina Buttner, Cid\u00e1lio Vieira Santos, M\u00e1rcia da loja Momentos (que doou para sorteio diversos brindes, inclusive mp3 players nesta sess\u00e3o) e D\u00e9cio Silva\" src=\"http:\/\/projetocineb.com.br\/wp-content\/uploads\/2010\/02\/DSC00459_01SITE.jpg\" alt=\"\" width=\"640\" height=\"357\" \/><\/a><\/p>\n<p style=\"text-align: center;\">\n<p style=\"text-align: center;\"><a href=\"http:\/\/projetocineb.com.br\/wp-content\/uploads\/2010\/02\/DSC00481_01SITE.jpg\"><img loading=\"lazy\" decoding=\"async\" class=\"aligncenter size-full wp-image-231\" title=\"Neste sorteio teve todo tipo de brinde, das cl\u00e1ssicas camisetas do CineB, \u00e0 estojos de beleza e tocadores de MP3 doados pela loja Momentos\" src=\"http:\/\/projetocineb.com.br\/wp-content\/uploads\/2010\/02\/DSC00481_01SITE.jpg\" alt=\"\" width=\"510\" height=\"512\" \/><\/a><\/p>\n<p style=\"text-align: center;\">\n<p style=\"text-align: center;\"><a href=\"http:\/\/projetocineb.com.br\/wp-content\/uploads\/2010\/02\/DSC00486_01SITE1.jpg\"><img loading=\"lazy\" decoding=\"async\" class=\"aligncenter size-full wp-image-233\" title=\"Integrante da Orquestra M\u00fasica do Sil\u00eancio ganha um pr\u00eamio no Cine B\" src=\"http:\/\/projetocineb.com.br\/wp-content\/uploads\/2010\/02\/DSC00486_01SITE1.jpg\" alt=\"\" width=\"640\" height=\"480\" \/><\/a><\/p>\n<p style=\"text-align: center;\">\n<p style=\"text-align: center;\"><a href=\"http:\/\/projetocineb.com.br\/wp-content\/uploads\/2010\/02\/DSC00497SITE.jpg\"><img loading=\"lazy\" decoding=\"async\" class=\"aligncenter size-full wp-image-234\" title=\"Organizadores deste CineB posam em frente \u00e0 Orquestra M\u00fasica do Sil\u00eancio\" src=\"http:\/\/projetocineb.com.br\/wp-content\/uploads\/2010\/02\/DSC00497SITE.jpg\" alt=\"\" width=\"640\" height=\"298\" \/><\/a><\/p>\n<p style=\"text-align: center;\"><a href=\"http:\/\/projetocineb.com.br\/wp-content\/uploads\/2010\/02\/DSC00498_01SITE.jpg\"><img loading=\"lazy\" decoding=\"async\" class=\"aligncenter size-full wp-image-235\" title=\"A orquestra \u00e9 grande ent\u00e3o tive que tirar duas fotos...\" src=\"http:\/\/projetocineb.com.br\/wp-content\/uploads\/2010\/02\/DSC00498_01SITE.jpg\" alt=\"\" width=\"640\" height=\"441\" \/><\/a><\/p>\n<p style=\"text-align: center;\">\n<p style=\"text-align: center;\">\n<p style=\"text-align: left;\">0~0<\/p>\n","protected":false},"excerpt":{"rendered":"<p>HIST\u00d3RIA DE CINEMA CineB com tudo na \u00e1rea, mesmo com tempestade \u00e0 moda No\u00e9, que bagun\u00e7ou o tr\u00e2nsito j\u00e1 atrapalhado[&#8230;]<\/p>\n","protected":false},"author":2,"featured_media":0,"comment_status":"open","ping_status":"open","sticky":false,"template":"","format":"standard","meta":[],"categories":[2],"tags":[270,567,810,883,893,1089,1251],"_links":{"self":[{"href":"https:\/\/projetocineb.com.br\/index.php?rest_route=\/wp\/v2\/posts\/218"}],"collection":[{"href":"https:\/\/projetocineb.com.br\/index.php?rest_route=\/wp\/v2\/posts"}],"about":[{"href":"https:\/\/projetocineb.com.br\/index.php?rest_route=\/wp\/v2\/types\/post"}],"author":[{"embeddable":true,"href":"https:\/\/projetocineb.com.br\/index.php?rest_route=\/wp\/v2\/users\/2"}],"replies":[{"embeddable":true,"href":"https:\/\/projetocineb.com.br\/index.php?rest_route=%2Fwp%2Fv2%2Fcomments&post=218"}],"version-history":[{"count":0,"href":"https:\/\/projetocineb.com.br\/index.php?rest_route=\/wp\/v2\/posts\/218\/revisions"}],"wp:attachment":[{"href":"https:\/\/projetocineb.com.br\/index.php?rest_route=%2Fwp%2Fv2%2Fmedia&parent=218"}],"wp:term":[{"taxonomy":"category","embeddable":true,"href":"https:\/\/projetocineb.com.br\/index.php?rest_route=%2Fwp%2Fv2%2Fcategories&post=218"},{"taxonomy":"post_tag","embeddable":true,"href":"https:\/\/projetocineb.com.br\/index.php?rest_route=%2Fwp%2Fv2%2Ftags&post=218"}],"curies":[{"name":"wp","href":"https:\/\/api.w.org\/{rel}","templated":true}]}}