{"id":2205,"date":"2011-06-10T17:16:45","date_gmt":"2011-06-10T20:16:45","guid":{"rendered":"http:\/\/projetocineb.com.br\/?p=2205"},"modified":"2011-06-10T17:16:45","modified_gmt":"2011-06-10T20:16:45","slug":"2205","status":"publish","type":"post","link":"https:\/\/projetocineb.com.br\/?p=2205","title":{"rendered":"PROGAMA\u00c7\u00c3O JUNHO E JULHO"},"content":{"rendered":"<div>Confira nossa nova programa\u00e7\u00e3o! Ser\u00e1 que dessa vez estaremos na sua regi\u00e3o?<\/div>\n<p><iframe width=\"425\" height=\"349\" src=\"http:\/\/www.youtube.com\/embed\/1Aqn_jO_HAM\" frameborder=\"0\" allowfullscreen><\/iframe><\/p>\n<div>Filme em cartaz: <strong>O CONTADOR DE HIST\u00d3RIAS<\/strong><\/div>\n<div><\/div>\n<div><\/div>\n<div><strong>Sinopse:<\/strong> <em>O Contador de Hist\u00f3rias<\/em> gira em torno da <span style=\"color: #ff6600;\">trajet\u00f3ria de Roberto Carlos, um menino pobre de Belo Horizonte que, durante a d\u00e9cada de 70, cresce em uma entidade assistencial para menores, administrada pelo governo<\/span>. Entre fugas e capturas, ele \u00e9 considerado irrecuper\u00e1vel por seus educadores. A vida do garoto, por\u00e9m, muda quando ele conhece a pedagoga francesa Margherit (Maria de Medeiros, <a href=\"http:\/\/www.youtube.com\/watch?v=nfN2SpUqfPM\" target=\"_blank\">de Pulp Fiction<\/a>), que vem ao Brasil para realizar uma pesquisa. Juntos, aprendem importantes li\u00e7\u00f5es um com o outro, que mudar\u00e3o as vidas de ambos para sempre.<\/div>\n<div><strong>Elenco:<\/strong> Maria de Medeiros, Malu Galli, Marco Antonio, Paulo Henrique, Cleiton dos Santos da Silva e Chico Diaz<\/div>\n<div><strong>Roteiro:<\/strong> Mauricio Arruda, Jos\u00e9 Roberto Torero, Mariana Ver\u00edssimo, Luiz Villa\u00e7a.<\/div>\n<div><strong>Dire\u00e7\u00e3o:<\/strong> Luiz Villa\u00e7a<\/div>\n<div><strong>Classifica\u00e7\u00e3o do filme:\u00a0<span style=\"color: #ff6600;\">12 anos<\/span><\/strong><\/div>\n<div><strong>Dura\u00e7\u00e3o:<\/strong> 110min<\/div>\n<div><strong>G\u00eanero:<\/strong> Drama<\/div>\n<div><strong>SELE\u00c7\u00c3O FESTIVAL DO MINUTO<\/strong><\/div>\n<div><strong>Sinopse:<\/strong> Em 2010, foram realizados diversos concursos do <a href=\"http:\/\/www.minutefestival.com\/festivaldominuto\/\" target=\"_blank\">Festival do Minuto<\/a>, com diferentes temas e pr\u00eamios. Os 15 melhores v\u00eddeos enviados durante o ano foram reunidos nessa mostra que ser\u00e1 exibida na programa\u00e7\u00e3o de junho do Cine B.<\/div>\n<div><strong>Dura\u00e7\u00e3o:<\/strong> 15 min<\/div>\n<div><strong>Classifica\u00e7\u00e3o:\u00a0<span style=\"color: #ff6600;\">Livre<\/span><\/strong><\/div>\n<div>\n<blockquote><p><strong>&#8211; CRIAN\u00c7AS SOMENTE ACOMPANHADAS DOS PAIS &#8211;<\/strong><\/p><\/blockquote>\n<\/div>\n<div>\n<h2><span style=\"color: #008000;\">CINEMA BRASILEIRO EM:<\/span><\/h2>\n<\/div>\n<div>\n<div>\n<div><strong>VILA PRUDENTE<\/strong><\/div>\n<div><span style=\"color: #ff6600;\">DIA: 17, JUNHO, SEXTA-FEIRA, 19h<\/span><\/div>\n<div><span style=\"color: #ff6600;\">LOCAL: SOCIEDADE AMIGOS DA COMUNIDADE DE VILA PRUDENTE<\/span><\/div>\n<div>ENDERE\u00c7O: Rua\u00a0 Dian\u00f3polis, 4100\u00a0&#8211; Vila Prudente (prox ao mercado Sonda)<\/div>\n<div>RETIRADA DE INGRESSOS: Rua\u00a0 Dian\u00f3polis, 4100, falar com Eunice, Lola, ou Magali<\/div>\n<div>Espa\u00e7o com capacidade para 100 pessoas<\/div>\n<\/div>\n<div><strong>CAMPO LIMPO<\/strong><\/div>\n<\/div>\n<div><span style=\"color: #ff6600;\">DIA: 18, JUNHO, S\u00c1BADO, 19h<\/span><\/div>\n<div><span style=\"color: #ff6600;\">LOCAL: CRECHE DA IGREJA NOSSA SENHORA DO BOM CONSELHO<\/span><\/div>\n<div>ENDERE\u00c7O: Rua Nossa Senhora do Bom Conselho, 87\u00a0\u2013 Campo Limpo<\/div>\n<div>RETIRADA DE INGRESSOS: na\u00a0\u00a0 secretaria da\u00a0 Par\u00f3quia , falar\u00a0 com : Robson \/ Katia \/ Nasser<\/div>\n<div>Telefone: 11 5812-8679 \/ 5512-6134<\/div>\n<div>Local com capacidade para 200 pessoas<\/div>\n<div>\n<div>\n<div><strong>PARQUE DO CARMO<\/strong><\/div>\n<\/div>\n<div><span style=\"color: #ff6600;\">DIA: 28, JUNHO, TER\u00c7A-FEIRA, 20h<\/span><\/div>\n<div><span style=\"color: #ff6600;\">LOCAL: SAL\u00c3O SANTU\u00c1RIO NOSSA SENHORA DA PAZ<\/span><\/div>\n<div>ENDERE\u00c7O: Avenida Maria Luiz Americano, 1561\u00a0\u2013 Parque do Carmo<\/div>\n<div>RETIRADA DE INGRESSOS: Padre Dimas<\/div>\n<div>Telefone: 11 27485158<\/div>\n<div>Local com capacidade para 200 pessoas<\/div>\n<\/div>\n<div>\n<div><strong>JARDIM\u00a0 ARIZI<\/strong><\/div>\n<div><span style=\"color: #ff6600;\">DIA: 30, JUNHO, QUINTA-FEIRA, 19h<\/span><\/div>\n<div><span style=\"color: #ff6600;\">LOCAL: ONG JUNTOS 2<\/span><\/div>\n<div>ENDERE\u00c7O: Rua Frederico Severo, 50 &#8211; Jardim Arizi (prox ao Carrefour da Av Aricanduva)<\/div>\n<div>RETIRADA DE INGRESSOS: no local\u00a0 ou na sede da entidade JUNTOS<\/div>\n<div>Telefone: 11 2746 1117<\/div>\n<div>Espa\u00e7o com capacidade para 150 pessoas<\/div>\n<\/div>\n<div>\n<div><strong>VILA RICA<\/strong><\/div>\n<div><span style=\"color: #ff6600;\">DIA: 01, JULHO, SEXTA-FEIRA, 19h<\/span><\/div>\n<div><span style=\"color: #ff6600;\">LOCAL: SOCIEDADE AMIGOS\u00a0 DO BAIRRO DE VILA RICA<\/span><\/div>\n<div>ENDERE\u00c7O: Rua Jo\u00e3o Batista Lima, 47, Vila Rica<\/div>\n<div>RETIRADA DE INGRESSOS: falar com Bia Moreno<\/div>\n<div>Telefone: 11 2717 5548<\/div>\n<div>Espa\u00e7o com capacidade para 200 pessoas<\/div>\n<\/div>\n<div>\n<div><strong>VILA LEOPOLDINA<\/strong><\/div>\n<div><span style=\"color: #ff6600;\">DIA: 16, JULHO, S\u00c1BADO, 19h<\/span><\/div>\n<div><span style=\"color: #ff6600;\">LOCAL: SAL\u00c3O DA IGREJA NOSSA SENHORA DE LOURDES<\/span><\/div>\n<div>ENDERE\u00c7O: Rua Brentano, 437, Vila Hamburguesa (Travessa da rua Paulo Franco)<\/div>\n<div>RETIRADA DE INGRESSOS: na secretaria da Igreja, falar com Bernadete<\/div>\n<div>Telefone: 11 3834-4807<\/div>\n<div>Espa\u00e7o com capacidade para 300 pessoas<\/div>\n<\/div>\n","protected":false},"excerpt":{"rendered":"<p>Confira nossa nova programa\u00e7\u00e3o! Ser\u00e1 que dessa vez estaremos na sua regi\u00e3o? Filme em cartaz: O CONTADOR DE HIST\u00d3RIAS Sinopse:[&#8230;]<\/p>\n","protected":false},"author":2,"featured_media":0,"comment_status":"open","ping_status":"open","sticky":false,"template":"","format":"standard","meta":[],"categories":[10],"tags":[154,242,263,266,1004,1095,1132],"_links":{"self":[{"href":"https:\/\/projetocineb.com.br\/index.php?rest_route=\/wp\/v2\/posts\/2205"}],"collection":[{"href":"https:\/\/projetocineb.com.br\/index.php?rest_route=\/wp\/v2\/posts"}],"about":[{"href":"https:\/\/projetocineb.com.br\/index.php?rest_route=\/wp\/v2\/types\/post"}],"author":[{"embeddable":true,"href":"https:\/\/projetocineb.com.br\/index.php?rest_route=\/wp\/v2\/users\/2"}],"replies":[{"embeddable":true,"href":"https:\/\/projetocineb.com.br\/index.php?rest_route=%2Fwp%2Fv2%2Fcomments&post=2205"}],"version-history":[{"count":0,"href":"https:\/\/projetocineb.com.br\/index.php?rest_route=\/wp\/v2\/posts\/2205\/revisions"}],"wp:attachment":[{"href":"https:\/\/projetocineb.com.br\/index.php?rest_route=%2Fwp%2Fv2%2Fmedia&parent=2205"}],"wp:term":[{"taxonomy":"category","embeddable":true,"href":"https:\/\/projetocineb.com.br\/index.php?rest_route=%2Fwp%2Fv2%2Fcategories&post=2205"},{"taxonomy":"post_tag","embeddable":true,"href":"https:\/\/projetocineb.com.br\/index.php?rest_route=%2Fwp%2Fv2%2Ftags&post=2205"}],"curies":[{"name":"wp","href":"https:\/\/api.w.org\/{rel}","templated":true}]}}