{"id":2213,"date":"2011-06-20T23:13:08","date_gmt":"2011-06-21T02:13:08","guid":{"rendered":"http:\/\/projetocineb.com.br\/?p=2213"},"modified":"2011-06-20T23:13:08","modified_gmt":"2011-06-21T02:13:08","slug":"vila-prudente","status":"publish","type":"post","link":"https:\/\/projetocineb.com.br\/?p=2213","title":{"rendered":"VILA PRUDENTE"},"content":{"rendered":"<figure id=\"attachment_2217\" aria-describedby=\"caption-attachment-2217\" style=\"width: 384px\" class=\"wp-caption aligncenter\"><a href=\"http:\/\/projetocineb.com.br\/wp-content\/uploads\/2011\/06\/DSC00750_01web.jpg\"><img fetchpriority=\"high\" decoding=\"async\" class=\"size-full wp-image-2217  \" title=\"Exibi\u00e7\u00e3o do Cine B em Vila Prudente, zona leste de S\u00e3o Paulo\" src=\"http:\/\/projetocineb.com.br\/wp-content\/uploads\/2011\/06\/DSC00750_01web.jpg\" alt=\"Exibi\u00e7\u00e3o do Cine B em Vila Prudente, zona leste de S\u00e3o Paulo\" width=\"384\" height=\"288\" \/><\/a><figcaption id=\"caption-attachment-2217\" class=\"wp-caption-text\">Exibi\u00e7\u00e3o do Cine B em Vila Prudente, zona leste de S\u00e3o Paulo<\/figcaption><\/figure>\n<p>Desde a primeira vez que o Cine B armou sua tela na comunidade de Heli\u00f3polis, o publico de Vila Prudente aguardava ansioso nossa chegada. A exibi\u00e7\u00e3o realizada na <span style=\"color: #ff6600;\">Sociedade Amigos da Comunidade de Vila Prudente contou com mais de 120 espectadores e marcou o in\u00edcio da programa\u00e7\u00e3o de junho do Cine B com o filme <em>O contador de hist\u00f3rias<\/em>, de Luiz Villa\u00e7a<\/span>. Al\u00e9m disso, <span style=\"color: #ff6600;\">o rep\u00f3rter Danilo Manha da Record News, Instituto Ressoar, esteve presente na exibi\u00e7\u00e3o gravando uma reportagem sobre o Cine B!<\/span><\/p>\n<figure id=\"attachment_2218\" aria-describedby=\"caption-attachment-2218\" style=\"width: 384px\" class=\"wp-caption aligncenter\"><a href=\"http:\/\/projetocineb.com.br\/wp-content\/uploads\/2011\/06\/DSC00756_01web.jpg\"><img decoding=\"async\" class=\"size-full wp-image-2218  \" title=\"O rep\u00f3rter Danilo Manha da Record grava reportagem no Cine B\" src=\"http:\/\/projetocineb.com.br\/wp-content\/uploads\/2011\/06\/DSC00756_01web.jpg\" alt=\"O rep\u00f3rter Danilo Manha da Record grava reportagem no Cine B\" width=\"384\" height=\"288\" \/><\/a><figcaption id=\"caption-attachment-2218\" class=\"wp-caption-text\">O rep\u00f3rter Danilo Manha da Record grava reportagem no Cine B<\/figcaption><\/figure>\n<p><span style=\"color: #ff6600;\">\u201cO Marcelo [Gon\u00e7alves, l\u00edder comunit\u00e1rio em Heli\u00f3polis] j\u00e1 tinha nos contado sobre o projeto e desde ent\u00e3o tent\u00e1vamos traz\u00ea-lo, hoje finalmente nossa hora chegou\u201d, diz Lucineide Ara\u00fajo Santos, mais conhecida como Lola, diretora social da Associa\u00e7\u00e3o.<\/span><\/p>\n<p>\u201cO presidente da associa\u00e7\u00e3o faleceu h\u00e1 4 meses e atualmente estamos refazendo parcerias e criando novos projetos, arrumando a casa\u201d, diz Eunice Araujo Santos, diretora social. <span style=\"color: #ff6600;\">\u201cJ\u00e1 temos uma sala com 11 computadores, aula de costura, dentista e biblioteca\u201d, diz Eunice, que acrescenta que a institui\u00e7\u00e3o atualmente precisa de volunt\u00e1rios.<\/span><\/p>\n<figure id=\"attachment_2221\" aria-describedby=\"caption-attachment-2221\" style=\"width: 384px\" class=\"wp-caption aligncenter\"><a href=\"http:\/\/projetocineb.com.br\/wp-content\/uploads\/2011\/06\/DSC00794_01web.jpg\"><img decoding=\"async\" class=\"size-full wp-image-2221  \" title=\"Na abertura do Cine B, os membros da Associa\u00e7\u00e3o Amigos de Vila Prudente, Dorinha (Maria das Dores Rodrigues), Magali Palmares, Lola (Eunice Moreno da Silva, Aparecido Augusto, Antonio Cust\u00f3rio de Oliveira, S\u00e9rgio Monteiro da Silva e Lucineide Ara\u00fajo Santos\" src=\"http:\/\/projetocineb.com.br\/wp-content\/uploads\/2011\/06\/DSC00794_01web.jpg\" alt=\"Na abertura do Cine B, os membros da Associa\u00e7\u00e3o Amigos de Vila Prudente, Dorinha (Maria das Dores Rodrigues), Magali Palmares, Lola (Eunice Moreno da Silva, Aparecido Augusto, Antonio Cust\u00f3rio de Oliveira, S\u00e9rgio Monteiro da Silva e Lucineide Ara\u00fajo Santos\" width=\"384\" height=\"288\" \/><\/a><figcaption id=\"caption-attachment-2221\" class=\"wp-caption-text\">Na abertura do Cine B, os membros da Associa\u00e7\u00e3o Amigos de Vila Prudente, Dorinha (Maria das Dores Rodrigues), Magali Palmares, Lola (Eunice Moreno da Silva, Aparecido Augusto, Antonio Cust\u00f3rio de Oliveira, S\u00e9rgio Monteiro da Silva e Lucineide Ara\u00fajo Santos<\/figcaption><\/figure>\n<p><span style=\"color: #ff6600;\">\u201cPrincipalmente para fazer o atendimento odontol\u00f3gico, <strong>precisamos de pessoas que tenham interesse em trabalhar com nossa comunidade<\/strong>\u201d, diz Eunice. Na comunidade de Vila Prudente moram 1200 fam\u00edlias.<\/span> H\u00e1 pais na comunidade que tem mais de 5 filhos.<\/p>\n<p>Quando questionadas sobre o h\u00e1bito de ir ao cinema, tanto Eunice quanto Lola dizem assistir mais filmes em casa, pela televis\u00e3o. \u201cTempo e dinheiro s\u00e3o o que me impedem de ir a um cinema\u201d, diz Lola. <span style=\"color: #ff6600;\">\u201cEu trabalho muito, fico cansada, sem vontade de sair e l\u00e1 em casa \u00e9 daquele jeito, ou vai eu ou minha filha, porque n\u00f3s duas ficaria muito caro\u201d, diz.<\/span><\/p>\n<p>Para a moradora de Vila Prudente, Rosineide Nascimento, esta sess\u00e3o do Cine B foi sua primeira experi\u00eancia com a grande tela. <span style=\"color: #ff6600;\">\u201cQuando vivia eu vivia no Norte do Pa\u00eds, nem se ouvia falar em cinema e quando me mudei pra S\u00e3o Paulo, sempre tinha que trabalhar muito e nunca arranjei tempo pra ir no cinema\u201d, diz<\/span>.<\/p>\n<figure id=\"attachment_2226\" aria-describedby=\"caption-attachment-2226\" style=\"width: 384px\" class=\"wp-caption aligncenter\"><a href=\"http:\/\/projetocineb.com.br\/wp-content\/uploads\/2011\/06\/DSC00810_01web.jpg\"><img loading=\"lazy\" decoding=\"async\" class=\"size-full wp-image-2226  \" title=\"\u201cMas sempre incentivo meus filhos a ir\u201d, diz Rosineide, que foi no Cine B acompanhada de seu netinho Renan Santos Silva, de 6 anos e j\u00e1 foi no cinema com a escola dele\" src=\"http:\/\/projetocineb.com.br\/wp-content\/uploads\/2011\/06\/DSC00810_01web.jpg\" alt=\"\u201cMas sempre incentivo meus filhos a ir\u201d, diz Rosineide, que foi no Cine B acompanhada de seu netinho Renan Santos Silva, de 6 anos e j\u00e1 foi no cinema com a escola dele\" width=\"384\" height=\"288\" \/><\/a><figcaption id=\"caption-attachment-2226\" class=\"wp-caption-text\">\u201cMas sempre incentivo meus filhos a ir\u201d, diz Rosineide, que foi no Cine B acompanhada de seu netinho Renan Santos Silva, de 6 anos e j\u00e1 foi no cinema com a escola dele<\/figcaption><\/figure>\n<h2><span style=\"color: #008000;\">CLICKS<\/span><\/h2>\n<figure id=\"attachment_2219\" aria-describedby=\"caption-attachment-2219\" style=\"width: 384px\" class=\"wp-caption aligncenter\"><a href=\"http:\/\/projetocineb.com.br\/wp-content\/uploads\/2011\/06\/DSC00770_01web.jpg\"><img loading=\"lazy\" decoding=\"async\" class=\"size-full wp-image-2219  \" title=\"Cid\u00e1lio Vieira Santos \u00e9 entrevistado pelo programa do Instituto Ressoar\" src=\"http:\/\/projetocineb.com.br\/wp-content\/uploads\/2011\/06\/DSC00770_01web.jpg\" alt=\"Cid\u00e1lio Vieira Santos \u00e9 entrevistado pelo programa do Instituto Ressoar\" width=\"384\" height=\"288\" \/><\/a><figcaption id=\"caption-attachment-2219\" class=\"wp-caption-text\">Cid\u00e1lio Vieira Santos \u00e9 entrevistado pelo programa do Instituto Ressoar<\/figcaption><\/figure>\n<figure id=\"attachment_2215\" aria-describedby=\"caption-attachment-2215\" style=\"width: 384px\" class=\"wp-caption aligncenter\"><a href=\"http:\/\/projetocineb.com.br\/wp-content\/uploads\/2011\/06\/DSC00746_01web.jpg\"><img loading=\"lazy\" decoding=\"async\" class=\"size-full wp-image-2215  \" title=\"&quot;Moro aqui desde 1955 e gostei muito do cinema, tem que vir mais vezes&quot;, diz Ariadne Ferreira Espigla, acompanhada de Jos\u00e9 Antonio de S\u00e1\" src=\"http:\/\/projetocineb.com.br\/wp-content\/uploads\/2011\/06\/DSC00746_01web.jpg\" alt=\"&quot;Moro aqui desde 1955 e gostei muito do cinema, tem que vir mais vezes&quot;, diz Ariadne Ferreira Espigla, acompanhada de Jos\u00e9 Antonio de S\u00e1\" width=\"384\" height=\"288\" \/><\/a><figcaption id=\"caption-attachment-2215\" class=\"wp-caption-text\">&quot;Moro aqui desde 1955 e gostei muito do cinema, tem que vir mais vezes&quot;, diz Ariadne Ferreira Espigla, acompanhada de Jos\u00e9 Antonio de S\u00e1<\/figcaption><\/figure>\n<figure id=\"attachment_2220\" aria-describedby=\"caption-attachment-2220\" style=\"width: 384px\" class=\"wp-caption aligncenter\"><a href=\"http:\/\/projetocineb.com.br\/wp-content\/uploads\/2011\/06\/DSC00777_01web.jpg\"><img loading=\"lazy\" decoding=\"async\" class=\"size-full wp-image-2220  \" title=\"Micheli Caleiro de Souza e sua irm\u00e3 Ang\u00e9lica Caleiro dos Santos s\u00e3o entrevistadas\" src=\"http:\/\/projetocineb.com.br\/wp-content\/uploads\/2011\/06\/DSC00777_01web.jpg\" alt=\"Micheli Caleiro de Souza e sua irm\u00e3 Ang\u00e9lica Caleiro dos Santos s\u00e3o entrevistadas\" width=\"384\" height=\"288\" \/><\/a><figcaption id=\"caption-attachment-2220\" class=\"wp-caption-text\">Micheli Caleiro de Souza e sua irm\u00e3 Ang\u00e9lica Caleiro dos Santos s\u00e3o entrevistadas<\/figcaption><\/figure>\n<figure id=\"attachment_2216\" aria-describedby=\"caption-attachment-2216\" style=\"width: 384px\" class=\"wp-caption aligncenter\"><a href=\"http:\/\/projetocineb.com.br\/wp-content\/uploads\/2011\/06\/DSC00748_01web.jpg\"><img loading=\"lazy\" decoding=\"async\" class=\"size-full wp-image-2216  \" title=\"&quot;J\u00e1 devia ter vindo antes, faz tempo que estamos esperando o Cine B em nossa comunidade&quot;, diz Luiza Beneveluto Anacreto, com a neta Izabeli de 1 ano e seis meses e sua vizinha Neide Alves\" src=\"http:\/\/projetocineb.com.br\/wp-content\/uploads\/2011\/06\/DSC00748_01web.jpg\" alt=\"&quot;J\u00e1 devia ter vindo antes, faz tempo que estamos esperando o Cine B em nossa comunidade&quot;, diz Luiza Beneveluto Anacreto, com a neta Izabeli de 1 ano e seis meses e sua vizinha Neide Alves\" width=\"384\" height=\"288\" \/><\/a><figcaption id=\"caption-attachment-2216\" class=\"wp-caption-text\">&quot;J\u00e1 devia ter vindo antes, faz tempo que estamos esperando o Cine B em nossa comunidade&quot;, diz Luiza Beneveluto Anacreto, com a neta Izabeli de 1 ano e seis meses e sua vizinha Neide Alves<\/figcaption><\/figure>\n<figure id=\"attachment_2223\" aria-describedby=\"caption-attachment-2223\" style=\"width: 384px\" class=\"wp-caption aligncenter\"><a href=\"http:\/\/projetocineb.com.br\/wp-content\/uploads\/2011\/06\/DSC00801_01web.jpg\"><img loading=\"lazy\" decoding=\"async\" class=\"size-full wp-image-2223  \" title=\"S\u00e9rgio Monteiro, da Associa\u00e7\u00e3o Amigos de Vila Prudente d\u00e1 entrevista para o rep\u00f3rter Danilo da Record News\" src=\"http:\/\/projetocineb.com.br\/wp-content\/uploads\/2011\/06\/DSC00801_01web.jpg\" alt=\"S\u00e9rgio Monteiro, da Associa\u00e7\u00e3o Amigos de Vila Prudente d\u00e1 entrevista para o rep\u00f3rter Danilo da Record News\" width=\"384\" height=\"288\" \/><\/a><figcaption id=\"caption-attachment-2223\" class=\"wp-caption-text\">S\u00e9rgio Monteiro, da Associa\u00e7\u00e3o Amigos de Vila Prudente d\u00e1 entrevista para o rep\u00f3rter Danilo da Record News<\/figcaption><\/figure>\n<figure id=\"attachment_2224\" aria-describedby=\"caption-attachment-2224\" style=\"width: 384px\" class=\"wp-caption aligncenter\"><a href=\"http:\/\/projetocineb.com.br\/wp-content\/uploads\/2011\/06\/DSC00804_01web.jpg\"><img loading=\"lazy\" decoding=\"async\" class=\"size-full wp-image-2224  \" title=\"Cine B na Vila Prudente reuniu mais de 120 moradores da comunidade, na Associa\u00e7\u00e3o Amigos de Vila Prudente, zona leste de S\u00e3o Paulo.\" src=\"http:\/\/projetocineb.com.br\/wp-content\/uploads\/2011\/06\/DSC00804_01web.jpg\" alt=\"Cine B na Vila Prudente reuniu mais de 120 moradores da comunidade, na Associa\u00e7\u00e3o Amigos de Vila Prudente, zona leste de S\u00e3o Paulo.\" width=\"384\" height=\"288\" \/><\/a><figcaption id=\"caption-attachment-2224\" class=\"wp-caption-text\">Cine B na Vila Prudente reuniu mais de 120 moradores da comunidade, na Associa\u00e7\u00e3o Amigos de Vila Prudente, zona leste de S\u00e3o Paulo.<\/figcaption><\/figure>\n<figure id=\"attachment_2225\" aria-describedby=\"caption-attachment-2225\" style=\"width: 360px\" class=\"wp-caption aligncenter\"><a href=\"http:\/\/projetocineb.com.br\/wp-content\/uploads\/2011\/06\/DSC00806_01web.jpg\"><img loading=\"lazy\" decoding=\"async\" class=\"size-full wp-image-2225 \" title=\"Cid\u00e1lio Vieira Santos \u00e9 entrevistado pelo programa do Instituto Ressoar\" src=\"http:\/\/projetocineb.com.br\/wp-content\/uploads\/2011\/06\/DSC00806_01web.jpg\" alt=\"Cid\u00e1lio Vieira Santos \u00e9 entrevistado pelo programa do Instituto Ressoar\" width=\"360\" height=\"480\" \/><\/a><figcaption id=\"caption-attachment-2225\" class=\"wp-caption-text\">Cid\u00e1lio Vieira Santos \u00e9 entrevistado pelo programa do Instituto Ressoar<\/figcaption><\/figure>\n<figure id=\"attachment_2222\" aria-describedby=\"caption-attachment-2222\" style=\"width: 384px\" class=\"wp-caption aligncenter\"><a href=\"http:\/\/projetocineb.com.br\/wp-content\/uploads\/2011\/06\/DSC00797_01web.jpg\"><img loading=\"lazy\" decoding=\"async\" class=\"size-full wp-image-2222  \" title=\"Uma parte da grande fam\u00edlia Maranh\u00e3o, presente no evento: Gustavo, 4 anos, no colo da m\u00e3e Silvana, Tamires, Silvana e Fabr\u00edcio, 4, Natalia e Camila que trouxe um grande pote para a pipoca\" src=\"http:\/\/projetocineb.com.br\/wp-content\/uploads\/2011\/06\/DSC00797_01web.jpg\" alt=\"Uma parte da grande fam\u00edlia Maranh\u00e3o, presente no evento: Gustavo, 4 anos, no colo da m\u00e3e Silvana, Tamires, Silvana e Fabr\u00edcio, 4, Natalia e Camila que trouxe um grande pote para a pipoca\" width=\"384\" height=\"275\" \/><\/a><figcaption id=\"caption-attachment-2222\" class=\"wp-caption-text\">Uma parte da grande fam\u00edlia Maranh\u00e3o, presente no evento: Gustavo, 4 anos, no colo da m\u00e3e Silvana, Tamires, Silvana e Fabr\u00edcio, 4, Natalia e Camila que trouxe um grande pote para a pipoca<\/figcaption><\/figure>\n<figure id=\"attachment_2227\" aria-describedby=\"caption-attachment-2227\" style=\"width: 384px\" class=\"wp-caption aligncenter\"><a href=\"http:\/\/projetocineb.com.br\/wp-content\/uploads\/2011\/06\/DSC00813_01web.jpg\"><img loading=\"lazy\" decoding=\"async\" class=\"size-full wp-image-2227  \" title=\"Essas gostam de uma foto, tiramos v\u00e1rias at\u00e9 chegar nesta, que foi a escolhida por Cintia, Katlyn, Cylene e Jennifer, todas da fam\u00edlia Maranh\u00e3o\" src=\"http:\/\/projetocineb.com.br\/wp-content\/uploads\/2011\/06\/DSC00813_01web.jpg\" alt=\"Essas gostam de uma foto, tiramos v\u00e1rias at\u00e9 chegar nesta, que foi a escolhida por Cintia, Katlyn, Cylene e Jennifer, todas da fam\u00edlia Maranh\u00e3o\" width=\"384\" height=\"288\" \/><\/a><figcaption id=\"caption-attachment-2227\" class=\"wp-caption-text\">Essas gostam de uma foto, tiramos v\u00e1rias at\u00e9 chegar nesta, que foi a escolhida por Cintia, Katlyn, Cylene e Jennifer, todas da fam\u00edlia Maranh\u00e3o<\/figcaption><\/figure>\n<figure id=\"attachment_2230\" aria-describedby=\"caption-attachment-2230\" style=\"width: 384px\" class=\"wp-caption aligncenter\"><a href=\"http:\/\/projetocineb.com.br\/wp-content\/uploads\/2011\/06\/DSC00817_01web.jpg\"><img loading=\"lazy\" decoding=\"async\" class=\"size-full wp-image-2230  \" title=\"Os g\u00eameos desse Cine B em Vila Prudente, Alex Alessandro dos Santos da Costa, 16 anos\" src=\"http:\/\/projetocineb.com.br\/wp-content\/uploads\/2011\/06\/DSC00817_01web.jpg\" alt=\"Os g\u00eameos desse Cine B em Vila Prudente, Alex Alessandro dos Santos da Costa, 16 anos\" width=\"384\" height=\"288\" \/><\/a><figcaption id=\"caption-attachment-2230\" class=\"wp-caption-text\">Os g\u00eameos desse Cine B em Vila Prudente, Alex Alessandro dos Santos da Costa, 16 anos<\/figcaption><\/figure>\n<figure id=\"attachment_2228\" aria-describedby=\"caption-attachment-2228\" style=\"width: 384px\" class=\"wp-caption aligncenter\"><a href=\"http:\/\/projetocineb.com.br\/wp-content\/uploads\/2011\/06\/DSC00815_01web.jpg\"><img loading=\"lazy\" decoding=\"async\" class=\"size-full wp-image-2228  \" title=\"Natalia Pereira Maranh\u00e3o veio preparada com um grande pote de pipoca e no sorteio faturou uma camiseta do Cine B\" src=\"http:\/\/projetocineb.com.br\/wp-content\/uploads\/2011\/06\/DSC00815_01web.jpg\" alt=\"Natalia Pereira Maranh\u00e3o veio preparada com um grande pote de pipoca e no sorteio faturou uma camiseta do Cine B\" width=\"384\" height=\"288\" \/><\/a><figcaption id=\"caption-attachment-2228\" class=\"wp-caption-text\">Natalia Pereira Maranh\u00e3o veio preparada com um grande pote de pipoca e no sorteio faturou uma camiseta do Cine B<\/figcaption><\/figure>\n<figure id=\"attachment_2229\" aria-describedby=\"caption-attachment-2229\" style=\"width: 384px\" class=\"wp-caption aligncenter\"><a href=\"http:\/\/projetocineb.com.br\/wp-content\/uploads\/2011\/06\/DSC00816_01web.jpg\"><img loading=\"lazy\" decoding=\"async\" class=\"size-full wp-image-2229  \" title=\"Renan Silva posa com seus amigos Thayron Alencar de 11 anos e Victor Vinicius dos Santos, 12, depois do sorteio de brindes do Cine B em Vila Prudente\" src=\"http:\/\/projetocineb.com.br\/wp-content\/uploads\/2011\/06\/DSC00816_01web.jpg\" alt=\"Renan Silva posa com seus amigos Thayron Alencar de 11 anos e Victor Vinicius dos Santos, 12, depois do sorteio de brindes do Cine B em Vila Prudente\" width=\"384\" height=\"288\" \/><\/a><figcaption id=\"caption-attachment-2229\" class=\"wp-caption-text\">Renan Silva posa com seus amigos Thayron Alencar de 11 anos e Victor Vinicius dos Santos, 12, depois do sorteio de brindes do Cine B em Vila Prudente<\/figcaption><\/figure>\n<figure id=\"attachment_2214\" aria-describedby=\"caption-attachment-2214\" style=\"width: 384px\" class=\"wp-caption aligncenter\"><a href=\"http:\/\/projetocineb.com.br\/wp-content\/uploads\/2011\/06\/DSC00821_01web.jpg\"><img loading=\"lazy\" decoding=\"async\" class=\"size-full wp-image-2214  \" title=\"Os sortudos desta exibi\u00e7\u00e3o!\" src=\"http:\/\/projetocineb.com.br\/wp-content\/uploads\/2011\/06\/DSC00821_01web.jpg\" alt=\"Os sortudos desta exibi\u00e7\u00e3o!\" width=\"384\" height=\"288\" \/><\/a><figcaption id=\"caption-attachment-2214\" class=\"wp-caption-text\">Os sortudos desta exibi\u00e7\u00e3o!<\/figcaption><\/figure>\n","protected":false},"excerpt":{"rendered":"<p>Desde a primeira vez que o Cine B armou sua tela na comunidade de Heli\u00f3polis, o publico de Vila Prudente[&#8230;]<\/p>\n","protected":false},"author":2,"featured_media":0,"comment_status":"open","ping_status":"open","sticky":false,"template":"","format":"standard","meta":[],"categories":[2],"tags":[154,242,263,266,639,762,860,1037,1095,1132,1142,1228,1247],"_links":{"self":[{"href":"https:\/\/projetocineb.com.br\/index.php?rest_route=\/wp\/v2\/posts\/2213"}],"collection":[{"href":"https:\/\/projetocineb.com.br\/index.php?rest_route=\/wp\/v2\/posts"}],"about":[{"href":"https:\/\/projetocineb.com.br\/index.php?rest_route=\/wp\/v2\/types\/post"}],"author":[{"embeddable":true,"href":"https:\/\/projetocineb.com.br\/index.php?rest_route=\/wp\/v2\/users\/2"}],"replies":[{"embeddable":true,"href":"https:\/\/projetocineb.com.br\/index.php?rest_route=%2Fwp%2Fv2%2Fcomments&post=2213"}],"version-history":[{"count":0,"href":"https:\/\/projetocineb.com.br\/index.php?rest_route=\/wp\/v2\/posts\/2213\/revisions"}],"wp:attachment":[{"href":"https:\/\/projetocineb.com.br\/index.php?rest_route=%2Fwp%2Fv2%2Fmedia&parent=2213"}],"wp:term":[{"taxonomy":"category","embeddable":true,"href":"https:\/\/projetocineb.com.br\/index.php?rest_route=%2Fwp%2Fv2%2Fcategories&post=2213"},{"taxonomy":"post_tag","embeddable":true,"href":"https:\/\/projetocineb.com.br\/index.php?rest_route=%2Fwp%2Fv2%2Ftags&post=2213"}],"curies":[{"name":"wp","href":"https:\/\/api.w.org\/{rel}","templated":true}]}}