{"id":2236,"date":"2011-06-22T17:50:16","date_gmt":"2011-06-22T20:50:16","guid":{"rendered":"http:\/\/projetocineb.com.br\/?p=2236"},"modified":"2011-06-22T17:50:16","modified_gmt":"2011-06-22T20:50:16","slug":"campo-limpo","status":"publish","type":"post","link":"https:\/\/projetocineb.com.br\/?p=2236","title":{"rendered":"CAMPO LIMPO"},"content":{"rendered":"<figure id=\"attachment_2238\" aria-describedby=\"caption-attachment-2238\" style=\"width: 384px\" class=\"wp-caption aligncenter\"><a href=\"http:\/\/projetocineb.com.br\/wp-content\/uploads\/2011\/06\/DSC00829_01web.jpg\"><img fetchpriority=\"high\" decoding=\"async\" class=\"size-full wp-image-2238  \" title=\"Cena do filme O contador de hist\u00f3rias, exibido no Cine B em Campo Limpo\" src=\"http:\/\/projetocineb.com.br\/wp-content\/uploads\/2011\/06\/DSC00829_01web.jpg\" alt=\"Cena do filme O contador de hist\u00f3rias, exibido no Cine B em Campo Limpo\" width=\"384\" height=\"288\" \/><\/a><figcaption id=\"caption-attachment-2238\" class=\"wp-caption-text\">Cena do filme O contador de hist\u00f3rias, exibido no Cine B em Campo Limpo<\/figcaption><\/figure>\n<p>Em 2007, numa das primeira exibi\u00e7\u00f5es do projeto, o Cine B esteve na regi\u00e3o do Campo Limpo exibindo o longa <em>Um dia de festa<\/em>. Agora em 2011, <span style=\"color: #ff6600;\">pela segunda vez o Cine B retorna ao bairro exibindo o longa-metragem <em>O contador de hist\u00f3rias<\/em>, dirigido por Luiz Villa\u00e7a, e uma sele\u00e7\u00e3o de 15 curtas-metragens do Festival do Minuto<\/span>.<\/p>\n<p><span style=\"color: #ff6600;\">&#8220;Muitas pessoas n\u00e3o tem condi\u00e7\u00e3o de ir a um shopping e pagar o ingresso do cinema, ent\u00e3o \u00e9 muito bom ter o Cine B aqui em nosso bairro&#8221;, diz Juliana Gon\u00e7alves, coordenadora de cerimonial da Igreja e catequista, na abertura do Cine B.<\/span><\/p>\n<p><span style=\"color: #ff6600;\"> <\/span><\/p>\n<figure id=\"attachment_2243\" aria-describedby=\"caption-attachment-2243\" style=\"width: 384px\" class=\"wp-caption aligncenter\"><a href=\"http:\/\/projetocineb.com.br\/wp-content\/uploads\/2011\/06\/DSC00844_01web.jpg\"><img decoding=\"async\" class=\"size-full wp-image-2243  \" title=\"Juliana Gon\u00e7alves, coordenadora de cerimonial da Igreja e catequista, na abertura do Cine B, com Cid\u00e1lio Vieira Santos, coordenador do Cine B\" src=\"http:\/\/projetocineb.com.br\/wp-content\/uploads\/2011\/06\/DSC00844_01web.jpg\" alt=\"uliana Gon\u00e7alves, coordenadora de cerimonial da Igreja e catequista, na abertura do Cine B, com Cid\u00e1lio Vieira Santos, coordenador do Cine B\" width=\"384\" height=\"288\" \/><\/a><figcaption id=\"caption-attachment-2243\" class=\"wp-caption-text\">uliana Gon\u00e7alves, coordenadora de cerimonial da Igreja e catequista, na abertura do Cine B, com Cid\u00e1lio Vieira Santos, coordenador do Cine B<\/figcaption><\/figure>\n<p>Morador da zona sul e assessor do deputado Luiz Cl\u00e1udio Marcolino, Alberto Trindade ressaltou que todos podem seguir pela internet a programa\u00e7\u00e3o do Cine B. <span style=\"color: #ff6600;\">\u201cTodos s\u00e3o bem vindos ao Cine B, que sempre exibe filmes brasileiros recentes\u201d, diz Alberto.<\/span><\/p>\n<p>\u201cEste \u00e9 um projeto que precisa estar cada vez mais presente nas escolas, as crian\u00e7as adoram esse tipo de atividade\u201d, diz a diretora da E.E. Professor Dr. Cl\u00f3vis de Oliveira, Elizabete Maciel. <span style=\"color: #ff6600;\">\u201cAinda mais com este filme [<em>O contador de hist\u00f3rias<\/em>], seria muito bom v\u00ea-los nas escolas, pois \u00e9 um filme que incentiva os professores a acreditarem em seus alunos, por mais dif\u00edceis que estes possam ser\u201d, diz a diretora.<\/span><\/p>\n<p><span style=\"color: #ff6600;\"> <\/span><\/p>\n<figure id=\"attachment_2237\" aria-describedby=\"caption-attachment-2237\" style=\"width: 384px\" class=\"wp-caption aligncenter\"><a href=\"http:\/\/projetocineb.com.br\/wp-content\/uploads\/2011\/06\/DSC00865_01web.jpg\"><img decoding=\"async\" class=\"size-full wp-image-2237  \" title=\"Elizabete Maciel, diretora da EE. Professor Doutor Cl\u00f3vis de Oliveira, que na foto est\u00e1 acompanhada de sua aluna\" src=\"http:\/\/projetocineb.com.br\/wp-content\/uploads\/2011\/06\/DSC00865_01web.jpg\" alt=\"Elizabete Maciel, diretora da EE. Professor Doutor Cl\u00f3vis de Oliveira, que na foto est\u00e1 acompanhada de sua aluna\" width=\"384\" height=\"360\" \/><\/a><figcaption id=\"caption-attachment-2237\" class=\"wp-caption-text\">Elizabete Maciel, diretora da EE. Professor Doutor Cl\u00f3vis de Oliveira, que na foto est\u00e1 acompanhada de sua aluna<\/figcaption><\/figure>\n<h2><span style=\"color: #008000;\">CLICKS<\/span><\/h2>\n<figure id=\"attachment_2240\" aria-describedby=\"caption-attachment-2240\" style=\"width: 384px\" class=\"wp-caption aligncenter\"><a href=\"http:\/\/projetocineb.com.br\/wp-content\/uploads\/2011\/06\/DSC00832_01web.jpg\"><img loading=\"lazy\" decoding=\"async\" class=\"size-full wp-image-2240  \" title=\"A moradora do Campo Limpo, Sonia da Consola\u00e7\u00e3o trouxe a filha Krhistin Barnes Sim\u00f5es Rocha, e a amiga Larissa De Castrto, ambas de 6 anos\" src=\"http:\/\/projetocineb.com.br\/wp-content\/uploads\/2011\/06\/DSC00832_01web.jpg\" alt=\"A moradora do Campo Limpo, Sonia da Consola\u00e7\u00e3o trouxe a filha Krhistin Barnes Sim\u00f5es Rocha, e a amiga Larissa De Castrto, ambas de 6 anos\" width=\"384\" height=\"276\" \/><\/a><figcaption id=\"caption-attachment-2240\" class=\"wp-caption-text\">A moradora do Campo Limpo, Sonia da Consola\u00e7\u00e3o trouxe a filha Krhistin Barnes Sim\u00f5es Rocha, e a amiga Larissa De Castrto, ambas de 6 anos<\/figcaption><\/figure>\n<figure id=\"attachment_2242\" aria-describedby=\"caption-attachment-2242\" style=\"width: 384px\" class=\"wp-caption aligncenter\"><a href=\"http:\/\/projetocineb.com.br\/wp-content\/uploads\/2011\/06\/DSC00834_01web.jpg\"><img loading=\"lazy\" decoding=\"async\" class=\"size-full wp-image-2242  \" title=\"Jonas Rodrigues trouxe seus filhos Daniel Oliveira, 13 e Matheus, 14, para esta exibi\u00e7\u00e3o do Cine B em Campo Limpo\" src=\"http:\/\/projetocineb.com.br\/wp-content\/uploads\/2011\/06\/DSC00834_01web.jpg\" alt=\"Jonas Rodrigues trouxe seus filhos Daniel Oliveira, 13 e Matheus, 14, para esta exibi\u00e7\u00e3o do Cine B em Campo Limpo\" width=\"384\" height=\"288\" \/><\/a><figcaption id=\"caption-attachment-2242\" class=\"wp-caption-text\">Jonas Rodrigues trouxe seus filhos Daniel Oliveira, 13 e Matheus, 14, para esta exibi\u00e7\u00e3o do Cine B em Campo Limpo<\/figcaption><\/figure>\n<figure id=\"attachment_2239\" aria-describedby=\"caption-attachment-2239\" style=\"width: 384px\" class=\"wp-caption aligncenter\"><a href=\"http:\/\/projetocineb.com.br\/wp-content\/uploads\/2011\/06\/DSC00830_01web.jpg\"><img loading=\"lazy\" decoding=\"async\" class=\"size-full wp-image-2239  \" title=\"&quot;Passeamos no shopping e j\u00e1 \u00edamos pra casa quando vimos que ia ter cinema, a\u00ed viemos conferir&quot;, diz Edna Maria Matos, acompanhada da sobrinha Sabrina Matos, 7 e a m\u00e3e, Elenice Matos Go\u00e9s\" src=\"http:\/\/projetocineb.com.br\/wp-content\/uploads\/2011\/06\/DSC00830_01web.jpg\" alt=\"&quot;Passeamos no shopping e j\u00e1 \u00edamos pra casa quando vimos que ia ter cinema, a\u00ed viemos conferir&quot;, diz Edna Maria Matos, acompanhada da sobrinha Sabrina Matos, 7 e a m\u00e3e, Elenice Matos Go\u00e9s\" width=\"384\" height=\"288\" \/><\/a><figcaption id=\"caption-attachment-2239\" class=\"wp-caption-text\">&quot;Passeamos no shopping e j\u00e1 \u00edamos pra casa quando vimos que ia ter cinema, a\u00ed viemos conferir&quot;, diz Edna Maria Matos, acompanhada da sobrinha Sabrina Matos, 7 e a m\u00e3e, Elenice Matos Go\u00e9s<\/figcaption><\/figure>\n<figure id=\"attachment_2244\" aria-describedby=\"caption-attachment-2244\" style=\"width: 384px\" class=\"wp-caption aligncenter\"><a href=\"http:\/\/projetocineb.com.br\/wp-content\/uploads\/2011\/06\/DSC00851_01web.jpg\"><img loading=\"lazy\" decoding=\"async\" class=\"size-full wp-image-2244  \" title=\"&quot;Indico a todos seguir a programa\u00e7\u00e3o do Cine B, \u00e9 um projeto que todo mundo \u00e9 sempre bem vindo&quot;, disse Alberto, morador da zona sul, ao lado de Cid\u00e1lio Vieira Santos\" src=\"http:\/\/projetocineb.com.br\/wp-content\/uploads\/2011\/06\/DSC00851_01web.jpg\" alt=\"&quot;Indico a todos seguir a programa\u00e7\u00e3o do Cine B, \u00e9 um projeto que todo mundo \u00e9 sempre bem vindo&quot;, disse Alberto, morador da zona sul, ao lado de Cid\u00e1lio Vieira Santos\" width=\"384\" height=\"317\" \/><\/a><figcaption id=\"caption-attachment-2244\" class=\"wp-caption-text\">&quot;Indico a todos seguir a programa\u00e7\u00e3o do Cine B, \u00e9 um projeto que todo mundo \u00e9 sempre bem vindo&quot;, diz o assessor do deputado Luiz Cl\u00e1udio Marcolino e morador da zona sul, Alberto Trindade, ao lado de Cid\u00e1lio Vieira Santos<\/figcaption><\/figure>\n<figure id=\"attachment_2245\" aria-describedby=\"caption-attachment-2245\" style=\"width: 384px\" class=\"wp-caption aligncenter\"><a href=\"http:\/\/projetocineb.com.br\/wp-content\/uploads\/2011\/06\/DSC00859_01web.jpg\"><img loading=\"lazy\" decoding=\"async\" class=\"size-full wp-image-2245  \" title=\"Seu Ant\u00f4nio Nascimento, o pipoqueiro oficial do Cine B, servindo a pipoca ao publico. Ele teve de deixar seu carrinho fora da Creche, ma deu seu jeitinho de ficar pr\u00f3ximo do publico\" src=\"http:\/\/projetocineb.com.br\/wp-content\/uploads\/2011\/06\/DSC00859_01web.jpg\" alt=\"Seu Ant\u00f4nio Nascimento, o pipoqueiro oficial do Cine B, servindo a pipoca ao publico. Ele teve de deixar seu carrinho fora da Creche, ma deu seu jeitinho de ficar pr\u00f3ximo do publico\" width=\"384\" height=\"288\" \/><\/a><figcaption id=\"caption-attachment-2245\" class=\"wp-caption-text\">Seu Ant\u00f4nio Nascimento, o pipoqueiro oficial do Cine B, servindo a pipoca ao publico. Ele teve de deixar seu carrinho fora da Creche, ma deu seu jeitinho de ficar pr\u00f3ximo do publico<\/figcaption><\/figure>\n<figure id=\"attachment_2247\" aria-describedby=\"caption-attachment-2247\" style=\"width: 384px\" class=\"wp-caption aligncenter\"><a href=\"http:\/\/projetocineb.com.br\/wp-content\/uploads\/2011\/06\/DSC00863_01web.jpg\"><img loading=\"lazy\" decoding=\"async\" class=\"size-full wp-image-2247  \" title=\"Os sortudos deste Cine B em Campo Limpo!\" src=\"http:\/\/projetocineb.com.br\/wp-content\/uploads\/2011\/06\/DSC00863_01web.jpg\" alt=\"Os sortudos deste Cine B em Campo Limpo!\" width=\"384\" height=\"288\" \/><\/a><figcaption id=\"caption-attachment-2247\" class=\"wp-caption-text\">Os sortudos deste Cine B em Campo Limpo!<\/figcaption><\/figure>\n","protected":false},"excerpt":{"rendered":"<p>Em 2007, numa das primeira exibi\u00e7\u00f5es do projeto, o Cine B esteve na regi\u00e3o do Campo Limpo exibindo o longa[&#8230;]<\/p>\n","protected":false},"author":2,"featured_media":0,"comment_status":"open","ping_status":"open","sticky":false,"template":"","format":"standard","meta":[],"categories":[2],"tags":[154,174,242,263,266,532,760,762,860,1132,1251],"_links":{"self":[{"href":"https:\/\/projetocineb.com.br\/index.php?rest_route=\/wp\/v2\/posts\/2236"}],"collection":[{"href":"https:\/\/projetocineb.com.br\/index.php?rest_route=\/wp\/v2\/posts"}],"about":[{"href":"https:\/\/projetocineb.com.br\/index.php?rest_route=\/wp\/v2\/types\/post"}],"author":[{"embeddable":true,"href":"https:\/\/projetocineb.com.br\/index.php?rest_route=\/wp\/v2\/users\/2"}],"replies":[{"embeddable":true,"href":"https:\/\/projetocineb.com.br\/index.php?rest_route=%2Fwp%2Fv2%2Fcomments&post=2236"}],"version-history":[{"count":0,"href":"https:\/\/projetocineb.com.br\/index.php?rest_route=\/wp\/v2\/posts\/2236\/revisions"}],"wp:attachment":[{"href":"https:\/\/projetocineb.com.br\/index.php?rest_route=%2Fwp%2Fv2%2Fmedia&parent=2236"}],"wp:term":[{"taxonomy":"category","embeddable":true,"href":"https:\/\/projetocineb.com.br\/index.php?rest_route=%2Fwp%2Fv2%2Fcategories&post=2236"},{"taxonomy":"post_tag","embeddable":true,"href":"https:\/\/projetocineb.com.br\/index.php?rest_route=%2Fwp%2Fv2%2Ftags&post=2236"}],"curies":[{"name":"wp","href":"https:\/\/api.w.org\/{rel}","templated":true}]}}