{"id":2252,"date":"2011-06-29T13:05:40","date_gmt":"2011-06-29T16:05:40","guid":{"rendered":"http:\/\/projetocineb.com.br\/?p=2252"},"modified":"2011-06-29T13:05:40","modified_gmt":"2011-06-29T16:05:40","slug":"parque-do-carmo","status":"publish","type":"post","link":"https:\/\/projetocineb.com.br\/?p=2252","title":{"rendered":"PARQUE DO CARMO"},"content":{"rendered":"<p>O <span style=\"color: #ff6600;\">Cine B chega pela primeira vez no Parque do Carmo<\/span>, bairro da zona leste de S\u00e3o Paulo, para exibir o filme <em>O contador de hist\u00f3rias,<\/em> de Luiz Villa\u00e7a, no sal\u00e3o de festas <strong> <\/strong>Santu\u00e1rio Nossa Senhora da Paz.<\/p>\n<figure id=\"attachment_2259\" aria-describedby=\"caption-attachment-2259\" style=\"width: 384px\" class=\"wp-caption aligncenter\"><a href=\"http:\/\/projetocineb.com.br\/wp-content\/uploads\/2011\/06\/DSC01044_01web.jpg\"><img fetchpriority=\"high\" decoding=\"async\" class=\"size-full wp-image-2259  \" title=\"A primeira exibi\u00e7\u00e3o do Cine B no Parque do Carmo reuniu 200 espectadores\" src=\"http:\/\/projetocineb.com.br\/wp-content\/uploads\/2011\/06\/DSC01044_01web.jpg\" alt=\"A primeira exibi\u00e7\u00e3o do Cine B no Parque do Carmo reuniu 200 espectadores\" width=\"384\" height=\"288\" \/><\/a><figcaption id=\"caption-attachment-2259\" class=\"wp-caption-text\">200 espectadores estiveram presentes nesta primeira exibi\u00e7\u00e3o do Cine B no Parque do Carmo<\/figcaption><\/figure>\n<p>Dentro da programa\u00e7\u00e3o de junho e julho do Cine B, esta \u00e9 a segunda exibi\u00e7\u00e3o realizada na zona leste de S\u00e3o Paulo, que abriga aproximadamente 4 milh\u00f5es de habitantes. O Parque do Carmo abriga em torno de 18 mil pessoas.<\/p>\n<p><a href=\"http:\/\/projetocineb.com.br\/?p=2213\" target=\"_blank\">Clique aqui para ler a \u00faltima exibi\u00e7\u00e3o na regi\u00e3o, na comunidade de Vila Prudente.<\/a><\/p>\n<figure id=\"attachment_2255\" aria-describedby=\"caption-attachment-2255\" style=\"width: 384px\" class=\"wp-caption aligncenter\"><a href=\"http:\/\/projetocineb.com.br\/wp-content\/uploads\/2011\/06\/DSC01025_01web.jpg\"><img decoding=\"async\" class=\"size-full wp-image-2255  \" title=\"Faixa divulgando o Cine B depois da missa, no Santu\u00e1rio\" src=\"http:\/\/projetocineb.com.br\/wp-content\/uploads\/2011\/06\/DSC01025_01web.jpg\" alt=\"Faixa divulgando o Cine B depois da missa, no Santu\u00e1rio\" width=\"384\" height=\"300\" \/><\/a><figcaption id=\"caption-attachment-2255\" class=\"wp-caption-text\">Faixa divulgando o Cine B depois da missa, no Santu\u00e1rio Nossa Senhora da Paz<\/figcaption><\/figure>\n<p>No domingo, 26\/6, o Padre Dimas anunciou nas missas que o Cine B estaria na par\u00f3quia. Segundo Ilza Santana Ferreira Guedes de Brito, secretaria paroquial, que ficou respons\u00e1vel pela distribui\u00e7\u00e3o dos ingressos, no dia seguinte os 200 ingressos foram totalmente retirados. <span style=\"color: #ff6600;\">\u201cAs 16h da segunda-feira os ingressos j\u00e1 tinham se esgotado\u201d.<\/span><\/p>\n<p><span style=\"color: #ff6600;\">\u201cOs ingressos foram muito procurados, tanto que mesmo depois de acabar muitos vinham pedir mais, a\u00ed come\u00e7amos a falar pro pessoal vir sem ingresso mesmo\u201d, diz Tatiane Oliveira Mamedes, secretaria paroquial. \u201cAcho importante um evento como esse porque integra a comunidade\u201d, diz.<\/span><\/p>\n<figure id=\"attachment_2263\" aria-describedby=\"caption-attachment-2263\" style=\"width: 384px\" class=\"wp-caption aligncenter\"><a href=\"http:\/\/projetocineb.com.br\/wp-content\/uploads\/2011\/06\/DSC01062_01web.jpg\"><img decoding=\"async\" class=\"size-full wp-image-2263  \" title=\"Ilza Santana ferreira Guedes de Brito e Tatiane Oliveira Mamedes, secretarias da paroquia\" src=\"http:\/\/projetocineb.com.br\/wp-content\/uploads\/2011\/06\/DSC01062_01web.jpg\" alt=\"Ilza Santana ferreira Guedes de Brito e Tatiane Oliveira Mamedes, secretarias da paroquia\" width=\"384\" height=\"306\" \/><\/a><figcaption id=\"caption-attachment-2263\" class=\"wp-caption-text\">Ilza Santana ferreira Guedes de Brito e Tatiane Oliveira Mamedes, secretarias da paroquia<\/figcaption><\/figure>\n<p><span style=\"color: #ff6600;\">\u201c\u00c9 a primeira vez que temos uma exibi\u00e7\u00e3o de cinema como essa no Parque do Carmo\u201d, diz Alex Minduim, morador do bairro e assessor do deputado Luiz Cl\u00e1udio Marcolino. \u201cO principal \u00e9 trabalhar a cultura brasileira, mostrar para a popula\u00e7\u00e3o local que cinema n\u00e3o \u00e9 s\u00f3 Hollywood, pois o Brasil tem produ\u00e7\u00f5es de qualidade\u201d, diz Minduim.<\/span><\/p>\n<figure id=\"attachment_2261\" aria-describedby=\"caption-attachment-2261\" style=\"width: 384px\" class=\"wp-caption aligncenter\"><a href=\"http:\/\/projetocineb.com.br\/wp-content\/uploads\/2011\/06\/DSC01052_01web.jpg\"><img loading=\"lazy\" decoding=\"async\" class=\"size-full wp-image-2261  \" title=\"Alex Minduim e Renato Tavares\" src=\"http:\/\/projetocineb.com.br\/wp-content\/uploads\/2011\/06\/DSC01052_01web.jpg\" alt=\"Alex Minduim e Renato Tavares\" width=\"384\" height=\"286\" \/><\/a><figcaption id=\"caption-attachment-2261\" class=\"wp-caption-text\">Na abertura do Cine B no Parque do Carmo, Cid\u00e1lio Vieira Santos, coordenador do Cine B, Alex Minduim e Renato Tavares representando o Padre Dimas<\/figcaption><\/figure>\n<p><span style=\"color: #ff6600;\">\u201cParabenizo o Cine B por este bonito projeto em conjunto com o Sindicato dos Banc\u00e1rios [de S\u00e3o Paulo, Osasco e Regi\u00e3o e a Brazucah Produ\u00e7\u00f5es], porque promove este momento especial\u201d, diz Renato Tavares, conselheiro da igreja, que na ocasi\u00e3o representou o Padre Dimas<\/span>. \u201cUma salva de palmas para esse evento\u201d, diz Renato.<\/p>\n<h2><span style=\"color: #008000;\">PRIMEIRA VEZ NO CINEMA<\/span><\/h2>\n<p>Esta foi a primeira exibi\u00e7\u00e3o do Cine B em Parque do Carmo e pela primeira vez a moradora do bairro, Terezinha Jesus da Silva, assistiu a um filme numa grande tela. <span style=\"color: #ff6600;\">\u201cQuando era pequena morava na ro\u00e7a e l\u00e1 n\u00e3o tinha cinema, a\u00ed quando vim morar na cidade, sempre tive muito trabalho e pouco tempo para ir ao cinema\u201d, diz Terezinha.<\/span><\/p>\n<figure id=\"attachment_2260\" aria-describedby=\"caption-attachment-2260\" style=\"width: 384px\" class=\"wp-caption aligncenter\"><a href=\"http:\/\/projetocineb.com.br\/wp-content\/uploads\/2011\/06\/DSC01050_01web.jpg\"><img loading=\"lazy\" decoding=\"async\" class=\"size-full wp-image-2260  \" title=\"Marluce Fransino, Terezinha Jesus da Silva (que veio pela primeira vez no cinema), Alivina Almeida Francino e seu filho ban\u00e1rio sindicalizado do Ita\u00fa Jairo Almeida Francino.\" src=\"http:\/\/projetocineb.com.br\/wp-content\/uploads\/2011\/06\/DSC01050_01web.jpg\" alt=\"Marluce Fransino, Terezinha Jesus da Silva (que veio pela primeira vez no cinema), Alivina Almeida Francino e seu filho ban\u00e1rio sindicalizado do Ita\u00fa Jairo Almeida Francino.\" width=\"384\" height=\"265\" \/><\/a><figcaption id=\"caption-attachment-2260\" class=\"wp-caption-text\">Marluce Fransino, Terezinha Jesus da Silva (que veio pela primeira vez no cinema), Alivina Almeida Francino e seu filho banc\u00e1rio do Ita\u00fa Jairo Almeida Francino.<\/figcaption><\/figure>\n<h2><span style=\"color: #008000;\">CLICKS<\/span><\/h2>\n<figure id=\"attachment_2254\" aria-describedby=\"caption-attachment-2254\" style=\"width: 384px\" class=\"wp-caption aligncenter\"><a href=\"http:\/\/projetocineb.com.br\/wp-content\/uploads\/2011\/06\/DSC01018_01web.jpg\"><img loading=\"lazy\" decoding=\"async\" class=\"size-full wp-image-2254  \" title=\"O sal\u00e3o do Santu\u00e1rio antes do publico chegar\" src=\"http:\/\/projetocineb.com.br\/wp-content\/uploads\/2011\/06\/DSC01018_01web.jpg\" alt=\"O sal\u00e3o do Santu\u00e1rio antes do publico chegar\" width=\"384\" height=\"288\" \/><\/a><figcaption id=\"caption-attachment-2254\" class=\"wp-caption-text\">O sal\u00e3o do Santu\u00e1rio antes do publico chegar<\/figcaption><\/figure>\n<figure id=\"attachment_2262\" aria-describedby=\"caption-attachment-2262\" style=\"width: 384px\" class=\"wp-caption aligncenter\"><a href=\"http:\/\/projetocineb.com.br\/wp-content\/uploads\/2011\/06\/DSC01060_01web.jpg\"><img loading=\"lazy\" decoding=\"async\" class=\"size-full wp-image-2262  \" title=\"Publico j\u00e1 acomodado para assistir ao filme O contador de hist\u00f3rias no Cine B em Parque do Carmo\" src=\"http:\/\/projetocineb.com.br\/wp-content\/uploads\/2011\/06\/DSC01060_01web.jpg\" alt=\"Publico j\u00e1 acomodado para assistir ao filme O contador de hist\u00f3rias no Cine B em Parque do Carmo\" width=\"384\" height=\"288\" \/><\/a><figcaption id=\"caption-attachment-2262\" class=\"wp-caption-text\">Publico j\u00e1 acomodado para assistir ao filme O contador de hist\u00f3rias no Cine B em Parque do Carmo<\/figcaption><\/figure>\n<figure id=\"attachment_2257\" aria-describedby=\"caption-attachment-2257\" style=\"width: 384px\" class=\"wp-caption aligncenter\"><a href=\"http:\/\/projetocineb.com.br\/wp-content\/uploads\/2011\/06\/DSC01040_01web.jpg\"><img loading=\"lazy\" decoding=\"async\" class=\"size-full wp-image-2257  \" title=\"Pipoca tinha bastante, mas a fila cresceu rapidamente\" src=\"http:\/\/projetocineb.com.br\/wp-content\/uploads\/2011\/06\/DSC01040_01web.jpg\" alt=\"Pipoca tinha bastante, mas a fila cresceu rapidamente\" width=\"384\" height=\"288\" \/><\/a><figcaption id=\"caption-attachment-2257\" class=\"wp-caption-text\">Pipoca tinha bastante, mas a fila cresceu rapidamente<\/figcaption><\/figure>\n<figure id=\"attachment_2256\" aria-describedby=\"caption-attachment-2256\" style=\"width: 384px\" class=\"wp-caption aligncenter\"><a href=\"http:\/\/projetocineb.com.br\/wp-content\/uploads\/2011\/06\/DSC01036_01web.jpg\"><img loading=\"lazy\" decoding=\"async\" class=\"size-full wp-image-2256  \" title=\"\u201cVou toda semana no cinema, j\u00e1 teve semanas em que assisti todos os filmes e fiquei sem ter o que mais assistir\u201d, diz Michele Brito, moradora de Parque do carmo, que veio acompanhada de sua m\u00e3e Ana Lucia Brito\" src=\"http:\/\/projetocineb.com.br\/wp-content\/uploads\/2011\/06\/DSC01036_01web.jpg\" alt=\"\u201cVou toda semana no cinema, j\u00e1 teve semanas em que assisti todos os filmes e fiquei sem ter o que mais assistir\u201d, diz Michele Brito, moradora de Parque do carmo, que veio acompanhada de sua m\u00e3e Ana Lucia Brito\" width=\"384\" height=\"288\" \/><\/a><figcaption id=\"caption-attachment-2256\" class=\"wp-caption-text\">\u201cVou toda semana no cinema, j\u00e1 teve semanas em que assisti todos os filmes e fiquei sem ter o que mais assistir\u201d, diz Michele Brito, moradora de Parque do carmo, que veio acompanhada de sua m\u00e3e Ana Lucia Brito<\/figcaption><\/figure>\n<figure id=\"attachment_2258\" aria-describedby=\"caption-attachment-2258\" style=\"width: 384px\" class=\"wp-caption aligncenter\"><a href=\"http:\/\/projetocineb.com.br\/wp-content\/uploads\/2011\/06\/DSC01042_01web.jpg\"><img loading=\"lazy\" decoding=\"async\" class=\"size-full wp-image-2258  \" title=\"Fatima da Rocha Fontes, com seu filho Tiago Rocha Fontes, e as sobrinhas Luana Carolina Graton Sila de 11 anos e sua irm\u00e3 Julia Catarina, 6\" src=\"http:\/\/projetocineb.com.br\/wp-content\/uploads\/2011\/06\/DSC01042_01web.jpg\" alt=\"Fatima da Rocha Fontes, com seu filho Tiago Rocha Fontes, e as sobrinhas Luana Carolina Graton Sila de 11 anos e sua irm\u00e3 Julia Catarina, 6\" width=\"384\" height=\"269\" \/><\/a><figcaption id=\"caption-attachment-2258\" class=\"wp-caption-text\">&quot;Adoro cinema, sempre que posso assisto algum filme&quot;, diz Fatima da Rocha Fontes, com seu filho Tiago Rocha Fontes, e as sobrinhas Luana Carolina Graton de 11 anos e sua irm\u00e3 Julia Catarina, 6<\/figcaption><\/figure>\n<figure id=\"attachment_2253\" aria-describedby=\"caption-attachment-2253\" style=\"width: 384px\" class=\"wp-caption aligncenter\"><a href=\"http:\/\/projetocineb.com.br\/wp-content\/uploads\/2011\/06\/DSC01070_01web.jpg\"><img loading=\"lazy\" decoding=\"async\" class=\"size-full wp-image-2253  \" title=\"Os sortudos do Cine B que no final da exibi\u00e7\u00e3o concorreram a brindes do projeto\" src=\"http:\/\/projetocineb.com.br\/wp-content\/uploads\/2011\/06\/DSC01070_01web.jpg\" alt=\"Os sortudos do Cine B que no final da exibi\u00e7\u00e3o concorreram a brindes do projeto\" width=\"384\" height=\"262\" \/><\/a><figcaption id=\"caption-attachment-2253\" class=\"wp-caption-text\">Os sortudos do Cine B que no final da exibi\u00e7\u00e3o concorreram a brindes do projeto<\/figcaption><\/figure>\n","protected":false},"excerpt":{"rendered":"<p>O Cine B chega pela primeira vez no Parque do Carmo, bairro da zona leste de S\u00e3o Paulo, para exibir[&#8230;]<\/p>\n","protected":false},"author":2,"featured_media":0,"comment_status":"open","ping_status":"open","sticky":false,"template":"","format":"standard","meta":[],"categories":[2],"tags":[154,242,263,266,860,940,1095,1132,1247],"_links":{"self":[{"href":"https:\/\/projetocineb.com.br\/index.php?rest_route=\/wp\/v2\/posts\/2252"}],"collection":[{"href":"https:\/\/projetocineb.com.br\/index.php?rest_route=\/wp\/v2\/posts"}],"about":[{"href":"https:\/\/projetocineb.com.br\/index.php?rest_route=\/wp\/v2\/types\/post"}],"author":[{"embeddable":true,"href":"https:\/\/projetocineb.com.br\/index.php?rest_route=\/wp\/v2\/users\/2"}],"replies":[{"embeddable":true,"href":"https:\/\/projetocineb.com.br\/index.php?rest_route=%2Fwp%2Fv2%2Fcomments&post=2252"}],"version-history":[{"count":0,"href":"https:\/\/projetocineb.com.br\/index.php?rest_route=\/wp\/v2\/posts\/2252\/revisions"}],"wp:attachment":[{"href":"https:\/\/projetocineb.com.br\/index.php?rest_route=%2Fwp%2Fv2%2Fmedia&parent=2252"}],"wp:term":[{"taxonomy":"category","embeddable":true,"href":"https:\/\/projetocineb.com.br\/index.php?rest_route=%2Fwp%2Fv2%2Fcategories&post=2252"},{"taxonomy":"post_tag","embeddable":true,"href":"https:\/\/projetocineb.com.br\/index.php?rest_route=%2Fwp%2Fv2%2Ftags&post=2252"}],"curies":[{"name":"wp","href":"https:\/\/api.w.org\/{rel}","templated":true}]}}