{"id":22642,"date":"2024-06-21T22:10:23","date_gmt":"2024-06-22T01:10:23","guid":{"rendered":"https:\/\/projetocineb.com.br\/?p=22642"},"modified":"2024-07-09T16:16:14","modified_gmt":"2024-07-09T19:16:14","slug":"cineb-solar-diretor-e-ator-de-saudosa-maloca-participam-de-exibicao-e-conversa-com-o-publico","status":"publish","type":"post","link":"https:\/\/projetocineb.com.br\/?p=22642","title":{"rendered":"CineB Solar: Diretor e ator de &#8220;Saudosa Maloca&#8221; participam de exibi\u00e7\u00e3o e conversa com o p\u00fablico"},"content":{"rendered":"<div class=\"wp-block-image\">\n<figure class=\"aligncenter size-full\"><img fetchpriority=\"high\" decoding=\"async\" width=\"681\" height=\"1000\" src=\"https:\/\/projetocineb.com.br\/wp-content\/uploads\/2024\/06\/WhatsApp-Image-2024-06-21-at-22.01.02.jpeg\" alt=\"\" class=\"wp-image-22643\" srcset=\"https:\/\/projetocineb.com.br\/wp-content\/uploads\/2024\/06\/WhatsApp-Image-2024-06-21-at-22.01.02.jpeg 681w, https:\/\/projetocineb.com.br\/wp-content\/uploads\/2024\/06\/WhatsApp-Image-2024-06-21-at-22.01.02-204x300.jpeg 204w\" sizes=\"(max-width: 681px) 100vw, 681px\" \/><figcaption class=\"wp-element-caption\">Convite da sess\u00e3o<\/figcaption><\/figure><\/div>\n\n\n<p>O CineB Solar d\u00e1 continuidade \u00e0 sua programa\u00e7\u00e3o nos dias 27 e 28 de junho com mais um grande filme nacional: &#8220;Saudosa Maloca&#8221;, do diretor Pedro Serrano. A primeira sess\u00e3o ser\u00e1 \u00e0s 19h, na escola municipal Duque de Caxias, localizada na pra\u00e7a Dr. M\u00e1rio Margarido (Liberdade), na quinta-feira (27).<\/p>\n\n\n\n<figure class=\"wp-block-image size-large\"><img decoding=\"async\" width=\"1024\" height=\"683\" src=\"https:\/\/projetocineb.com.br\/wp-content\/uploads\/2024\/06\/WhatsApp-Image-2024-06-21-at-22.01.40-1024x683.jpeg\" alt=\"\" class=\"wp-image-22644\" srcset=\"https:\/\/projetocineb.com.br\/wp-content\/uploads\/2024\/06\/WhatsApp-Image-2024-06-21-at-22.01.40-1024x683.jpeg 1024w, https:\/\/projetocineb.com.br\/wp-content\/uploads\/2024\/06\/WhatsApp-Image-2024-06-21-at-22.01.40-300x200.jpeg 300w, https:\/\/projetocineb.com.br\/wp-content\/uploads\/2024\/06\/WhatsApp-Image-2024-06-21-at-22.01.40-768x512.jpeg 768w, https:\/\/projetocineb.com.br\/wp-content\/uploads\/2024\/06\/WhatsApp-Image-2024-06-21-at-22.01.40-1536x1024.jpeg 1536w, https:\/\/projetocineb.com.br\/wp-content\/uploads\/2024\/06\/WhatsApp-Image-2024-06-21-at-22.01.40-840x560.jpeg 840w, https:\/\/projetocineb.com.br\/wp-content\/uploads\/2024\/06\/WhatsApp-Image-2024-06-21-at-22.01.40-120x80.jpeg 120w, https:\/\/projetocineb.com.br\/wp-content\/uploads\/2024\/06\/WhatsApp-Image-2024-06-21-at-22.01.40-360x240.jpeg 360w, https:\/\/projetocineb.com.br\/wp-content\/uploads\/2024\/06\/WhatsApp-Image-2024-06-21-at-22.01.40-600x400.jpeg 600w, https:\/\/projetocineb.com.br\/wp-content\/uploads\/2024\/06\/WhatsApp-Image-2024-06-21-at-22.01.40.jpeg 1599w\" sizes=\"(max-width: 1024px) 100vw, 1024px\" \/><figcaption class=\"wp-element-caption\">Pedro Serrano &#8211; diretor<\/figcaption><\/figure>\n\n\n\n<p>No dia 28, uma sexta-feira, ser\u00e1 a vez do Sindicato dos Banc\u00e1rios de S\u00e3o Paulo, Osasco e Regi\u00e3o, parceiro do projeto, receber uma exibi\u00e7\u00e3o. O evento ser\u00e1 \u00e0s 19h, no Audit\u00f3rio Amarelo, localizado na sede do sindicato, na rua S\u00e3o Bento, 413, Centro de S\u00e3o Paulo.<\/p>\n\n\n\n<p>Ap\u00f3s a exibi\u00e7\u00e3o do dia 27, na escola Duque de Caxias, haver\u00e1 uma roda de conversa com o diretor Pedro Serrano. J\u00e1 no dia 28, na sede do sindicato, o papo ser\u00e1 com o ator Sidney Santiago, que interpreta o personagem C\u00edcero.<\/p>\n\n\n<div class=\"wp-block-image\">\n<figure class=\"aligncenter size-full\"><img decoding=\"async\" width=\"341\" height=\"512\" src=\"https:\/\/projetocineb.com.br\/wp-content\/uploads\/2024\/06\/WhatsApp-Image-2024-06-21-at-22.02.24.jpeg\" alt=\"\" class=\"wp-image-22645\" srcset=\"https:\/\/projetocineb.com.br\/wp-content\/uploads\/2024\/06\/WhatsApp-Image-2024-06-21-at-22.02.24.jpeg 341w, https:\/\/projetocineb.com.br\/wp-content\/uploads\/2024\/06\/WhatsApp-Image-2024-06-21-at-22.02.24-200x300.jpeg 200w\" sizes=\"(max-width: 341px) 100vw, 341px\" \/><figcaption class=\"wp-element-caption\">Sidney Santiago &#8211; ator <\/figcaption><\/figure><\/div>\n\n\n<p>Para participar das sess\u00f5es, basta se inscrever pelo endere\u00e7o producaocineb@brazucah.com.br, informando nome completo e WhatsApp.<\/p>\n","protected":false},"excerpt":{"rendered":"<p>O CineB Solar d\u00e1 continuidade \u00e0 sua programa\u00e7\u00e3o nos dias 27 e 28 de junho com mais um grande filme[&#8230;]<\/p>\n","protected":false},"author":4,"featured_media":22643,"comment_status":"open","ping_status":"open","sticky":false,"template":"","format":"standard","meta":[],"categories":[1288,4,5,6,7,1289],"tags":[154,252,1132,1133],"_links":{"self":[{"href":"https:\/\/projetocineb.com.br\/index.php?rest_route=\/wp\/v2\/posts\/22642"}],"collection":[{"href":"https:\/\/projetocineb.com.br\/index.php?rest_route=\/wp\/v2\/posts"}],"about":[{"href":"https:\/\/projetocineb.com.br\/index.php?rest_route=\/wp\/v2\/types\/post"}],"author":[{"embeddable":true,"href":"https:\/\/projetocineb.com.br\/index.php?rest_route=\/wp\/v2\/users\/4"}],"replies":[{"embeddable":true,"href":"https:\/\/projetocineb.com.br\/index.php?rest_route=%2Fwp%2Fv2%2Fcomments&post=22642"}],"version-history":[{"count":1,"href":"https:\/\/projetocineb.com.br\/index.php?rest_route=\/wp\/v2\/posts\/22642\/revisions"}],"predecessor-version":[{"id":22646,"href":"https:\/\/projetocineb.com.br\/index.php?rest_route=\/wp\/v2\/posts\/22642\/revisions\/22646"}],"wp:featuredmedia":[{"embeddable":true,"href":"https:\/\/projetocineb.com.br\/index.php?rest_route=\/wp\/v2\/media\/22643"}],"wp:attachment":[{"href":"https:\/\/projetocineb.com.br\/index.php?rest_route=%2Fwp%2Fv2%2Fmedia&parent=22642"}],"wp:term":[{"taxonomy":"category","embeddable":true,"href":"https:\/\/projetocineb.com.br\/index.php?rest_route=%2Fwp%2Fv2%2Fcategories&post=22642"},{"taxonomy":"post_tag","embeddable":true,"href":"https:\/\/projetocineb.com.br\/index.php?rest_route=%2Fwp%2Fv2%2Ftags&post=22642"}],"curies":[{"name":"wp","href":"https:\/\/api.w.org\/{rel}","templated":true}]}}