{"id":2268,"date":"2011-07-01T12:29:31","date_gmt":"2011-07-01T15:29:31","guid":{"rendered":"http:\/\/projetocineb.com.br\/?p=2268"},"modified":"2011-07-01T12:29:31","modified_gmt":"2011-07-01T15:29:31","slug":"jardim-arizi","status":"publish","type":"post","link":"https:\/\/projetocineb.com.br\/?p=2268","title":{"rendered":"JARDIM ARIZI"},"content":{"rendered":"<p>Pela primeira vez o <span style=\"color: #ff6600;\">Cine B chega ao Jardim Arizi, zona leste de S\u00e3o Paulo, para exibir o filme <em>O contador de hist\u00f3rias<\/em>, de Luiz Villa\u00e7a, na ONG JUNTOS 2<\/span>. Em 2010 o Cine B fez duas exibi\u00e7\u00f5es em outra sede da ONG, a JUNTOS 4, no Jardim Bras\u00edlia, exibindo os filmes <em>O casamento de Romeu e Julieta<\/em>, de Bruno Barreto e <em>Eu, tu, eles<\/em>, de Andrucha Waddington.<\/p>\n<figure id=\"attachment_2278\" aria-describedby=\"caption-attachment-2278\" style=\"width: 384px\" class=\"wp-caption aligncenter\"><a href=\"http:\/\/projetocineb.com.br\/wp-content\/uploads\/2011\/07\/DSC01098_01web.jpg\"><img fetchpriority=\"high\" decoding=\"async\" class=\"size-full wp-image-2278  \" title=\"Mais de 170 espectadores presentes do Cine B no Jardim Arizi\" src=\"http:\/\/projetocineb.com.br\/wp-content\/uploads\/2011\/07\/DSC01098_01web.jpg\" alt=\"Mais de 170 espectadores presentes do Cine B no Jardim Arizi\" width=\"384\" height=\"262\" \/><\/a><figcaption id=\"caption-attachment-2278\" class=\"wp-caption-text\">Mais de 170 espectadores presentes do Cine B no Jardim Arizi<\/figcaption><\/figure>\n<p><span style=\"color: #ff6600;\">\u201cConseguimos alcan\u00e7ar nosso objetivo de unir num mesmo evento os participantes da JUNTOS 1, 2, 3 e 4\u201d diz o coordenador da entidade, Humberto Canavezi.<\/span><\/p>\n<p><span style=\"color: #ff6600;\">\u201cO Alex [Minduim] n\u00e3o se cansou de nos cobrar para ter esta exibi\u00e7\u00e3o e \u00e9 com grande satisfa\u00e7\u00e3o que agora voltamos para mostrar mais cinema brasileiro de qualidade para todos voc\u00eas\u201d, diz o coordenador do Cine B, Cid\u00e1lio Vieira Santos.<\/span><\/p>\n<figure id=\"attachment_2274\" aria-describedby=\"caption-attachment-2274\" style=\"width: 384px\" class=\"wp-caption aligncenter\"><a href=\"http:\/\/projetocineb.com.br\/wp-content\/uploads\/2011\/07\/DSC01081_01web.jpg\"><img decoding=\"async\" class=\"size-full wp-image-2274  \" title=\"Alex Minduim, Humberto Canavezi coordenador da JUNTOS e seu assistente Douglas Carvalho do Nascimento\" src=\"http:\/\/projetocineb.com.br\/wp-content\/uploads\/2011\/07\/DSC01081_01web.jpg\" alt=\"Alex Minduim, Humberto Canavezi coordenador da JUNTOS e seu assistente Douglas Carvalho do Nascimento\" width=\"384\" height=\"287\" \/><\/a><figcaption id=\"caption-attachment-2274\" class=\"wp-caption-text\">Alex Minduim, Humberto Canavezi coordenador da JUNTOS e seu assistente Douglas Carvalho do Nascimento<\/figcaption><\/figure>\n<h2><span style=\"color: #008000;\">DAVA UM FILME<\/span><\/h2>\n<p><span style=\"color: #ff6600;\">A primeira espectadora a chegar na exibi\u00e7\u00e3o foi Kelly Cristina Cavalcanti, que h\u00e1 26 anos mora em S\u00e3o Paulo.<\/span> Ela \u00e9 m\u00e3e de quatro simp\u00e1ticas crian\u00e7as. Sua hist\u00f3ria de vida come\u00e7a na cidade de Aripuana, interior do Mato Grosso, \u00faltima cidade da fronteira entre o Ace e Amazonas. <span style=\"color: #ff6600;\">Ela nasceu na tribo ind\u00edgena Bororo e at\u00e9 os 8 anos viveu com seus 21 irm\u00e3os na tribo. At\u00e9 que sua vida foi transformada quando conheceu a paulista, enfermeira da FUNAI, Vera Lucia Cavalcanti.<\/span><\/p>\n<figure id=\"attachment_2270\" aria-describedby=\"caption-attachment-2270\" style=\"width: 384px\" class=\"wp-caption aligncenter\"><a href=\"http:\/\/projetocineb.com.br\/wp-content\/uploads\/2011\/07\/DSC01071_01web.jpg\"><img decoding=\"async\" class=\"size-full wp-image-2270  \" title=\"Kelly com os filhos Victor Mateus, 14 e o amigo Samuel Henique Vargas, 13, Lucius Viniciu, 10, Rayane 7 e Manuelli de apenas 6 meses\" src=\"http:\/\/projetocineb.com.br\/wp-content\/uploads\/2011\/07\/DSC01071_01web.jpg\" alt=\"Kelly com os filhos Victor Mateus, 14 e o amigo Samuel Henique Vargas, 13, Lucius Viniciu, 10, Rayane 7 e Manuelli de apenas 6 meses\" width=\"384\" height=\"352\" \/><\/a><figcaption id=\"caption-attachment-2270\" class=\"wp-caption-text\">Kelly com os filhos Victor Mateus, 14 e o amigo Samuel Henique Vargas, 13, Lucius Viniciu, 10, Rayane 7 e Manuelli de apenas 6 meses<\/figcaption><\/figure>\n<p>\u201cEla me adotou e no come\u00e7o continuei a viver em Aripuana, mas alguns anos depois vim com ela para S\u00e3o Paulo, onde estou h\u00e1 26 anos\u201d, diz Kelly. \u201cHoje a cidade que nasci est\u00e1 um pouco melhor, porque o governo est\u00e1 incentivando o turismo local, mas na \u00e9poca l\u00e1 n\u00e3o tinha nada, minha m\u00e3e adotiva ajudou muito gente por l\u00e1, ela foi a primeira professora da cidade\u201d, diz.<\/p>\n<p>Kelly conta que na cidade \u00e9 comum os \u00edndios mais velhos aparecerm caracterizados, com poucas roupas, para vender os produtos que fazem. O estilo de vida selvagem, segunda ela, j\u00e1 n\u00e3o faz muito bem aos \u00edndios. <span style=\"color: #ff6600;\">\u201cDe 21 irm\u00e3os, hoje s\u00f3 7 ainda est\u00e3o vivos, os outros morreram de doen\u00e7as do mato, tipo barriga d\u00e1gua\u201d, diz Kelly. \u201cCom o investimento no turismo, a FUNAI vem trazendo os jovens \u00edndios para o ambiente urbano, capacitando-os para trabalhar nas pousadas e hot\u00e9is da cidade, o que ajuda muito a popula\u00e7\u00e3o\u201d.<\/span><\/p>\n<p>E sala de cinema? Tem por l\u00e1? \u201cUma vez a prefeitura levu um tel\u00e3o e exibiu um filme no gin\u00e1sio, mas o projeto n\u00e3o passou dessa primeira exibi\u00e7\u00e3o\u201d, diz Kelly. Segundo ela a cidade hoje tem aproximadamente 2.500 habitantes. <span style=\"color: #ff6600;\">\u201cL\u00e1 tem uma rua principal, um mercado, um a\u00e7ougue, uma danceteria, e um botij\u00e3o de g\u00e1s l\u00e1 custa 150 reais\u201d.<\/span><\/p>\n<h2><span style=\"color: #008000;\">CLICKS<\/span><\/h2>\n<figure id=\"attachment_2277\" aria-describedby=\"caption-attachment-2277\" style=\"width: 384px\" class=\"wp-caption aligncenter\"><a href=\"http:\/\/projetocineb.com.br\/wp-content\/uploads\/2011\/07\/DSC01096_01web.jpg\"><img loading=\"lazy\" decoding=\"async\" class=\"size-full wp-image-2277  \" title=\"Na abertura da exibi\u00e7\u00e3o Maria de Lourdes, diretora da JUNTOS 2, Humbeto Canavezi, coordenador da JUNTOS, Cid\u00e1lio Vieira Santos, coordenador do Cine B, Alex Minduim, assessor do deputado estadual Luiz Cl\u00e1udio Marcolino, Rog\u00e9rio Jacinto, assistente coordena\u00e7\u00e3o da JUNTOS 1, Daniel Frutuoso, coordenador do CJ, Cristiane da Silva Souza, gerente de servi\u00e7os do Centro da Crian\u00e7a e Adolescente JUNTOS 3, e Telma Cristina Negesai de Aguiar, gerente do CCA JUNTOS 4\" src=\"http:\/\/projetocineb.com.br\/wp-content\/uploads\/2011\/07\/DSC01096_01web.jpg\" alt=\"Na abertura da exibi\u00e7\u00e3o Maria de Lourdes, diretora da JUNTOS 2, Humbeto Canavezi, coordenador da JUNTOS, Cid\u00e1lio Vieira Santos, coordenador do Cine B, Alex Minduim, assessor do deputado estadual Luiz Cl\u00e1udio Marcolino, Rog\u00e9rio Jacinto, assistente coordena\u00e7\u00e3o da JUNTOS 1, Daniel Frutuoso, coordenador do CJ, Cristiane da Silva Souza, gerente de servi\u00e7os do Centro da Crian\u00e7a e Adolescente JUNTOS 3, e Telma Cristina Negesai de Aguiar, gerente do CCA JUNTOS 4\" width=\"384\" height=\"265\" \/><\/a><figcaption id=\"caption-attachment-2277\" class=\"wp-caption-text\">Na abertura da exibi\u00e7\u00e3o Maria de Lourdes, diretora da JUNTOS 2, Humbeto Canavezi, coordenador da JUNTOS, Cid\u00e1lio Vieira Santos, coordenador do Cine B, Alex Minduim, assessor do deputado estadual Luiz Cl\u00e1udio Marcolino, Rog\u00e9rio Jacinto, assistente coordena\u00e7\u00e3o da JUNTOS 1, Daniel Frutuoso, coordenador do CJ, Cristiane da Silva Souza, gerente de servi\u00e7os do Centro da Crian\u00e7a e Adolescente JUNTOS 3, e Telma Cristina Negesai de Aguiar, gerente do CCA JUNTOS 4<\/figcaption><\/figure>\n<figure id=\"attachment_2279\" aria-describedby=\"caption-attachment-2279\" style=\"width: 384px\" class=\"wp-caption aligncenter\"><a href=\"http:\/\/projetocineb.com.br\/wp-content\/uploads\/2011\/07\/DSC01101_01web.jpg\"><img loading=\"lazy\" decoding=\"async\" class=\"size-full wp-image-2279  \" title=\"O banc\u00e1rio do Bradesco Alex Wallace Moreira Soares levou no Cine B seus sobrinhos Tauane Anaia Soares, 9, Leandro Henrique Lirola, 10 e Talisson Soares, 7\" src=\"http:\/\/projetocineb.com.br\/wp-content\/uploads\/2011\/07\/DSC01101_01web.jpg\" alt=\"O banc\u00e1rio do Bradesco Alex Wallace Moreira Soares levou no Cine B seus sobrinhos Tauane Anaia Soares, 9, Leandro Henrique Lirola, 10 e Talisson Soares, 7\" width=\"384\" height=\"290\" \/><\/a><figcaption id=\"caption-attachment-2279\" class=\"wp-caption-text\">&quot;Como gosto muito de filmes de a\u00e7\u00e3o, assumo que muitas vezes escolho os filmes estrangeiros quando vou ao cinema, mas os filmes brasileiros est\u00e3o melhorando&quot;, diz o banc\u00e1rio do Bradesco Alex Wallace Moreira Soares levou no Cine B seus sobrinhos Tauane Anaia Soares, 9, Leandro Henrique Lirola, 10 e Talisson Soares, 7<\/figcaption><\/figure>\n<figure id=\"attachment_2276\" aria-describedby=\"caption-attachment-2276\" style=\"width: 384px\" class=\"wp-caption aligncenter\"><a href=\"http:\/\/projetocineb.com.br\/wp-content\/uploads\/2011\/07\/DSC01084_01web.jpg\"><img loading=\"lazy\" decoding=\"async\" class=\"size-full wp-image-2276  \" title=\"Era tanta gente que as crian\u00e7as tiveram que sentar no ch\u00e3o\" src=\"http:\/\/projetocineb.com.br\/wp-content\/uploads\/2011\/07\/DSC01084_01web.jpg\" alt=\"Era tanta gente que as crian\u00e7as tiveram que sentar no ch\u00e3o\" width=\"384\" height=\"288\" \/><\/a><figcaption id=\"caption-attachment-2276\" class=\"wp-caption-text\">Era tanta gente que as crian\u00e7as tiveram que sentar no ch\u00e3o<\/figcaption><\/figure>\n<figure id=\"attachment_2272\" aria-describedby=\"caption-attachment-2272\" style=\"width: 384px\" class=\"wp-caption aligncenter\"><a href=\"http:\/\/projetocineb.com.br\/wp-content\/uploads\/2011\/07\/DSC01077_01web.jpg\"><img loading=\"lazy\" decoding=\"async\" class=\"size-full wp-image-2272  \" title=\"Grupo JUNTOS com Alegria\" src=\"http:\/\/projetocineb.com.br\/wp-content\/uploads\/2011\/07\/DSC01077_01web.jpg\" alt=\"Grupo JUNTOS com Alegria\" width=\"384\" height=\"288\" \/><\/a><figcaption id=\"caption-attachment-2272\" class=\"wp-caption-text\">Grupo JUNTOS com Alegria<\/figcaption><\/figure>\n<figure id=\"attachment_2271\" aria-describedby=\"caption-attachment-2271\" style=\"width: 384px\" class=\"wp-caption aligncenter\"><a href=\"http:\/\/projetocineb.com.br\/wp-content\/uploads\/2011\/07\/DSC01074_01web.jpg\"><img loading=\"lazy\" decoding=\"async\" class=\"size-full wp-image-2271  \" title=\"A pipoca sempre quentinha sendo servida ao publico\" src=\"http:\/\/projetocineb.com.br\/wp-content\/uploads\/2011\/07\/DSC01074_01web.jpg\" alt=\"A pipoca sempre quentinha sendo servida ao publico\" width=\"384\" height=\"288\" \/><\/a><figcaption id=\"caption-attachment-2271\" class=\"wp-caption-text\">A pipoca sempre quentinha sendo servida ao publico<\/figcaption><\/figure>\n<figure id=\"attachment_2275\" aria-describedby=\"caption-attachment-2275\" style=\"width: 384px\" class=\"wp-caption aligncenter\"><a href=\"http:\/\/projetocineb.com.br\/wp-content\/uploads\/2011\/07\/DSC01083_01web.jpg\"><img loading=\"lazy\" decoding=\"async\" class=\"size-full wp-image-2275  \" title=\"Cine B na JUNTOS 2, no Jardim Arizi\" src=\"http:\/\/projetocineb.com.br\/wp-content\/uploads\/2011\/07\/DSC01083_01web.jpg\" alt=\"Cine B na JUNTOS 2, no Jardim Arizi\" width=\"384\" height=\"265\" \/><\/a><figcaption id=\"caption-attachment-2275\" class=\"wp-caption-text\">Cine B na JUNTOS 2, no Jardim Arizi<\/figcaption><\/figure>\n<figure id=\"attachment_2280\" aria-describedby=\"caption-attachment-2280\" style=\"width: 384px\" class=\"wp-caption aligncenter\"><a href=\"http:\/\/projetocineb.com.br\/wp-content\/uploads\/2011\/07\/DSC01110_01web.jpg\"><img loading=\"lazy\" decoding=\"async\" class=\"size-full wp-image-2280  \" title=\"A garotada deu um jeitinho de preencher as pesquisas e concorrer aos pr\u00eamios\" src=\"http:\/\/projetocineb.com.br\/wp-content\/uploads\/2011\/07\/DSC01110_01web.jpg\" alt=\"A garotada deu um jeitinho de preencher as pesquisas e concorrer aos pr\u00eamios\" width=\"384\" height=\"288\" \/><\/a><figcaption id=\"caption-attachment-2280\" class=\"wp-caption-text\">A garotada deu um jeitinho de preencher as pesquisas e concorrer aos pr\u00eamios<\/figcaption><\/figure>\n<figure id=\"attachment_2284\" aria-describedby=\"caption-attachment-2284\" style=\"width: 384px\" class=\"wp-caption aligncenter\"><a href=\"http:\/\/projetocineb.com.br\/wp-content\/uploads\/2011\/07\/DSC01123_01web.jpg\"><img loading=\"lazy\" decoding=\"async\" class=\"size-full wp-image-2284  \" title=\"Alex Minduim e Daniel Frutuoso fazem o sorteio das pesquisas com Cid\u00e1lio Vieira Santos\" src=\"http:\/\/projetocineb.com.br\/wp-content\/uploads\/2011\/07\/DSC01123_01web.jpg\" alt=\"Alex Minduim e Daniel Frutuoso fazem o sorteio das pesquisas com Cid\u00e1lio Vieira Santos\" width=\"384\" height=\"316\" \/><\/a><figcaption id=\"caption-attachment-2284\" class=\"wp-caption-text\">Alex Minduim e Daniel Frutuoso fazem o sorteio das pesquisas com Cid\u00e1lio Vieira Santos<\/figcaption><\/figure>\n<figure id=\"attachment_2269\" aria-describedby=\"caption-attachment-2269\" style=\"width: 384px\" class=\"wp-caption aligncenter\"><a href=\"http:\/\/projetocineb.com.br\/wp-content\/uploads\/2011\/07\/DSC01135_01web.jpg\"><img loading=\"lazy\" decoding=\"async\" class=\"size-full wp-image-2269  \" title=\"Os sortudos desta exibi\u00e7\u00e3o que levaram para casa camisetas do Cine B e agendas do Sindicato dos Banc\u00e1rios\" src=\"http:\/\/projetocineb.com.br\/wp-content\/uploads\/2011\/07\/DSC01135_01web.jpg\" alt=\"Os sortudos desta exibi\u00e7\u00e3o que levaram para casa camisetas do Cine B e agendas do Sindicato dos Banc\u00e1rios\" width=\"384\" height=\"282\" \/><\/a><figcaption id=\"caption-attachment-2269\" class=\"wp-caption-text\">Os sortudos desta exibi\u00e7\u00e3o que levaram para casa camisetas do Cine B e agendas do Sindicato dos Banc\u00e1rios<\/figcaption><\/figure>\n<p><span style=\"color: #008000;\"><br \/>\n<\/span><\/p>\n","protected":false},"excerpt":{"rendered":"<p>Pela primeira vez o Cine B chega ao Jardim Arizi, zona leste de S\u00e3o Paulo, para exibir o filme O[&#8230;]<\/p>\n","protected":false},"author":2,"featured_media":0,"comment_status":"open","ping_status":"open","sticky":false,"template":"","format":"standard","meta":[],"categories":[2],"tags":[154,670,716,887,1095,1132,1247],"_links":{"self":[{"href":"https:\/\/projetocineb.com.br\/index.php?rest_route=\/wp\/v2\/posts\/2268"}],"collection":[{"href":"https:\/\/projetocineb.com.br\/index.php?rest_route=\/wp\/v2\/posts"}],"about":[{"href":"https:\/\/projetocineb.com.br\/index.php?rest_route=\/wp\/v2\/types\/post"}],"author":[{"embeddable":true,"href":"https:\/\/projetocineb.com.br\/index.php?rest_route=\/wp\/v2\/users\/2"}],"replies":[{"embeddable":true,"href":"https:\/\/projetocineb.com.br\/index.php?rest_route=%2Fwp%2Fv2%2Fcomments&post=2268"}],"version-history":[{"count":0,"href":"https:\/\/projetocineb.com.br\/index.php?rest_route=\/wp\/v2\/posts\/2268\/revisions"}],"wp:attachment":[{"href":"https:\/\/projetocineb.com.br\/index.php?rest_route=%2Fwp%2Fv2%2Fmedia&parent=2268"}],"wp:term":[{"taxonomy":"category","embeddable":true,"href":"https:\/\/projetocineb.com.br\/index.php?rest_route=%2Fwp%2Fv2%2Fcategories&post=2268"},{"taxonomy":"post_tag","embeddable":true,"href":"https:\/\/projetocineb.com.br\/index.php?rest_route=%2Fwp%2Fv2%2Ftags&post=2268"}],"curies":[{"name":"wp","href":"https:\/\/api.w.org\/{rel}","templated":true}]}}