{"id":2286,"date":"2011-07-04T10:49:55","date_gmt":"2011-07-04T13:49:55","guid":{"rendered":"http:\/\/projetocineb.com.br\/?p=2286"},"modified":"2011-07-04T10:49:55","modified_gmt":"2011-07-04T13:49:55","slug":"vila-rica-3","status":"publish","type":"post","link":"https:\/\/projetocineb.com.br\/?p=2286","title":{"rendered":"VILA RICA"},"content":{"rendered":"<p><span style=\"color: #ff6600;\">Pela quinta vez o Cine B chega em Vila Rica, bairro da zona leste de S\u00e3o Paulo, na Associa\u00e7\u00e3o Amigos de Vila Rica<\/span>, para exibir ao filme <em>O contador de hist\u00f3rias<\/em> de Luiz Villa\u00e7a e uma sele\u00e7\u00e3o de curtas-metragens do Festival do Minuto.<\/p>\n<p>Nas outras sess\u00f5es foram exibidos os filmes <em>Noel Rosa<\/em>, <em>Caminho das nuvens<\/em>, <em>Eu, tu, eles<\/em> e <em>O casamento de Romeu e Julieta<\/em>. Inclusive a \u00faltima exibi\u00e7\u00e3o foi de fortes emo\u00e7\u00f5es, porque o presidente da Associa\u00e7\u00e3o na \u00e9poca, senhor Gentil, havia falecido poucos dias antes da sess\u00e3o.<\/p>\n<p><a href=\"http:\/\/projetocineb.com.br\/?p=1515\" target=\"_blank\">Clique aqui para ler a reportagem da \u00faltima exibi\u00e7\u00e3o em Vila Rica.<\/a><\/p>\n<p><span style=\"color: #ff6600;\">\u201cMuitos n\u00e3o podem ir ao cinema, e o Cine B d\u00e1 essa oportunidade para as pessoas\u201d, disse a atual presidente da Associa\u00e7\u00e3o, Bia Moreno. \u201cSempre \u00e9 muito bom para nossa Associa\u00e7\u00e3o receber um projeto como este, porque nos mant\u00e9m atuantes na comunidade\u201d, diz.<\/span><\/p>\n<figure id=\"attachment_2295\" aria-describedby=\"caption-attachment-2295\" style=\"width: 384px\" class=\"wp-caption aligncenter\"><a href=\"http:\/\/projetocineb.com.br\/wp-content\/uploads\/2011\/07\/DSC01179_01web.jpg\"><img fetchpriority=\"high\" decoding=\"async\" class=\"size-full wp-image-2295  \" title=\"Bia Moreno, presidente da Associa\u00e7\u00e3o, faz abertura com Cid\u00e1lio Vieira Santos, coordenador do Cine B\" src=\"http:\/\/projetocineb.com.br\/wp-content\/uploads\/2011\/07\/DSC01179_01web.jpg\" alt=\"Bia Moreno, presidente da Associa\u00e7\u00e3o, faz abertura com Cid\u00e1lio Vieira Santos, coordenador do Cine B\" width=\"384\" height=\"288\" \/><\/a><figcaption id=\"caption-attachment-2295\" class=\"wp-caption-text\">Bia Moreno, presidente da Associa\u00e7\u00e3o, faz abertura com Cid\u00e1lio Vieira Santos, coordenador do Cine B<\/figcaption><\/figure>\n<p>E a comunidade responde de acordo. <span style=\"color: #ff6600;\">\u201cViemos todas as outras vezes que o Cine B veio para c\u00e1, o projeto \u00e9 \u00f3timo\u201d, diz a moradora de Vila Rica, Maria Aparecida Reis.<\/span><\/p>\n<p>Nesta exibi\u00e7\u00e3o, muitos vieram pela primeira vez, como a assistente social Viviane Moura da Silva. \u201cAtrav\u00e9s dos filmes brasileiros que aprendi a refletir sobre os problemas sociais do nosso pa\u00eds\u201d, diz Viviane. <span style=\"color: #ff6600;\">\u201cNa faculdade os professores sempre incentivavam os alunos do curso de servi\u00e7o social a assistir aos filmes brasileiros, entender como \u00e9 o Brasil\u201d.<\/span><\/p>\n<figure id=\"attachment_2302\" aria-describedby=\"caption-attachment-2302\" style=\"width: 384px\" class=\"wp-caption aligncenter\"><a href=\"http:\/\/projetocineb.com.br\/wp-content\/uploads\/2011\/07\/DSC01190_01web.jpg\"><img decoding=\"async\" class=\"size-full wp-image-2302  \" title=\"Cine B em Vila Rica\" src=\"http:\/\/projetocineb.com.br\/wp-content\/uploads\/2011\/07\/DSC01190_01web.jpg\" alt=\"Cine B em Vila Rica\" width=\"384\" height=\"278\" \/><\/a><figcaption id=\"caption-attachment-2302\" class=\"wp-caption-text\">Cine B em Vila Rica<\/figcaption><\/figure>\n<p>Segundo Viviane, ela tem em casa mais de 80 DVDs e a maioria deles \u00e9 de filmes brasileiros. <span style=\"color: #ff6600;\">\u201cFico um pouco aborrecida porque os filmes brasileiros ficam muito pouco tempo em cartaz e s\u00e3o n\u00e3o s\u00e3o bem divulgados\u201d, diz a assistente social. \u201cPara voc\u00ea ter ideia, uma vez tive que ir at\u00e9 a zona sul, no shopping Santa Cruz para assistir ao filme Batismo de Sangue, isso que eu moro aqui no Jardim Iva [zona leste]\u201d.<\/span><\/p>\n<figure id=\"attachment_2300\" aria-describedby=\"caption-attachment-2300\" style=\"width: 384px\" class=\"wp-caption aligncenter\"><a href=\"http:\/\/projetocineb.com.br\/wp-content\/uploads\/2011\/07\/DSC01198_01web.jpg\"><img decoding=\"async\" class=\"size-full wp-image-2300  \" title=\"Viviane com sua filha\" src=\"http:\/\/projetocineb.com.br\/wp-content\/uploads\/2011\/07\/DSC01198_01web.jpg\" alt=\"Viviane com sua filha\" width=\"384\" height=\"323\" \/><\/a><figcaption id=\"caption-attachment-2300\" class=\"wp-caption-text\">\u201cAssistir filmes brasileiros nos ensina muito e faz a gente refletir nossa realidade\u201d, diz Viviane Moura da Silva, que foi pela primeira vez neste Cine B, com sua filha Carolina Silva, 8 anos<\/figcaption><\/figure>\n<h2><span style=\"color: #008000;\">CLICKS<\/span><\/h2>\n<figure id=\"attachment_2301\" aria-describedby=\"caption-attachment-2301\" style=\"width: 384px\" class=\"wp-caption aligncenter\"><a href=\"http:\/\/projetocineb.com.br\/wp-content\/uploads\/2011\/07\/DSC01213_01web.jpg\"><img loading=\"lazy\" decoding=\"async\" class=\"size-full wp-image-2301  \" title=\"Apresenta\u00e7\u00e3o de dan\u00e7a do ventre com a professora Priscila Barbosa Neute\" src=\"http:\/\/projetocineb.com.br\/wp-content\/uploads\/2011\/07\/DSC01213_01web.jpg\" alt=\"Apresenta\u00e7\u00e3o de dan\u00e7a do ventre com a professora Priscila Barbosa Neute\" width=\"384\" height=\"288\" \/><\/a><figcaption id=\"caption-attachment-2301\" class=\"wp-caption-text\">Apresenta\u00e7\u00e3o de dan\u00e7a do ventre com a professora Priscila Barbosa Neute<\/figcaption><\/figure>\n<figure id=\"attachment_2291\" aria-describedby=\"caption-attachment-2291\" style=\"width: 384px\" class=\"wp-caption aligncenter\"><a href=\"http:\/\/projetocineb.com.br\/wp-content\/uploads\/2011\/07\/DSC01161_01web.jpg\"><img loading=\"lazy\" decoding=\"async\" class=\"size-full wp-image-2291  \" title=\"\u201cJ\u00e1 assistir uma vez esse filme, mas gosto muito de hist\u00f3rias assim ent\u00e3o hoje vim de novo assistir, claro\u201d, disse Ana Paula Silva, que foi acompanhada de Ediramar de Carvalho Silva, Maria da Gl\u00f3ria Santana, Cosmea Maria e seu marido Jos\u00e9 Merivaldo\" src=\"http:\/\/projetocineb.com.br\/wp-content\/uploads\/2011\/07\/DSC01161_01web.jpg\" alt=\"\u201cJ\u00e1 assistir uma vez esse filme, mas gosto muito de hist\u00f3rias assim ent\u00e3o hoje vim de novo assistir, claro\u201d, disse Ana Paula Silva, que foi acompanhada de Ediramar de Carvalho Silva, Maria da Gl\u00f3ria Santana, Cosmea Maria e seu marido Jos\u00e9 Merivaldo\" width=\"384\" height=\"288\" \/><\/a><figcaption id=\"caption-attachment-2291\" class=\"wp-caption-text\">\u201cJ\u00e1 assistir uma vez esse filme, mas gosto muito de hist\u00f3rias assim ent\u00e3o hoje vim de novo assistir, claro\u201d, disse Ana Paula Silva, que foi acompanhada de Ediramar de Carvalho Silva, Maria da Gl\u00f3ria Santana, Cosmea Maria e seu marido Jos\u00e9 Merivaldo<\/figcaption><\/figure>\n<figure id=\"attachment_2288\" aria-describedby=\"caption-attachment-2288\" style=\"width: 384px\" class=\"wp-caption aligncenter\"><a href=\"http:\/\/projetocineb.com.br\/wp-content\/uploads\/2011\/07\/DSC01144_01web.jpg\"><img loading=\"lazy\" decoding=\"async\" class=\"size-full wp-image-2288  \" title=\"Pipoquinha sempre saborosa do Seu Antonio Nascimento, pipoqueiro oficial do Cine B\" src=\"http:\/\/projetocineb.com.br\/wp-content\/uploads\/2011\/07\/DSC01144_01web.jpg\" alt=\"Pipoquinha sempre saborosa do Seu Antonio Nascimento, pipoqueiro oficial do Cine B\" width=\"384\" height=\"288\" \/><\/a><figcaption id=\"caption-attachment-2288\" class=\"wp-caption-text\">Pipoquinha sempre saborosa do Seu Antonio Nascimento, pipoqueiro oficial do Cine B<\/figcaption><\/figure>\n<figure id=\"attachment_2294\" aria-describedby=\"caption-attachment-2294\" style=\"width: 384px\" class=\"wp-caption aligncenter\"><a href=\"http:\/\/projetocineb.com.br\/wp-content\/uploads\/2011\/07\/DSC01175_01web.jpg\"><img loading=\"lazy\" decoding=\"async\" class=\"size-full wp-image-2294  \" title=\"Maria Aparecida Reis e Lazara de Castro Silva, ambas participam do grupo da terceira idade na Associa\u00e7\u00e3o\" src=\"http:\/\/projetocineb.com.br\/wp-content\/uploads\/2011\/07\/DSC01175_01web.jpg\" alt=\"Maria Aparecida Reis e Lazara de Castro Silva, ambas participam do grupo da terceira idade na Associa\u00e7\u00e3o\" width=\"384\" height=\"305\" \/><\/a><figcaption id=\"caption-attachment-2294\" class=\"wp-caption-text\">Maria Aparecida Reis e Lazara de Castro Silva, ambas participam do grupo da terceira idade na Associa\u00e7\u00e3o<\/figcaption><\/figure>\n<figure id=\"attachment_2299\" aria-describedby=\"caption-attachment-2299\" style=\"width: 384px\" class=\"wp-caption aligncenter\"><a href=\"http:\/\/projetocineb.com.br\/wp-content\/uploads\/2011\/07\/DSC01194_01web.jpg\"><img loading=\"lazy\" decoding=\"async\" class=\"size-full wp-image-2299  \" title=\"Cena do filme O contador de hist\u00f3rias, em cartaz neste m\u00eas no Cine B \" src=\"http:\/\/projetocineb.com.br\/wp-content\/uploads\/2011\/07\/DSC01194_01web.jpg\" alt=\"Cena do filme O contador de hist\u00f3rias, em cartaz neste m\u00eas no Cine B\" width=\"384\" height=\"304\" \/><\/a><figcaption id=\"caption-attachment-2299\" class=\"wp-caption-text\">Cena do filme O contador de hist\u00f3rias, em cartaz neste m\u00eas no Cine B<\/figcaption><\/figure>\n<figure id=\"attachment_2296\" aria-describedby=\"caption-attachment-2296\" style=\"width: 384px\" class=\"wp-caption aligncenter\"><a href=\"http:\/\/projetocineb.com.br\/wp-content\/uploads\/2011\/07\/DSC01183_01web.jpg\"><img loading=\"lazy\" decoding=\"async\" class=\"size-full wp-image-2296  \" title=\"Vice-presidente da Associa\u00e7\u00e3o, Alberito Pedro da Silva, mais conhecido por Seu Bigode, e sua esposa Terezinha Geraldo da Silva\" src=\"http:\/\/projetocineb.com.br\/wp-content\/uploads\/2011\/07\/DSC01183_01web.jpg\" alt=\"Vice-presidente da Associa\u00e7\u00e3o, Alberito Pedro da Silva, mais conhecido por Seu Bigode, e sua esposa Terezinha Geraldo da Silva\" width=\"384\" height=\"288\" \/><\/a><figcaption id=\"caption-attachment-2296\" class=\"wp-caption-text\">Vice-presidente da Associa\u00e7\u00e3o, Alberito Pedro da Silva, mais conhecido por Seu Bigode, e sua esposa Terezinha Geraldo da Silva<\/figcaption><\/figure>\n<figure id=\"attachment_2297\" aria-describedby=\"caption-attachment-2297\" style=\"width: 384px\" class=\"wp-caption aligncenter\"><a href=\"http:\/\/projetocineb.com.br\/wp-content\/uploads\/2011\/07\/DSC01185_01web.jpg\"><img loading=\"lazy\" decoding=\"async\" class=\"size-full wp-image-2297  \" title=\"Professora da Escola Roquete Pinto, do EJA ensino fundamental, Rita de C\u00e1ssia Oliveira dos Santos\" src=\"http:\/\/projetocineb.com.br\/wp-content\/uploads\/2011\/07\/DSC01185_01web.jpg\" alt=\"Professora da Escola Roquete Pinto, do EJA ensino fundamental, Rita de C\u00e1ssia Oliveira dos Santos\" width=\"384\" height=\"286\" \/><\/a><figcaption id=\"caption-attachment-2297\" class=\"wp-caption-text\">Professora da Escola Roquete Pinto, do EJA ensino fundamental, Rita de C\u00e1ssia Oliveira dos Santos<\/figcaption><\/figure>\n<figure id=\"attachment_2292\" aria-describedby=\"caption-attachment-2292\" style=\"width: 384px\" class=\"wp-caption aligncenter\"><a href=\"http:\/\/projetocineb.com.br\/wp-content\/uploads\/2011\/07\/DSC01165_01web.jpg\"><img loading=\"lazy\" decoding=\"async\" class=\"size-full wp-image-2292  \" title=\"Tamb\u00e9m em cartaz no Cine B, uma sele\u00e7\u00e3o d curtas-metragens do Festival do Minuto\" src=\"http:\/\/projetocineb.com.br\/wp-content\/uploads\/2011\/07\/DSC01165_01web.jpg\" alt=\"Tamb\u00e9m em cartaz no Cine B, uma sele\u00e7\u00e3o d curtas-metragens do Festival do Minuto\" width=\"384\" height=\"288\" \/><\/a><figcaption id=\"caption-attachment-2292\" class=\"wp-caption-text\">Tamb\u00e9m em cartaz no Cine B, uma sele\u00e7\u00e3o d curtas-metragens do Festival do Minuto<\/figcaption><\/figure>\n<figure id=\"attachment_2290\" aria-describedby=\"caption-attachment-2290\" style=\"width: 384px\" class=\"wp-caption aligncenter\"><a href=\"http:\/\/projetocineb.com.br\/wp-content\/uploads\/2011\/07\/DSC01156_01web.jpg\"><img loading=\"lazy\" decoding=\"async\" class=\"size-full wp-image-2290  \" title=\"A frente da Associa\u00e7\u00e3o Amigos de Vila Rica, que recebeu pela quinta vez o Cine B\" src=\"http:\/\/projetocineb.com.br\/wp-content\/uploads\/2011\/07\/DSC01156_01web.jpg\" alt=\"A frente da Associa\u00e7\u00e3o Amigos de Vila Rica, que recebeu pela quinta vez o Cine B\" width=\"384\" height=\"288\" \/><\/a><figcaption id=\"caption-attachment-2290\" class=\"wp-caption-text\">A frente da Associa\u00e7\u00e3o Amigos de Vila Rica, que recebeu pela quinta vez o Cine B<\/figcaption><\/figure>\n<figure id=\"attachment_2287\" aria-describedby=\"caption-attachment-2287\" style=\"width: 384px\" class=\"wp-caption aligncenter\"><a href=\"http:\/\/projetocineb.com.br\/wp-content\/uploads\/2011\/07\/DSC01221_01web.jpg\"><img loading=\"lazy\" decoding=\"async\" class=\"size-full wp-image-2287  \" title=\"Os sortudos deste Cine B, que levaram para casa camisetas do projeto, agendas do Sindicato dos Banc\u00e1rios de S\u00e3o Paulo, Osasco e Regi\u00e3o e livros da exposi\u00e7\u00e3o Corpo Humano\" src=\"http:\/\/projetocineb.com.br\/wp-content\/uploads\/2011\/07\/DSC01221_01web.jpg\" alt=\"Os sortudos deste Cine B, que levaram para casa camisetas do projeto, agendas do Sindicato dos Banc\u00e1rios de S\u00e3o Paulo, Osasco e Regi\u00e3o e livros da exposi\u00e7\u00e3o Corpo Humano\" width=\"384\" height=\"251\" \/><\/a><figcaption id=\"caption-attachment-2287\" class=\"wp-caption-text\">Os sortudos deste Cine B, que levaram para casa camisetas do projeto, agendas do Sindicato dos Banc\u00e1rios de S\u00e3o Paulo, Osasco e Regi\u00e3o e livros da exposi\u00e7\u00e3o Corpo Humano<\/figcaption><\/figure>\n","protected":false},"excerpt":{"rendered":"<p>Pela quinta vez o Cine B chega em Vila Rica, bairro da zona leste de S\u00e3o Paulo, na Associa\u00e7\u00e3o Amigos[&#8230;]<\/p>\n","protected":false},"author":2,"featured_media":0,"comment_status":"open","ping_status":"open","sticky":false,"template":"","format":"standard","meta":[],"categories":[2],"tags":[154,242,263,266,1132,1229,1247],"_links":{"self":[{"href":"https:\/\/projetocineb.com.br\/index.php?rest_route=\/wp\/v2\/posts\/2286"}],"collection":[{"href":"https:\/\/projetocineb.com.br\/index.php?rest_route=\/wp\/v2\/posts"}],"about":[{"href":"https:\/\/projetocineb.com.br\/index.php?rest_route=\/wp\/v2\/types\/post"}],"author":[{"embeddable":true,"href":"https:\/\/projetocineb.com.br\/index.php?rest_route=\/wp\/v2\/users\/2"}],"replies":[{"embeddable":true,"href":"https:\/\/projetocineb.com.br\/index.php?rest_route=%2Fwp%2Fv2%2Fcomments&post=2286"}],"version-history":[{"count":0,"href":"https:\/\/projetocineb.com.br\/index.php?rest_route=\/wp\/v2\/posts\/2286\/revisions"}],"wp:attachment":[{"href":"https:\/\/projetocineb.com.br\/index.php?rest_route=%2Fwp%2Fv2%2Fmedia&parent=2286"}],"wp:term":[{"taxonomy":"category","embeddable":true,"href":"https:\/\/projetocineb.com.br\/index.php?rest_route=%2Fwp%2Fv2%2Fcategories&post=2286"},{"taxonomy":"post_tag","embeddable":true,"href":"https:\/\/projetocineb.com.br\/index.php?rest_route=%2Fwp%2Fv2%2Ftags&post=2286"}],"curies":[{"name":"wp","href":"https:\/\/api.w.org\/{rel}","templated":true}]}}