{"id":2305,"date":"2011-07-07T12:28:07","date_gmt":"2011-07-07T15:28:07","guid":{"rendered":"http:\/\/projetocineb.com.br\/?p=2305"},"modified":"2011-07-07T12:28:07","modified_gmt":"2011-07-07T15:28:07","slug":"cine-b-no-arraia-da-lapa","status":"publish","type":"post","link":"https:\/\/projetocineb.com.br\/?p=2305","title":{"rendered":"CINE B NO ARRAI\u00c1 DA LAPA"},"content":{"rendered":"<p>O <span style=\"color: #ff6600;\">12\u00ba Arrai\u00e1 da Lapa acontecer\u00e1 neste s\u00e1bado (09\/07) e domingo (10\/07), no Clube Escola Pelez\u00e3o, das 10h \u00e0s 22h<\/span>. O evento contar\u00e1 com shows musicais, dan\u00e7as e brincadeiras e\u00a0 <span style=\"color: #ff6600;\">uma\u00a0 barraca com\u00a0 informa\u00e7\u00f5es sobre o Cine B, onde estar\u00e3o expostas fotos\u00a0 das\u00a0 sess\u00f5es\u00a0 que\u00a0\u00a0 realizamos\u00a0 na\u00a0 zona oeste<\/span>. Tamb\u00e9m <span style=\"color: #ff6600;\">ser\u00e3o distribu\u00eddos os convites da pr\u00f3xima exibi\u00e7\u00e3o<\/span>, que ser\u00e1 realizada dia 16 de julho no pr\u00f3prio bairro, e o jornal do Cine B. Al\u00e9m disso acontecer\u00e3o <span style=\"color: #ff6600;\">sorteios\u00a0 de camisetas do projeto<\/span>.<\/p>\n<p><strong>O Clube Escola Pelez\u00e3o fica na <span style=\"color: #ff6600;\">rua Belmonte, 857, no bairro da Lapa<\/span>.<\/strong><\/p>\n<p><strong><span style=\"color: #ff6600;\">A entrada \u00e9 um kilo de alimento N\u00c3O perec\u00edvel ou um agasalho.<\/span><\/strong><\/p>\n<figure id=\"attachment_2306\" aria-describedby=\"caption-attachment-2306\" style=\"width: 384px\" class=\"wp-caption aligncenter\"><a href=\"http:\/\/projetocineb.com.br\/wp-content\/uploads\/2011\/07\/DSC00829_01web.jpg\"><img fetchpriority=\"high\" decoding=\"async\" class=\"size-full wp-image-2306  \" title=\"Cena do filme O contador de Hist\u00f3rias, de Luiz Villa\u00e7a\" src=\"http:\/\/projetocineb.com.br\/wp-content\/uploads\/2011\/07\/DSC00829_01web.jpg\" alt=\"Cena do filme O contador de Hist\u00f3rias, de Luiz Villa\u00e7a\" width=\"384\" height=\"288\" \/><\/a><figcaption id=\"caption-attachment-2306\" class=\"wp-caption-text\">Cena do filme O contador de Hist\u00f3rias, de Luiz Villa\u00e7a<\/figcaption><\/figure>\n<p>A <span style=\"color: #ff6600;\">exibi\u00e7\u00e3o do dia 16, em Vila Leopoldina, contar\u00e1 com a presen\u00e7a do diretor Luiz Villa\u00e7a<\/span>, que far\u00e1 um bate-papo com o publico presente. <span style=\"color: #ff6600;\">Villa\u00e7a \u00e9 diretor do filme <em>O contador de hist\u00f3rias<\/em>, em cartaz na programa\u00e7\u00e3o de junho e julho do Cine B, e o qual j\u00e1 foi assistido por mais de 500 espectadores do projeto.<\/span> N\u00e3o perca!<\/p>\n<p><strong>VILA LEOPOLDINA<\/strong><\/p>\n<p><span style=\"color: #ff6600;\">DIA: 16, JULHO, S\u00c1BADO, 19h<\/span><\/p>\n<p><span style=\"color: #ff6600;\">LOCAL: SAL\u00c3O DA IGREJA NOSSA SENHORA DE LOURDES<\/span><\/p>\n<p>ENDERE\u00c7O: Rua Brentano, 437, Vila Hamburguesa (Travessa da rua Paulo Franco)<\/p>\n<p><span style=\"color: #ff6600;\">RETIRADA DE INGRESSOS: na secretaria da Igreja, falar com Bernadete<\/span><\/p>\n<p>Telefone: 11 3834-4807<\/p>\n<p>Espa\u00e7o com capacidade para 300 pessoas<\/p>\n","protected":false},"excerpt":{"rendered":"<p>O 12\u00ba Arrai\u00e1 da Lapa acontecer\u00e1 neste s\u00e1bado (09\/07) e domingo (10\/07), no Clube Escola Pelez\u00e3o, das 10h \u00e0s 22h.[&#8230;]<\/p>\n","protected":false},"author":2,"featured_media":0,"comment_status":"open","ping_status":"open","sticky":false,"template":"","format":"standard","meta":[],"categories":[10],"tags":[94,154,242,263,266,296,762,860,1132,1250],"_links":{"self":[{"href":"https:\/\/projetocineb.com.br\/index.php?rest_route=\/wp\/v2\/posts\/2305"}],"collection":[{"href":"https:\/\/projetocineb.com.br\/index.php?rest_route=\/wp\/v2\/posts"}],"about":[{"href":"https:\/\/projetocineb.com.br\/index.php?rest_route=\/wp\/v2\/types\/post"}],"author":[{"embeddable":true,"href":"https:\/\/projetocineb.com.br\/index.php?rest_route=\/wp\/v2\/users\/2"}],"replies":[{"embeddable":true,"href":"https:\/\/projetocineb.com.br\/index.php?rest_route=%2Fwp%2Fv2%2Fcomments&post=2305"}],"version-history":[{"count":0,"href":"https:\/\/projetocineb.com.br\/index.php?rest_route=\/wp\/v2\/posts\/2305\/revisions"}],"wp:attachment":[{"href":"https:\/\/projetocineb.com.br\/index.php?rest_route=%2Fwp%2Fv2%2Fmedia&parent=2305"}],"wp:term":[{"taxonomy":"category","embeddable":true,"href":"https:\/\/projetocineb.com.br\/index.php?rest_route=%2Fwp%2Fv2%2Fcategories&post=2305"},{"taxonomy":"post_tag","embeddable":true,"href":"https:\/\/projetocineb.com.br\/index.php?rest_route=%2Fwp%2Fv2%2Ftags&post=2305"}],"curies":[{"name":"wp","href":"https:\/\/api.w.org\/{rel}","templated":true}]}}