{"id":2311,"date":"2011-07-12T10:11:52","date_gmt":"2011-07-12T13:11:52","guid":{"rendered":"http:\/\/projetocineb.com.br\/?p=2311"},"modified":"2011-07-12T10:11:52","modified_gmt":"2011-07-12T13:11:52","slug":"sucesso-do-cine-b-no-arraia-da-lapa","status":"publish","type":"post","link":"https:\/\/projetocineb.com.br\/?p=2311","title":{"rendered":"SUCESSO DO CINE B NO ARRAI\u00c1 DA LAPA"},"content":{"rendered":"<p>A barraca do <span style=\"color: #ff6600;\">Cine B no Arrai\u00e1 da Lapa teve reserva de mais d 200 ingressos para a pr\u00f3xima exibi\u00e7\u00e3o que acontecer\u00e1 em Vila Leopoldina, no dia 16 de julho, com presen\u00e7a do cineasta Luiz Villa\u00e7a.<\/span> Os convites foram enviados diretamente para a resid\u00eancia dos interessados. Al\u00e9m disso, um cadastro foi feito com os participantes para que fiquem sabendo de nossas pr\u00f3ximas exibi\u00e7\u00f5es e pr\u00e9-estreias exclusivas!<\/p>\n<figure id=\"attachment_2312\" aria-describedby=\"caption-attachment-2312\" style=\"width: 384px\" class=\"wp-caption aligncenter\"><a href=\"http:\/\/projetocineb.com.br\/wp-content\/uploads\/2011\/07\/CINEB-ARRAIAweb.jpg\"><img fetchpriority=\"high\" decoding=\"async\" class=\"size-full wp-image-2312  \" title=\"Deputado Luiz Cl\u00e1udio Marcolino em entrevista na frente da barraca do Cine B montada no Pelez\u00e3o nos dias 9 e 10 de julho\" src=\"http:\/\/projetocineb.com.br\/wp-content\/uploads\/2011\/07\/CINEB-ARRAIAweb.jpg\" alt=\"Deputado Luiz Cl\u00e1udio Marcolino em entrevista na frente da barraca do Cine B montada no Pelez\u00e3o nos dias 9 e 10 de julho\" width=\"384\" height=\"288\" \/><\/a><figcaption id=\"caption-attachment-2312\" class=\"wp-caption-text\">Deputado Luiz Cl\u00e1udio Marcolino em entrevista para TV do Bairro - Tudo Oeste, na frente da barraca do Cine B montada no Pelez\u00e3o nos dias 9 e 10 de julho<\/figcaption><\/figure>\n<p><span style=\"color: #ff6600;\">Vale ressaltar tamb\u00e9m a ilustre presen\u00e7a do deputado estadual Luiz Cl\u00e1udio Marcolino, que anos atr\u00e1s, quando era presidente do Sindicato dos Banc\u00e1rios, idealizou o Cine B junto \u00e0 Brazucah Produ\u00e7\u00f5es.<\/span><\/p>\n<p><span style=\"color: #ff6600;\">&#8220;Agradecemos a presen\u00e7a de todos em nossa barraca, pois \u00e9 muito bom ver que o projeto \u00e9 bem aceito pelas pessoas, mesmo aqueles que nunca foram em nossas exibi\u00e7\u00f5es, mas percebem a seriedade deste projeto que leva o cinema brasileiro a todos os cantos poss\u00edveis&#8221;, diz Cid\u00e1lio Vieira Santos, coordenador do Cine B.<\/span><\/p>\n","protected":false},"excerpt":{"rendered":"<p>A barraca do Cine B no Arrai\u00e1 da Lapa teve reserva de mais d 200 ingressos para a pr\u00f3xima exibi\u00e7\u00e3o[&#8230;]<\/p>\n","protected":false},"author":2,"featured_media":0,"comment_status":"open","ping_status":"open","sticky":false,"template":"","format":"standard","meta":[],"categories":[7],"tags":[154,242,263,760,762,1095,1132,1172,1250],"_links":{"self":[{"href":"https:\/\/projetocineb.com.br\/index.php?rest_route=\/wp\/v2\/posts\/2311"}],"collection":[{"href":"https:\/\/projetocineb.com.br\/index.php?rest_route=\/wp\/v2\/posts"}],"about":[{"href":"https:\/\/projetocineb.com.br\/index.php?rest_route=\/wp\/v2\/types\/post"}],"author":[{"embeddable":true,"href":"https:\/\/projetocineb.com.br\/index.php?rest_route=\/wp\/v2\/users\/2"}],"replies":[{"embeddable":true,"href":"https:\/\/projetocineb.com.br\/index.php?rest_route=%2Fwp%2Fv2%2Fcomments&post=2311"}],"version-history":[{"count":0,"href":"https:\/\/projetocineb.com.br\/index.php?rest_route=\/wp\/v2\/posts\/2311\/revisions"}],"wp:attachment":[{"href":"https:\/\/projetocineb.com.br\/index.php?rest_route=%2Fwp%2Fv2%2Fmedia&parent=2311"}],"wp:term":[{"taxonomy":"category","embeddable":true,"href":"https:\/\/projetocineb.com.br\/index.php?rest_route=%2Fwp%2Fv2%2Fcategories&post=2311"},{"taxonomy":"post_tag","embeddable":true,"href":"https:\/\/projetocineb.com.br\/index.php?rest_route=%2Fwp%2Fv2%2Ftags&post=2311"}],"curies":[{"name":"wp","href":"https:\/\/api.w.org\/{rel}","templated":true}]}}