{"id":2318,"date":"2011-07-13T11:29:29","date_gmt":"2011-07-13T14:29:29","guid":{"rendered":"http:\/\/projetocineb.com.br\/?p=2318"},"modified":"2011-07-13T11:29:29","modified_gmt":"2011-07-13T14:29:29","slug":"hoje-cine-b-em-encontro-de-cinema-latino-americano","status":"publish","type":"post","link":"https:\/\/projetocineb.com.br\/?p=2318","title":{"rendered":"HOJE CINE B EM ENCONTRO DE CINEMA LATINO AMERICANO"},"content":{"rendered":"<p>O <span style=\"color: #ff6600;\">Projeto CineB participa do II Encontro da Rede de Cinemas Itinerantes da Am\u00e9rica Latina<\/span>. O evento acontece entre os dias 11 e 14 de julho durante o <span style=\"color: #ff6600;\">VI Festival de Cinema Latino Americano, no Memorial da Am\u00e9rica Latina<\/span>. <span style=\"color: #ff6600;\">Criado h\u00e1 quatro anos, o CineB \u00e9 uma parceria entre o Sindicato e a Brazucah Produ\u00e7\u00f5es para levar cinema brasileiro de gra\u00e7a \u00e0 comunidade carente.<\/span><\/p>\n<p><span style=\"color: #ff6600;\"> <\/span><\/p>\n<figure id=\"attachment_2319\" aria-describedby=\"caption-attachment-2319\" style=\"width: 350px\" class=\"wp-caption aligncenter\"><a href=\"http:\/\/projetocineb.com.br\/wp-content\/uploads\/2011\/07\/FEST-LATIN-FOTO.jpg\"><img fetchpriority=\"high\" decoding=\"async\" class=\"size-full wp-image-2319   \" title=\"Exibi\u00e7\u00e3o do Cine B, que neste m\u00eas completa 4 anos de exist\u00eancia\" src=\"http:\/\/projetocineb.com.br\/wp-content\/uploads\/2011\/07\/FEST-LATIN-FOTO.jpg\" alt=\"Exibi\u00e7\u00e3o do Cine B, que neste m\u00eas completa 4 anos de exist\u00eancia\" width=\"350\" height=\"232\" \/><\/a><figcaption id=\"caption-attachment-2319\" class=\"wp-caption-text\">Exibi\u00e7\u00e3o do Cine B, que neste m\u00eas completa 4 anos de exist\u00eancia<\/figcaption><\/figure>\n<p><span style=\"color: #ff6600;\">Como integrante da Rede, o CineB ser\u00e1 o respons\u00e1vel pela sess\u00e3o de filmes de outros pa\u00edses durante o encontro, al\u00e9m de fazer a abertura oficial do evento, com a exibi\u00e7\u00e3o, ao ar livre, do curta-metragem\u00a0<em>Vida Maria<\/em>, \u00e0s 20h desta quarta-feira 13\/07. a entrada \u00e9 livre e\u00a0 todos\u00a0 est\u00e3o\u00a0 convidados!<\/span><\/p>\n<p><span style=\"color: #ff6600;\">Para esta sess\u00e3o teremos a presen\u00e7a da Presidenta do Sindicato dos Banc\u00e1rios,\u00a0Juvandia Moreira.<\/span><\/p>\n<p>O encontro, que re\u00fane profissionais da Am\u00e9rica Latina e da Europa, tem como <span style=\"color: #ff6600;\">objetivo intercambiar as metodologias de trabalho, o desenvolvimento tecnol\u00f3gico e o conte\u00fado audiovisual e pretende tamb\u00e9m fortalecer as atua\u00e7\u00f5es regionais e criar um projeto comum de alcance continental.<\/span><\/p>\n<p>Criada em 2010, a <span style=\"color: #ff6600;\">Rede de Cinemas Itinerantes da Am\u00e9rica Latina<\/span> surgiu como consequ\u00eancia do I Encontro de Cinemas Itinerantes da Am\u00e9rica Latina, realizado no M\u00e9xico, e \u00e9 <span style=\"color: #ff6600;\">constitu\u00edda de 11 projetos provenientes de sete pa\u00edses latino-americanos: Argentina, Brasil, Chile, Col\u00f4mbia, M\u00e9xico, Venezuela e Uruguai<\/span>. Mais informa\u00e7\u00f5es no site da Rede: <a href=\"www.redcineitinerante.org\">www.redcineitinerante.org<\/a>.<\/p>\n<h2><span style=\"color: #008000;\">CURTA VIDA MARIA<\/span><\/h2>\n<p>Maria Jos\u00e9, uma <span style=\"color: #ff6600;\">menina de 5 anos de idade, \u00e9 levada a largar os estudos para trabalhar<\/span>. Enquanto trabalha, ela cresce, casa, tem filhos, envelhece.<\/p>\n<p>Produzido em <span style=\"color: #ff6600;\">computa\u00e7\u00e3o gr\u00e1fica 3D e finalizado em 35mm<\/span>, o curta-metragem mostra personagens e cen\u00e1rios modelados com texturas e cores pesquisadas e capturadas no<span style=\"color: #ff6600;\"> sert\u00e3o cearense, no Nordeste do Brasil, criando uma atmosfera realista e humanizada<\/span>. Vida Maria \u00e9 um projeto <span style=\"color: #ff6600;\">premiado no 3\u00ba Pr\u00eamio de Cinema e V\u00eddeo, realizado pelo Governo do Estado do Cear\u00e1<\/span>.<\/p>\n<figure id=\"attachment_2320\" aria-describedby=\"caption-attachment-2320\" style=\"width: 336px\" class=\"wp-caption aligncenter\"><a href=\"http:\/\/projetocineb.com.br\/wp-content\/uploads\/2011\/07\/vida-maria.jpg\"><img decoding=\"async\" class=\"size-full wp-image-2320 \" title=\"Cena do curta Vida Maria, dirigido por M\u00e1rcio Ramos \" src=\"http:\/\/projetocineb.com.br\/wp-content\/uploads\/2011\/07\/vida-maria.jpg\" alt=\"Cena do curta Vida Maria, dirigido por M\u00e1rcio Ramos\" width=\"336\" height=\"252\" \/><\/a><figcaption id=\"caption-attachment-2320\" class=\"wp-caption-text\">Cena do curta Vida Maria, dirigido por M\u00e1rcio Ramos<\/figcaption><\/figure>\n<h2><span style=\"color: #008000;\">FESTIVAL LATINO<\/span><\/h2>\n<p><span style=\"color: #ff6600;\">O Festival de Cinema Latino Americano est\u00e1 na sexta edi\u00e7\u00e3o e exibir\u00e1 mais de cem filmes, gratuitamente, entre os dias 12 e 17 de julho. Uma das novas atra\u00e7\u00f5es deste ano \u00e9 a se\u00e7\u00e3o <em>Soy loca por ti America<\/em>, que abordar\u00e1 a diversidade sexual e os novos formatos da fam\u00edlia.<\/span><\/p>\n<p>Al\u00e9m das duas salas de proje\u00e7\u00e3o do Audit\u00f3rio Sim\u00f3n Bol\u00edvar, no Memorial, os filmes ser\u00e3o exibidos tamb\u00e9m no Espa\u00e7o Unibanco de Cinema Augusta, Cinesesc, Sala Cinemateca, Cinusp Paulo Em\u00edlio, Centro Cultural de S\u00e3o Paulo (Sala Lima Barreto) e Cine Olido.<\/p>\n","protected":false},"excerpt":{"rendered":"<p>O Projeto CineB participa do II Encontro da Rede de Cinemas Itinerantes da Am\u00e9rica Latina. O evento acontece entre os[&#8230;]<\/p>\n","protected":false},"author":2,"featured_media":0,"comment_status":"open","ping_status":"open","sticky":false,"template":"","format":"standard","meta":[],"categories":[7],"tags":[20,154,242,263,266,354,628,1132,1250],"_links":{"self":[{"href":"https:\/\/projetocineb.com.br\/index.php?rest_route=\/wp\/v2\/posts\/2318"}],"collection":[{"href":"https:\/\/projetocineb.com.br\/index.php?rest_route=\/wp\/v2\/posts"}],"about":[{"href":"https:\/\/projetocineb.com.br\/index.php?rest_route=\/wp\/v2\/types\/post"}],"author":[{"embeddable":true,"href":"https:\/\/projetocineb.com.br\/index.php?rest_route=\/wp\/v2\/users\/2"}],"replies":[{"embeddable":true,"href":"https:\/\/projetocineb.com.br\/index.php?rest_route=%2Fwp%2Fv2%2Fcomments&post=2318"}],"version-history":[{"count":0,"href":"https:\/\/projetocineb.com.br\/index.php?rest_route=\/wp\/v2\/posts\/2318\/revisions"}],"wp:attachment":[{"href":"https:\/\/projetocineb.com.br\/index.php?rest_route=%2Fwp%2Fv2%2Fmedia&parent=2318"}],"wp:term":[{"taxonomy":"category","embeddable":true,"href":"https:\/\/projetocineb.com.br\/index.php?rest_route=%2Fwp%2Fv2%2Fcategories&post=2318"},{"taxonomy":"post_tag","embeddable":true,"href":"https:\/\/projetocineb.com.br\/index.php?rest_route=%2Fwp%2Fv2%2Ftags&post=2318"}],"curies":[{"name":"wp","href":"https:\/\/api.w.org\/{rel}","templated":true}]}}