{"id":2325,"date":"2011-07-15T22:19:08","date_gmt":"2011-07-16T01:19:08","guid":{"rendered":"http:\/\/projetocineb.com.br\/?p=2325"},"modified":"2011-07-15T22:19:08","modified_gmt":"2011-07-16T01:19:08","slug":"vila-leopoldina-recebe-luiz-villaca-no-cine-b","status":"publish","type":"post","link":"https:\/\/projetocineb.com.br\/?p=2325","title":{"rendered":"VILA LEOPOLDINA RECEBE LUIZ VILLA\u00c7A NO CINE B"},"content":{"rendered":"<figure id=\"attachment_2328\" aria-describedby=\"caption-attachment-2328\" style=\"width: 356px\" class=\"wp-caption aligncenter\"><a href=\"http:\/\/projetocineb.com.br\/wp-content\/uploads\/2011\/07\/o-contador-de-historias-02.jpg\"><img fetchpriority=\"high\" decoding=\"async\" class=\"size-full wp-image-2328  \" title=\"Cena do filme O contador de hist\u00f3rias\" src=\"http:\/\/projetocineb.com.br\/wp-content\/uploads\/2011\/07\/o-contador-de-historias-02.jpg\" alt=\"Cena do filme O contador de hist\u00f3rias\" width=\"356\" height=\"238\" \/><\/a><figcaption id=\"caption-attachment-2328\" class=\"wp-caption-text\">Cena do filme O contador de hist\u00f3rias<\/figcaption><\/figure>\n<p><span style=\"color: #ff6600;\">O diretor do filme <em>O contador de Hist\u00f3rias<\/em>, em cartaz na programa\u00e7\u00e3o de junho e julho do Cine B, Luiz Villa\u00e7a, estar\u00e1 presente na sess\u00e3o de amanh\u00e3 para um bate-papo com o p\u00fablico. Esta \u00e9 a s\u00e9tima vez que o Cine B arma seu cinema no bairro.<\/span><\/p>\n<p>A exibi\u00e7\u00e3o acontecer\u00e1 dia <span style=\"color: #ff6600;\">16 de julho de 2011, no sal\u00e3o da Igreja Nossa Senhora de Lourdes, que fica na Rua Brentano, 437<\/span>, Vila Hamburguesa (Travessa da rua Paulo Franco). Os ingressos podem ser retirados antecipadamente na secretaria da Igreja, com Bernadete. <span style=\"color: #ff6600;\">Telefone 11 3834-4807<\/span>.<\/p>\n<p>O filme conta a hist\u00f3ria de Roberto Carlos, um menino pobre de Belo Horizonte que, durante a d\u00e9cada de 70, cresce em uma entidade assistencial para menores ent\u00e3o rec\u00e9m-criada pelo governo. Entre fugas e capturas, ele \u00e9 considerado irrecuper\u00e1vel por seus educadores. A vida do garoto, por\u00e9m, muda quando ele conhece a pedagoga francesa Margherit (Maria de Medeiros, de Pulp Fiction), que vem ao Brasil para realizar uma pesquisa. Juntos, aprendem importantes li\u00e7\u00f5es um com o outro, que mudar\u00e3o as vidas de ambos para sempre<\/p>\n<p>N\u00e3o perca!<\/p>\n","protected":false},"excerpt":{"rendered":"<p>O diretor do filme O contador de Hist\u00f3rias, em cartaz na programa\u00e7\u00e3o de junho e julho do Cine B, Luiz[&#8230;]<\/p>\n","protected":false},"author":2,"featured_media":0,"comment_status":"open","ping_status":"open","sticky":false,"template":"","format":"standard","meta":[],"categories":[10],"tags":[154,242,263,266,762,860,1132,1250],"_links":{"self":[{"href":"https:\/\/projetocineb.com.br\/index.php?rest_route=\/wp\/v2\/posts\/2325"}],"collection":[{"href":"https:\/\/projetocineb.com.br\/index.php?rest_route=\/wp\/v2\/posts"}],"about":[{"href":"https:\/\/projetocineb.com.br\/index.php?rest_route=\/wp\/v2\/types\/post"}],"author":[{"embeddable":true,"href":"https:\/\/projetocineb.com.br\/index.php?rest_route=\/wp\/v2\/users\/2"}],"replies":[{"embeddable":true,"href":"https:\/\/projetocineb.com.br\/index.php?rest_route=%2Fwp%2Fv2%2Fcomments&post=2325"}],"version-history":[{"count":0,"href":"https:\/\/projetocineb.com.br\/index.php?rest_route=\/wp\/v2\/posts\/2325\/revisions"}],"wp:attachment":[{"href":"https:\/\/projetocineb.com.br\/index.php?rest_route=%2Fwp%2Fv2%2Fmedia&parent=2325"}],"wp:term":[{"taxonomy":"category","embeddable":true,"href":"https:\/\/projetocineb.com.br\/index.php?rest_route=%2Fwp%2Fv2%2Fcategories&post=2325"},{"taxonomy":"post_tag","embeddable":true,"href":"https:\/\/projetocineb.com.br\/index.php?rest_route=%2Fwp%2Fv2%2Ftags&post=2325"}],"curies":[{"name":"wp","href":"https:\/\/api.w.org\/{rel}","templated":true}]}}