{"id":2331,"date":"2011-07-15T20:24:35","date_gmt":"2011-07-15T23:24:35","guid":{"rendered":"http:\/\/projetocineb.com.br\/?p=2331"},"modified":"2011-07-15T20:24:35","modified_gmt":"2011-07-15T23:24:35","slug":"2331","status":"publish","type":"post","link":"https:\/\/projetocineb.com.br\/?p=2331","title":{"rendered":"2\u00ba ENCONTRO DE CINES ITINERANTES"},"content":{"rendered":"<p><em><strong><span style=\"color: #ff6600;\">\u00a1Cine B ahora es internacional!<\/span><\/strong><\/em><\/p>\n<p><em> <\/em><\/p>\n<figure id=\"attachment_2333\" aria-describedby=\"caption-attachment-2333\" style=\"width: 384px\" class=\"wp-caption aligncenter\"><em><a href=\"http:\/\/projetocineb.com.br\/wp-content\/uploads\/2011\/07\/DSC01222_01web.jpg\"><img fetchpriority=\"high\" decoding=\"async\" class=\"size-full wp-image-2333  \" title=\"Todos os integrantes da Rede de Cinemas Itinerantes Latino Americanos posam para uma foto\" src=\"http:\/\/projetocineb.com.br\/wp-content\/uploads\/2011\/07\/DSC01222_01web.jpg\" alt=\"Todos os integrantes da Rede de Cinemas Itinerantes Latino Americanos posam para uma foto\" width=\"384\" height=\"288\" \/><\/a><\/em><figcaption id=\"caption-attachment-2333\" class=\"wp-caption-text\">Todos os integrantes da Rede de Cinemas Itinerantes Latino Americanos posam para foto na abertura da exibi\u00e7\u00e3o<\/figcaption><\/figure>\n<p><em><br \/>\n<\/em><\/p>\n<p><em> <\/em><span style=\"color: #ff6600;\">O projeto faz parte da Rede de Cinemas Latino Americanos<\/span>, que desde 2010 foi criado, no M\u00e9xico, com o intuito de promover a troca de id\u00e9ias entre os diversos projetos de cinemas itinerantes da Am\u00e9rica Latina. <span style=\"color: #ff6600;\">A Rede \u00e9 composta por cinemas da Argentina, Brasil, Chile, Col\u00f4mbia, M\u00e9xico, Venezuela, Uruguai e Holanda, este \u00faltimo como pa\u00eds convidado da Europa.<\/span><\/p>\n<p><span style=\"color: #ff6600;\">\u201c3 milh\u00f5es de pessoas j\u00e1 tiveram o prazer de assistir filmes atrav\u00e9s de nossos projetos\u201d, diz Julia Motta, representante da Rede, durante abertura da exibi\u00e7\u00e3o ao ar livre, promovido pela Rede, durante o 2\u00ba Encontro de Cinemas Latino Americanos, no 6\u00ba Festival de Cinema Latino Americano de S\u00e3o Paulo<\/span>. \u201cS\u00e3o projetos que valorizam nossa cultura e facilitam o acesso das pessoas ao cinema\u201d, diz.<\/p>\n<p>Para o secret\u00e1rio de imprensa do Sindicato dos Banc\u00e1rios de S\u00e3o Paulo, Osasco e Regi\u00e3o, Ernesto Shuji Izumi, a participa\u00e7\u00e3o do Cine B em um evento como este traz satisfa\u00e7\u00e3o \u00e0 institui\u00e7\u00e3o.<span style=\"color: #ff6600;\"> \u201cA sociedade dos banc\u00e1rios n\u00e3o vive isolada, ent\u00e3o para o Sindicato, n\u00e3o adianta apenas defender a classe banc\u00e1ria, \u00e9 preciso valorizar a comunidade que est\u00e3o inseridos\u201d, diz Ernesto. \u201cO Brasil vive um bom per\u00edodo econ\u00f4mico, mas ainda prevalecem problemas culturais e sociais que precisam ser solucionados\u201d. <span style=\"color: #000000;\">Tamb\u00e9m estiveram presentes nesta exibi\u00e7\u00e3o o dirigente da Contraf (Confedera\u00e7\u00e3o Nacional dos Trabalhadores do Ramo Financeiro), Maikon Azzi e a diretora da Fetec (Federa\u00e7\u00e3o dos Banc\u00e1rios da CUT)\/CUT-SP, Andr\u00e9a Aniela.<\/span><\/span><\/p>\n<p><span style=\"color: #ff6600;\"> <\/span><\/p>\n<figure id=\"attachment_2338\" aria-describedby=\"caption-attachment-2338\" style=\"width: 384px\" class=\"wp-caption aligncenter\"><a href=\"http:\/\/projetocineb.com.br\/wp-content\/uploads\/2011\/07\/DSC01239_01web.jpg\"><img decoding=\"async\" class=\"size-full wp-image-2338  \" title=\"O secret\u00e1rio de imprensa do Sindicato, Ernesto na abertura do evento\" src=\"http:\/\/projetocineb.com.br\/wp-content\/uploads\/2011\/07\/DSC01239_01web.jpg\" alt=\"O secret\u00e1rio de imprensa do Sindicato, Ernesto na abertura do evento\" width=\"384\" height=\"399\" \/><\/a><figcaption id=\"caption-attachment-2338\" class=\"wp-caption-text\">O secret\u00e1rio de imprensa do Sindicato, Ernesto Shuji Izumi na abertura do evento<\/figcaption><\/figure>\n<p>N\u00e3o s\u00f3 o Brasil sofre outros problemas, entre eles culturais. <span style=\"color: #ff6600;\">\u201cEm qualquer lugar h\u00e1 pessoas que nunca foram ao cinema, em pequenos vilarejos ou cidades com caracter\u00edsticas mais rurais, encontramos muitos que nunca assistiram a um filme na tela grande\u201d, diz a holandesa Maarti Pieesma, do projeto itinerante Solar World, que exibe filmes utilizando energia captada pela luz solar.<\/span> \u201cPor isso \u00e9 t\u00e3o bom um encontro como esse, em que temos contato com outras pessoas que tem o mesmo objetivo que n\u00f3s\u201d. O projeto exibe filmes com tem\u00e1tica de meio-ambiente e sociais, sempre com bom humor.<\/p>\n<p>\u201cNeste encontro podemos encontrar solu\u00e7\u00f5es para financiamentos para continuarmos a difundir os filmes independentes, problemas que temos em comum e solu\u00e7\u00f5es que cada um de n\u00f3s consegui de forma diferente\u201d, diz a argentina Griselda Moreno do Cine a la Intemperie.<span style=\"color: #ff6600;\"> \u201cNo come\u00e7o de nosso projeto, eu e minha s\u00f3cia Vivianna Garcia, tivemos de vender um monte de coisas em casa para conseguir viabilizar nosso cinema, o mais dif\u00edcil \u00e9 mesmo o come\u00e7o\u201d.<\/span><\/p>\n<p><span style=\"color: #ff6600;\"> <\/span><\/p>\n<figure id=\"attachment_2375\" aria-describedby=\"caption-attachment-2375\" style=\"width: 384px\" class=\"wp-caption aligncenter\"><a href=\"http:\/\/projetocineb.com.br\/wp-content\/uploads\/2011\/07\/MAU_3813web.jpg\"><img decoding=\"async\" class=\"size-full wp-image-2375  \" title=\"Cynthia Alario e Cid\u00e1lio Vieira Santos da Brazucah Produ\u00e7\u00f5es\" src=\"http:\/\/projetocineb.com.br\/wp-content\/uploads\/2011\/07\/MAU_3813web.jpg\" alt=\"Cynthia Alario e Cid\u00e1lio Vieira Santos da Brazucah Produ\u00e7\u00f5es\" width=\"384\" height=\"255\" \/><\/a><figcaption id=\"caption-attachment-2375\" class=\"wp-caption-text\">Cynthia Alario e Cid\u00e1lio Vieira Santos da Brazucah Produ\u00e7\u00f5es<\/figcaption><\/figure>\n<p><span style=\"color: #ff6600;\">A paraguaia Erika Meza que tamb\u00e9m coordena um cinema itinerante em seu pa\u00eds com a tem\u00e1tica de filmes infantis, ainda hoje financia o projeto com seu pr\u00f3prio bolso . \u201cCom meu cargo no Minist\u00e9rio da Defesa, tento sempre conseguir financiamento, mas desde 1999, quando comecei com Javier Lopes, pagamos as despesas das exibi\u00e7\u00f5es\u201d<\/span>, diz Erika. \u201cA solu\u00e7\u00e3o para trabalhar com pouco dinheiro \u00e9 ir at\u00e9 as embaixadas e pedir os direitos de exibi\u00e7\u00f5es dos filmes gratuitos\u201d. Segundo ela, nunca haviam exibido nenhum filme brasileiro no projeto, mas agora, atrav\u00e9s do Cine B, ela levar\u00e1 7 curtas-metragens. O projeto paraguaio exibe apenas filmes direcionados ao publico infantil.<\/p>\n<figure id=\"attachment_2337\" aria-describedby=\"caption-attachment-2337\" style=\"width: 384px\" class=\"wp-caption aligncenter\"><a href=\"http:\/\/projetocineb.com.br\/wp-content\/uploads\/2011\/07\/DSC01236_01web.jpg\"><img loading=\"lazy\" decoding=\"async\" class=\"size-full wp-image-2337  \" title=\"\u201cQuem se interessa pelo cinema, enquanto cultura e arte, um encontro como esse \u00e9 importante e por isso \u00e9 uma grande satisfa\u00e7\u00e3o receb\u00ea-lo no Festival\u201d, diz Francisco C\u00e9sar Filho, diretor do Festival Latino Americano.\" src=\"http:\/\/projetocineb.com.br\/wp-content\/uploads\/2011\/07\/DSC01236_01web.jpg\" alt=\"\u201cQuem se interessa pelo cinema, enquanto cultura e arte, um encontro como esse \u00e9 importante e por isso \u00e9 uma grande satisfa\u00e7\u00e3o receb\u00ea-lo no Festival\u201d, diz Francisco C\u00e9sar Filho, diretor do Festival Latino Americano.\" width=\"384\" height=\"323\" \/><\/a><figcaption id=\"caption-attachment-2337\" class=\"wp-caption-text\">\u201cQuem se interessa pelo cinema, enquanto cultura e arte, um encontro como esse \u00e9 importante e por isso \u00e9 uma grande satisfa\u00e7\u00e3o receb\u00ea-lo no Festival\u201d, diz Francisco C\u00e9sar Filho, diretor do Festival Latino Americano.<\/figcaption><\/figure>\n<p>\u201cEm nossos pa\u00edses, n\u00e3o h\u00e1 prote\u00e7\u00e3o alguma do cinema nacional e isso que importa \u00e0 Rede, promover os filmes produzidos fora dos grandes circuitos comerciais\u201d, diz o mexicano Ricardo Del Conde, coordenador do projeto La Carreta Cine Mobil. \u201cQue adianta fazer filmes se ningu\u00e9m os assiste?\u201d<\/p>\n<h2><span style=\"color: #008000;\">CLICKS<\/span><\/h2>\n<figure id=\"attachment_2332\" aria-describedby=\"caption-attachment-2332\" style=\"width: 384px\" class=\"wp-caption aligncenter\"><a href=\"http:\/\/projetocineb.com.br\/wp-content\/uploads\/2011\/07\/DSC01272_01web.jpg\"><img loading=\"lazy\" decoding=\"async\" class=\"size-full wp-image-2332  \" title=\"Cena do curta-metragem brasileiro Vida Maria, exibido pelo Cine B no evento\" src=\"http:\/\/projetocineb.com.br\/wp-content\/uploads\/2011\/07\/DSC01272_01web.jpg\" alt=\"Cena do curta-metragem brasileiro Vida Maria, exibido pelo Cine B no evento\" width=\"384\" height=\"288\" \/><\/a><figcaption id=\"caption-attachment-2332\" class=\"wp-caption-text\">Cena do curta-metragem brasileiro Vida Maria, de M\u00e1rcio Ramos, exibido pelo Cine B no evento<\/figcaption><\/figure>\n<figure id=\"attachment_2334\" aria-describedby=\"caption-attachment-2334\" style=\"width: 384px\" class=\"wp-caption aligncenter\"><a href=\"http:\/\/projetocineb.com.br\/wp-content\/uploads\/2011\/07\/DSC01225_01web.jpg\"><img loading=\"lazy\" decoding=\"async\" class=\"size-full wp-image-2334  \" title=\"Dessa vez Seu Ant\u00f4nio Nascimento serviu sua pipoca para um p\u00fablico internacional\" src=\"http:\/\/projetocineb.com.br\/wp-content\/uploads\/2011\/07\/DSC01225_01web.jpg\" alt=\"Dessa vez Seu Ant\u00f4nio Nascimento serviu sua pipoca para um p\u00fablico internacional\" width=\"384\" height=\"318\" \/><\/a><figcaption id=\"caption-attachment-2334\" class=\"wp-caption-text\">Dessa vez Seu Ant\u00f4nio Nascimento, pipoqueiro oficial do Cine B, serviu sua pipoca para um p\u00fablico internacional<\/figcaption><\/figure>\n<figure id=\"attachment_2336\" aria-describedby=\"caption-attachment-2336\" style=\"width: 384px\" class=\"wp-caption aligncenter\"><a href=\"http:\/\/projetocineb.com.br\/wp-content\/uploads\/2011\/07\/DSC01231_01web.jpg\"><img loading=\"lazy\" decoding=\"async\" class=\"size-full wp-image-2336  \" title=\"Os alunos da Universidade S\u00e3o Judas, Carol Matos do curso de publicidade e Agente Brazucah, e Diego Soares, Henrique Riganti e Vitor Lopes do curso de R\u00e1dio TV\" src=\"http:\/\/projetocineb.com.br\/wp-content\/uploads\/2011\/07\/DSC01231_01web.jpg\" alt=\"Os alunos da Universidade S\u00e3o Judas, Carol Matos do curso de publicidade e Agente Brazucah, e Diego Soares, Henrique Riganti e Vitor Lopes do curso de R\u00e1dio TV\" width=\"384\" height=\"286\" \/><\/a><figcaption id=\"caption-attachment-2336\" class=\"wp-caption-text\">Os alunos da Universidade S\u00e3o Judas, Carol Matos do curso de publicidade e Agente Brazucah, e Diego Soares, Henrique Riganti e Vitor Lopes do curso de R\u00e1dio TV<\/figcaption><\/figure>\n<figure id=\"attachment_2335\" aria-describedby=\"caption-attachment-2335\" style=\"width: 384px\" class=\"wp-caption aligncenter\"><a href=\"http:\/\/projetocineb.com.br\/wp-content\/uploads\/2011\/07\/DSC01229_01web.jpg\"><img loading=\"lazy\" decoding=\"async\" class=\"size-full wp-image-2335  \" title=\"Henrique Rodriguez e Carla Monteiro, coordenadores do Cine Galp\u00e3o\" src=\"http:\/\/projetocineb.com.br\/wp-content\/uploads\/2011\/07\/DSC01229_01web.jpg\" alt=\"Henrique Rodriguez e Carla Monteiro, coordenadores do Cine Galp\u00e3o\" width=\"384\" height=\"314\" \/><\/a><figcaption id=\"caption-attachment-2335\" class=\"wp-caption-text\">&quot;Muito importante um festival como este abrir espa\u00e7o para os filmes independentes, que s\u00e3o feito com muita luta e demoram anos para ficar prontos&quot;, diz Henrique Rodriguez e Carla Monteiro, coordenadores do Cine Galp\u00e3o, que ministra oficinas para pessoas que desejam produzir conte\u00fado audiovisual de forma independente<\/figcaption><\/figure>\n<figure id=\"attachment_2340\" aria-describedby=\"caption-attachment-2340\" style=\"width: 384px\" class=\"wp-caption aligncenter\"><a href=\"http:\/\/projetocineb.com.br\/wp-content\/uploads\/2011\/07\/DSC01250_01web.jpg\"><img loading=\"lazy\" decoding=\"async\" class=\"size-full wp-image-2340  \" title=\"Julia Motta, representante da Rede faz abertura da exibi\u00e7\u00e3o ao ar livre no Memorial da Am\u00e9rica Latina\" src=\"http:\/\/projetocineb.com.br\/wp-content\/uploads\/2011\/07\/DSC01250_01web.jpg\" alt=\"Julia Motta, representante da Rede faz abertura da exibi\u00e7\u00e3o ao ar livre no Memorial da Am\u00e9rica Latina\" width=\"384\" height=\"358\" \/><\/a><figcaption id=\"caption-attachment-2340\" class=\"wp-caption-text\">Julia Motta, representante da Rede faz abertura da exibi\u00e7\u00e3o ao ar livre no Memorial da Am\u00e9rica Latina<\/figcaption><\/figure>\n<figure id=\"attachment_2339\" aria-describedby=\"caption-attachment-2339\" style=\"width: 384px\" class=\"wp-caption aligncenter\"><a href=\"http:\/\/projetocineb.com.br\/wp-content\/uploads\/2011\/07\/DSC01241_01web.jpg\"><img loading=\"lazy\" decoding=\"async\" class=\"size-full wp-image-2339  \" title=\"Exibi\u00e7\u00e3o ao ar livre numa noite perfeita, j\u00e1 que o clima de S\u00e3o Paulo estava quente, apesar de ser inverno\" src=\"http:\/\/projetocineb.com.br\/wp-content\/uploads\/2011\/07\/DSC01241_01web.jpg\" alt=\"Exibi\u00e7\u00e3o ao ar livre numa noite perfeita, j\u00e1 que o clima de S\u00e3o Paulo estava quente, apesar de ser inverno\" width=\"384\" height=\"288\" \/><\/a><figcaption id=\"caption-attachment-2339\" class=\"wp-caption-text\">Exibi\u00e7\u00e3o ao ar livre numa noite perfeita, j\u00e1 que o clima de S\u00e3o Paulo estava quente, apesar de ser inverno<\/figcaption><\/figure>\n<p><span style=\"color: #008000;\"><br \/>\n<\/span><\/p>\n","protected":false},"excerpt":{"rendered":"<p>\u00a1Cine B ahora es internacional! O projeto faz parte da Rede de Cinemas Latino Americanos, que desde 2010 foi criado,[&#8230;]<\/p>\n","protected":false},"author":2,"featured_media":0,"comment_status":"open","ping_status":"open","sticky":false,"template":"","format":"standard","meta":[],"categories":[2],"tags":[22,154,242,263,275,354,811,1095,1132,1250],"_links":{"self":[{"href":"https:\/\/projetocineb.com.br\/index.php?rest_route=\/wp\/v2\/posts\/2331"}],"collection":[{"href":"https:\/\/projetocineb.com.br\/index.php?rest_route=\/wp\/v2\/posts"}],"about":[{"href":"https:\/\/projetocineb.com.br\/index.php?rest_route=\/wp\/v2\/types\/post"}],"author":[{"embeddable":true,"href":"https:\/\/projetocineb.com.br\/index.php?rest_route=\/wp\/v2\/users\/2"}],"replies":[{"embeddable":true,"href":"https:\/\/projetocineb.com.br\/index.php?rest_route=%2Fwp%2Fv2%2Fcomments&post=2331"}],"version-history":[{"count":0,"href":"https:\/\/projetocineb.com.br\/index.php?rest_route=\/wp\/v2\/posts\/2331\/revisions"}],"wp:attachment":[{"href":"https:\/\/projetocineb.com.br\/index.php?rest_route=%2Fwp%2Fv2%2Fmedia&parent=2331"}],"wp:term":[{"taxonomy":"category","embeddable":true,"href":"https:\/\/projetocineb.com.br\/index.php?rest_route=%2Fwp%2Fv2%2Fcategories&post=2331"},{"taxonomy":"post_tag","embeddable":true,"href":"https:\/\/projetocineb.com.br\/index.php?rest_route=%2Fwp%2Fv2%2Ftags&post=2331"}],"curies":[{"name":"wp","href":"https:\/\/api.w.org\/{rel}","templated":true}]}}